{"id":14407,"date":"2021-06-11T16:51:18","date_gmt":"2021-06-11T14:51:18","guid":{"rendered":"https:\/\/www.turismoaguarda.es\/?p=14407"},"modified":"2021-06-11T16:51:27","modified_gmt":"2021-06-11T14:51:27","slug":"el-monte-trega-inicia-las-visitas-regulares-guiadas","status":"publish","type":"post","link":"https:\/\/www.turismoaguarda.es\/en\/el-monte-trega-inicia-las-visitas-regulares-guiadas\/","title":{"rendered":"El Monte Trega inicia las visitas regulares guiadas"},"content":{"rendered":"<p>El pr\u00f3ximo jueves d\u00eda 17 de junio arrancan en A Guarda las visitas regulares guiadas al Monte Santa Trega, unas visitas que tendr\u00e1n lugar los jueves, viernes, s\u00e1bados y domingos hasta el 12 de septiembre.<br \/>\nLas visitas guiadas al Monte Santa Trega cuentan este a\u00f1o con tres espacios emblem\u00e1ticos, como son el entorno de la ermita, el Castro de Calvo y el Castro del barrio de Mergelina, donde han realizado importantes tareas de re-excavaci\u00f3n y consolidaci\u00f3n para su puesta en valor.<br \/>\nEl objetivo de estas visitas es poder realizar una visita completa de las maravillas que contiene el Trega, ya que contar con un gu\u00eda oficial permitir\u00e1 una interpretaci\u00f3n del yacimiento y del patrimonio religioso.<br \/>\nPara participar en las visitas guiadas es necesario una inscripci\u00f3n previa en el tel\u00e9fono 690017038. La organizaci\u00f3n de las visitas en grupos reducidos permite una mayor comprensi\u00f3n y disfrute por parte de los participantes en las mismas. El punto de encuentro y de salida de estas visitas ser\u00e1 en el aparcamiento de la antigua Casa Forestal(<a href=\"http:\/\/ow.ly\/b5qb50F8iA0\">http:\/\/ow.ly\/b5qb50F8iA0<\/a>).<br \/>\nDurante la fase de excavaci\u00f3n del barrio Mergelina se constat\u00f3 que el castro fue ocupado antes de lo que se pensaba, desde el siglo IV a.C. Tambi\u00e9n se sac\u00f3 a la luz 43 nuevas estructuras arquitect\u00f3nicas que componen 11 unidades familiares y hasta 43.833 piezas, que formar\u00e1n parte del pr\u00f3ximo proyecto de musealizaci\u00f3n.<br \/>\nDestaca tambi\u00e9n la reciente intervenci\u00f3n en el concheiro, que se encuentra al lado de la puerta Sur de entrada al castro del Monte Trega, y que constitu\u00eda una especie de vertedero para sus habitantes. A d\u00eda de hoy, es una fuente de informaci\u00f3n incalculable pues a trav\u00e9s do su estudio podemos conocer numerosos aspectos de la vida cotidiana de las personas que vivieron en el castro.<br \/>\nAdem\u00e1s A Guarda trabaja en el proyecto \u201cTrega 2020+5\u201d para desenvolver el potencial patrimonial, social, cultural y cient\u00edfico del castro do Trega a trav\u00e9s de una actuaci\u00f3n integral. As\u00ed este proyecto se desenvuelve en torno a tres ejes, recuperar y consolidar los sectores del castro excavados entre 1910 y 1930, mantener de forma sostenida en el tiempo el conjunto de las estructuras excavadas en el castro y expuestas al p\u00fablico e investigar y profundizar en el conocimiento arqueol\u00f3gico del castro con la finalidad de crear contenidos destinados a la divulgaci\u00f3n y al incremento de la valorizaci\u00f3n del patrimonio.<\/p>\n<p style=\"text-align: center;\"><a href=\"https:\/\/www.turismoaguarda.es\/el-monte-trega-inicia-las-visitas-regulares-guiadas\/a-3-visitas-guiadas-ok-indd-2\/\" rel=\"attachment wp-att-14403\"><img loading=\"lazy\" decoding=\"async\" class=\"alignleft size-full wp-image-14403\" src=\"https:\/\/www.turismoaguarda.es\/wp-content\/uploads\/2021\/06\/A-3-VISITAS-GUIADAS.jpg\" alt=\"\" width=\"800\" height=\"1058\" srcset=\"https:\/\/www.turismoaguarda.es\/wp-content\/uploads\/2021\/06\/A-3-VISITAS-GUIADAS.jpg 800w, https:\/\/www.turismoaguarda.es\/wp-content\/uploads\/2021\/06\/A-3-VISITAS-GUIADAS-227x300.jpg 227w, https:\/\/www.turismoaguarda.es\/wp-content\/uploads\/2021\/06\/A-3-VISITAS-GUIADAS-774x1024.jpg 774w, https:\/\/www.turismoaguarda.es\/wp-content\/uploads\/2021\/06\/A-3-VISITAS-GUIADAS-768x1016.jpg 768w, https:\/\/www.turismoaguarda.es\/wp-content\/uploads\/2021\/06\/A-3-VISITAS-GUIADAS-150x198.jpg 150w, https:\/\/www.turismoaguarda.es\/wp-content\/uploads\/2021\/06\/A-3-VISITAS-GUIADAS-378x500.jpg 378w\" sizes=\"auto, (max-width: 800px) 100vw, 800px\" \/><\/a><\/p>\n","protected":false},"excerpt":{"rendered":"<p>El pr\u00f3ximo jueves d\u00eda 17 de junio arrancan en A Guarda las visitas regulares guiadas al Monte Santa Trega, unas visitas que tendr\u00e1n lugar los jueves, viernes, s\u00e1bados y domingos hasta el 12 de septiembre. Las visitas guiadas al Monte Santa Trega cuentan este a\u00f1o con tres espacios emblem\u00e1ticos, como son el entorno de la<\/p>\n<div class=\"padding-top text-center\"><a href=\"https:\/\/www.turismoaguarda.es\/en\/el-monte-trega-inicia-las-visitas-regulares-guiadas\/\" class=\"atbtn atbtn--medium atbtn--rounded atbtn--transparent\">Read more<i class=\"atbtn__icon atbtn__icon--right fa fa-long-arrow-right\"><\/i><\/a><\/div>\n","protected":false},"author":11,"featured_media":14403,"comment_status":"open","ping_status":"open","sticky":false,"template":"","format":"standard","meta":{"footnotes":""},"categories":[44],"tags":[169,217,858],"class_list":["post-14407","post","type-post","status-publish","format-standard","has-post-thumbnail","hentry","category-noticias-turismo","tag-a-guarda","tag-santa-trega","tag-visitas-guiadas"],"yoast_head":"<!-- This site is optimized with the Yoast SEO plugin v27.4 - https:\/\/yoast.com\/product\/yoast-seo-wordpress\/ -->\n<title>El Monte Trega inicia las visitas regulares guiadas | Turismo A Guarda<\/title>\n<meta name=\"robots\" content=\"index, follow, max-snippet:-1, max-image-preview:large, max-video-preview:-1\" \/>\n<link rel=\"canonical\" href=\"https:\/\/www.turismoaguarda.es\/el-monte-trega-inicia-las-visitas-regulares-guiadas\/\" \/>\n<meta property=\"og:locale\" content=\"en_US\" \/>\n<meta property=\"og:type\" content=\"article\" \/>\n<meta property=\"og:title\" content=\"El Monte Trega inicia las visitas regulares guiadas | Turismo A Guarda\" \/>\n<meta property=\"og:description\" content=\"El pr\u00f3ximo jueves d\u00eda 17 de junio arrancan en A Guarda las visitas regulares guiadas al Monte Santa Trega, unas visitas que tendr\u00e1n lugar los jueves, viernes, s\u00e1bados y domingos hasta el 12 de septiembre. Las visitas guiadas al Monte Santa Trega cuentan este a\u00f1o con tres espacios emblem\u00e1ticos, como son el entorno de laRead more\" \/>\n<meta property=\"og:url\" content=\"https:\/\/www.turismoaguarda.es\/el-monte-trega-inicia-las-visitas-regulares-guiadas\/\" \/>\n<meta property=\"og:site_name\" content=\"Turismo A Guarda\" \/>\n<meta property=\"article:publisher\" content=\"https:\/\/es-es.facebook.com\/Turismo-A-Guarda-126223240790625\/\" \/>\n<meta property=\"article:published_time\" content=\"2021-06-11T14:51:18+00:00\" \/>\n<meta property=\"article:modified_time\" content=\"2021-06-11T14:51:27+00:00\" \/>\n<meta property=\"og:image\" content=\"https:\/\/www.turismoaguarda.es\/wp-content\/uploads\/2021\/06\/A-3-VISITAS-GUIADAS.jpg\" \/>\n\t<meta property=\"og:image:width\" content=\"800\" \/>\n\t<meta property=\"og:image:height\" content=\"1058\" \/>\n\t<meta property=\"og:image:type\" content=\"image\/jpeg\" \/>\n<meta name=\"author\" content=\"Prensa A Guarda\" \/>\n<meta name=\"twitter:card\" content=\"summary_large_image\" \/>\n<meta name=\"twitter:creator\" content=\"@TurismoAGuarda\" \/>\n<meta name=\"twitter:site\" content=\"@TurismoAGuarda\" \/>\n<meta name=\"twitter:label1\" content=\"Written by\" \/>\n\t<meta name=\"twitter:data1\" content=\"Prensa A Guarda\" \/>\n\t<meta name=\"twitter:label2\" content=\"Est. reading time\" \/>\n\t<meta name=\"twitter:data2\" content=\"2 minutes\" \/>\n<script type=\"application\/ld+json\" class=\"yoast-schema-graph\">{\"@context\":\"https:\\\/\\\/schema.org\",\"@graph\":[{\"@type\":\"Article\",\"@id\":\"https:\\\/\\\/www.turismoaguarda.es\\\/el-monte-trega-inicia-las-visitas-regulares-guiadas\\\/#article\",\"isPartOf\":{\"@id\":\"https:\\\/\\\/www.turismoaguarda.es\\\/el-monte-trega-inicia-las-visitas-regulares-guiadas\\\/\"},\"author\":{\"name\":\"Prensa A Guarda\",\"@id\":\"https:\\\/\\\/www.turismoaguarda.es\\\/#\\\/schema\\\/person\\\/a8b0c27ad7bcbb6c19799e934727508e\"},\"headline\":\"El Monte Trega inicia las visitas regulares guiadas\",\"datePublished\":\"2021-06-11T14:51:18+00:00\",\"dateModified\":\"2021-06-11T14:51:27+00:00\",\"mainEntityOfPage\":{\"@id\":\"https:\\\/\\\/www.turismoaguarda.es\\\/el-monte-trega-inicia-las-visitas-regulares-guiadas\\\/\"},\"wordCount\":429,\"commentCount\":0,\"image\":{\"@id\":\"https:\\\/\\\/www.turismoaguarda.es\\\/el-monte-trega-inicia-las-visitas-regulares-guiadas\\\/#primaryimage\"},\"thumbnailUrl\":\"https:\\\/\\\/www.turismoaguarda.es\\\/wp-content\\\/uploads\\\/2021\\\/06\\\/A-3-VISITAS-GUIADAS.jpg\",\"keywords\":[\"A Guarda\",\"Santa Trega\",\"visitas guiadas\"],\"articleSection\":[\"Noticias Turismo\"],\"inLanguage\":\"en-US\",\"potentialAction\":[{\"@type\":\"CommentAction\",\"name\":\"Comment\",\"target\":[\"https:\\\/\\\/www.turismoaguarda.es\\\/el-monte-trega-inicia-las-visitas-regulares-guiadas\\\/#respond\"]}]},{\"@type\":\"WebPage\",\"@id\":\"https:\\\/\\\/www.turismoaguarda.es\\\/el-monte-trega-inicia-las-visitas-regulares-guiadas\\\/\",\"url\":\"https:\\\/\\\/www.turismoaguarda.es\\\/el-monte-trega-inicia-las-visitas-regulares-guiadas\\\/\",\"name\":\"El Monte Trega inicia las visitas regulares guiadas | Turismo A Guarda\",\"isPartOf\":{\"@id\":\"https:\\\/\\\/www.turismoaguarda.es\\\/#website\"},\"primaryImageOfPage\":{\"@id\":\"https:\\\/\\\/www.turismoaguarda.es\\\/el-monte-trega-inicia-las-visitas-regulares-guiadas\\\/#primaryimage\"},\"image\":{\"@id\":\"https:\\\/\\\/www.turismoaguarda.es\\\/el-monte-trega-inicia-las-visitas-regulares-guiadas\\\/#primaryimage\"},\"thumbnailUrl\":\"https:\\\/\\\/www.turismoaguarda.es\\\/wp-content\\\/uploads\\\/2021\\\/06\\\/A-3-VISITAS-GUIADAS.jpg\",\"datePublished\":\"2021-06-11T14:51:18+00:00\",\"dateModified\":\"2021-06-11T14:51:27+00:00\",\"author\":{\"@id\":\"https:\\\/\\\/www.turismoaguarda.es\\\/#\\\/schema\\\/person\\\/a8b0c27ad7bcbb6c19799e934727508e\"},\"breadcrumb\":{\"@id\":\"https:\\\/\\\/www.turismoaguarda.es\\\/el-monte-trega-inicia-las-visitas-regulares-guiadas\\\/#breadcrumb\"},\"inLanguage\":\"en-US\",\"potentialAction\":[{\"@type\":\"ReadAction\",\"target\":[\"https:\\\/\\\/www.turismoaguarda.es\\\/el-monte-trega-inicia-las-visitas-regulares-guiadas\\\/\"]}]},{\"@type\":\"ImageObject\",\"inLanguage\":\"en-US\",\"@id\":\"https:\\\/\\\/www.turismoaguarda.es\\\/el-monte-trega-inicia-las-visitas-regulares-guiadas\\\/#primaryimage\",\"url\":\"https:\\\/\\\/www.turismoaguarda.es\\\/wp-content\\\/uploads\\\/2021\\\/06\\\/A-3-VISITAS-GUIADAS.jpg\",\"contentUrl\":\"https:\\\/\\\/www.turismoaguarda.es\\\/wp-content\\\/uploads\\\/2021\\\/06\\\/A-3-VISITAS-GUIADAS.jpg\",\"width\":800,\"height\":1058},{\"@type\":\"BreadcrumbList\",\"@id\":\"https:\\\/\\\/www.turismoaguarda.es\\\/el-monte-trega-inicia-las-visitas-regulares-guiadas\\\/#breadcrumb\",\"itemListElement\":[{\"@type\":\"ListItem\",\"position\":1,\"name\":\"Portada\",\"item\":\"https:\\\/\\\/www.turismoaguarda.es\\\/en\\\/\"},{\"@type\":\"ListItem\",\"position\":2,\"name\":\"El Monte Trega inicia las visitas regulares guiadas\"}]},{\"@type\":\"WebSite\",\"@id\":\"https:\\\/\\\/www.turismoaguarda.es\\\/#website\",\"url\":\"https:\\\/\\\/www.turismoaguarda.es\\\/\",\"name\":\"Turismo A Guarda\",\"description\":\"Informaci\u00f3n tur\u00edstica de A Guarda y alrededores.\",\"potentialAction\":[{\"@type\":\"SearchAction\",\"target\":{\"@type\":\"EntryPoint\",\"urlTemplate\":\"https:\\\/\\\/www.turismoaguarda.es\\\/?s={search_term_string}\"},\"query-input\":{\"@type\":\"PropertyValueSpecification\",\"valueRequired\":true,\"valueName\":\"search_term_string\"}}],\"inLanguage\":\"en-US\"},{\"@type\":\"Person\",\"@id\":\"https:\\\/\\\/www.turismoaguarda.es\\\/#\\\/schema\\\/person\\\/a8b0c27ad7bcbb6c19799e934727508e\",\"name\":\"Prensa A Guarda\",\"image\":{\"@type\":\"ImageObject\",\"inLanguage\":\"en-US\",\"@id\":\"https:\\\/\\\/secure.gravatar.com\\\/avatar\\\/387e117f874ba5d0a3439060b45d914395d77287b2e4890a49d1599fc3ef9189?s=96&d=mm&r=g\",\"url\":\"https:\\\/\\\/secure.gravatar.com\\\/avatar\\\/387e117f874ba5d0a3439060b45d914395d77287b2e4890a49d1599fc3ef9189?s=96&d=mm&r=g\",\"contentUrl\":\"https:\\\/\\\/secure.gravatar.com\\\/avatar\\\/387e117f874ba5d0a3439060b45d914395d77287b2e4890a49d1599fc3ef9189?s=96&d=mm&r=g\",\"caption\":\"Prensa A Guarda\"},\"url\":\"https:\\\/\\\/www.turismoaguarda.es\\\/en\\\/author\\\/prensa\\\/\"}]}<\/script>\n<!-- \/ Yoast SEO plugin. -->","yoast_head_json":{"title":"El Monte Trega inicia las visitas regulares guiadas | Turismo A Guarda","robots":{"index":"index","follow":"follow","max-snippet":"max-snippet:-1","max-image-preview":"max-image-preview:large","max-video-preview":"max-video-preview:-1"},"canonical":"https:\/\/www.turismoaguarda.es\/el-monte-trega-inicia-las-visitas-regulares-guiadas\/","og_locale":"en_US","og_type":"article","og_title":"El Monte Trega inicia las visitas regulares guiadas | Turismo A Guarda","og_description":"El pr\u00f3ximo jueves d\u00eda 17 de junio arrancan en A Guarda las visitas regulares guiadas al Monte Santa Trega, unas visitas que tendr\u00e1n lugar los jueves, viernes, s\u00e1bados y domingos hasta el 12 de septiembre. Las visitas guiadas al Monte Santa Trega cuentan este a\u00f1o con tres espacios emblem\u00e1ticos, como son el entorno de laRead more","og_url":"https:\/\/www.turismoaguarda.es\/el-monte-trega-inicia-las-visitas-regulares-guiadas\/","og_site_name":"Turismo A Guarda","article_publisher":"https:\/\/es-es.facebook.com\/Turismo-A-Guarda-126223240790625\/","article_published_time":"2021-06-11T14:51:18+00:00","article_modified_time":"2021-06-11T14:51:27+00:00","og_image":[{"width":800,"height":1058,"url":"https:\/\/www.turismoaguarda.es\/wp-content\/uploads\/2021\/06\/A-3-VISITAS-GUIADAS.jpg","type":"image\/jpeg"}],"author":"Prensa A Guarda","twitter_card":"summary_large_image","twitter_creator":"@TurismoAGuarda","twitter_site":"@TurismoAGuarda","twitter_misc":{"Written by":"Prensa A Guarda","Est. reading time":"2 minutes"},"schema":{"@context":"https:\/\/schema.org","@graph":[{"@type":"Article","@id":"https:\/\/www.turismoaguarda.es\/el-monte-trega-inicia-las-visitas-regulares-guiadas\/#article","isPartOf":{"@id":"https:\/\/www.turismoaguarda.es\/el-monte-trega-inicia-las-visitas-regulares-guiadas\/"},"author":{"name":"Prensa A Guarda","@id":"https:\/\/www.turismoaguarda.es\/#\/schema\/person\/a8b0c27ad7bcbb6c19799e934727508e"},"headline":"El Monte Trega inicia las visitas regulares guiadas","datePublished":"2021-06-11T14:51:18+00:00","dateModified":"2021-06-11T14:51:27+00:00","mainEntityOfPage":{"@id":"https:\/\/www.turismoaguarda.es\/el-monte-trega-inicia-las-visitas-regulares-guiadas\/"},"wordCount":429,"commentCount":0,"image":{"@id":"https:\/\/www.turismoaguarda.es\/el-monte-trega-inicia-las-visitas-regulares-guiadas\/#primaryimage"},"thumbnailUrl":"https:\/\/www.turismoaguarda.es\/wp-content\/uploads\/2021\/06\/A-3-VISITAS-GUIADAS.jpg","keywords":["A Guarda","Santa Trega","visitas guiadas"],"articleSection":["Noticias Turismo"],"inLanguage":"en-US","potentialAction":[{"@type":"CommentAction","name":"Comment","target":["https:\/\/www.turismoaguarda.es\/el-monte-trega-inicia-las-visitas-regulares-guiadas\/#respond"]}]},{"@type":"WebPage","@id":"https:\/\/www.turismoaguarda.es\/el-monte-trega-inicia-las-visitas-regulares-guiadas\/","url":"https:\/\/www.turismoaguarda.es\/el-monte-trega-inicia-las-visitas-regulares-guiadas\/","name":"El Monte Trega inicia las visitas regulares guiadas | Turismo A Guarda","isPartOf":{"@id":"https:\/\/www.turismoaguarda.es\/#website"},"primaryImageOfPage":{"@id":"https:\/\/www.turismoaguarda.es\/el-monte-trega-inicia-las-visitas-regulares-guiadas\/#primaryimage"},"image":{"@id":"https:\/\/www.turismoaguarda.es\/el-monte-trega-inicia-las-visitas-regulares-guiadas\/#primaryimage"},"thumbnailUrl":"https:\/\/www.turismoaguarda.es\/wp-content\/uploads\/2021\/06\/A-3-VISITAS-GUIADAS.jpg","datePublished":"2021-06-11T14:51:18+00:00","dateModified":"2021-06-11T14:51:27+00:00","author":{"@id":"https:\/\/www.turismoaguarda.es\/#\/schema\/person\/a8b0c27ad7bcbb6c19799e934727508e"},"breadcrumb":{"@id":"https:\/\/www.turismoaguarda.es\/el-monte-trega-inicia-las-visitas-regulares-guiadas\/#breadcrumb"},"inLanguage":"en-US","potentialAction":[{"@type":"ReadAction","target":["https:\/\/www.turismoaguarda.es\/el-monte-trega-inicia-las-visitas-regulares-guiadas\/"]}]},{"@type":"ImageObject","inLanguage":"en-US","@id":"https:\/\/www.turismoaguarda.es\/el-monte-trega-inicia-las-visitas-regulares-guiadas\/#primaryimage","url":"https:\/\/www.turismoaguarda.es\/wp-content\/uploads\/2021\/06\/A-3-VISITAS-GUIADAS.jpg","contentUrl":"https:\/\/www.turismoaguarda.es\/wp-content\/uploads\/2021\/06\/A-3-VISITAS-GUIADAS.jpg","width":800,"height":1058},{"@type":"BreadcrumbList","@id":"https:\/\/www.turismoaguarda.es\/el-monte-trega-inicia-las-visitas-regulares-guiadas\/#breadcrumb","itemListElement":[{"@type":"ListItem","position":1,"name":"Portada","item":"https:\/\/www.turismoaguarda.es\/en\/"},{"@type":"ListItem","position":2,"name":"El Monte Trega inicia las visitas regulares guiadas"}]},{"@type":"WebSite","@id":"https:\/\/www.turismoaguarda.es\/#website","url":"https:\/\/www.turismoaguarda.es\/","name":"Turismo A Guarda","description":"Informaci\u00f3n tur\u00edstica de A Guarda y alrededores.","potentialAction":[{"@type":"SearchAction","target":{"@type":"EntryPoint","urlTemplate":"https:\/\/www.turismoaguarda.es\/?s={search_term_string}"},"query-input":{"@type":"PropertyValueSpecification","valueRequired":true,"valueName":"search_term_string"}}],"inLanguage":"en-US"},{"@type":"Person","@id":"https:\/\/www.turismoaguarda.es\/#\/schema\/person\/a8b0c27ad7bcbb6c19799e934727508e","name":"Prensa A Guarda","image":{"@type":"ImageObject","inLanguage":"en-US","@id":"https:\/\/secure.gravatar.com\/avatar\/387e117f874ba5d0a3439060b45d914395d77287b2e4890a49d1599fc3ef9189?s=96&d=mm&r=g","url":"https:\/\/secure.gravatar.com\/avatar\/387e117f874ba5d0a3439060b45d914395d77287b2e4890a49d1599fc3ef9189?s=96&d=mm&r=g","contentUrl":"https:\/\/secure.gravatar.com\/avatar\/387e117f874ba5d0a3439060b45d914395d77287b2e4890a49d1599fc3ef9189?s=96&d=mm&r=g","caption":"Prensa A Guarda"},"url":"https:\/\/www.turismoaguarda.es\/en\/author\/prensa\/"}]}},"_links":{"self":[{"href":"https:\/\/www.turismoaguarda.es\/en\/wp-json\/wp\/v2\/posts\/14407","targetHints":{"allow":["GET"]}}],"collection":[{"href":"https:\/\/www.turismoaguarda.es\/en\/wp-json\/wp\/v2\/posts"}],"about":[{"href":"https:\/\/www.turismoaguarda.es\/en\/wp-json\/wp\/v2\/types\/post"}],"author":[{"embeddable":true,"href":"https:\/\/www.turismoaguarda.es\/en\/wp-json\/wp\/v2\/users\/11"}],"replies":[{"embeddable":true,"href":"https:\/\/www.turismoaguarda.es\/en\/wp-json\/wp\/v2\/comments?post=14407"}],"version-history":[{"count":2,"href":"https:\/\/www.turismoaguarda.es\/en\/wp-json\/wp\/v2\/posts\/14407\/revisions"}],"predecessor-version":[{"id":14409,"href":"https:\/\/www.turismoaguarda.es\/en\/wp-json\/wp\/v2\/posts\/14407\/revisions\/14409"}],"wp:featuredmedia":[{"embeddable":true,"href":"https:\/\/www.turismoaguarda.es\/en\/wp-json\/wp\/v2\/media\/14403"}],"wp:attachment":[{"href":"https:\/\/www.turismoaguarda.es\/en\/wp-json\/wp\/v2\/media?parent=14407"}],"wp:term":[{"taxonomy":"category","embeddable":true,"href":"https:\/\/www.turismoaguarda.es\/en\/wp-json\/wp\/v2\/categories?post=14407"},{"taxonomy":"post_tag","embeddable":true,"href":"https:\/\/www.turismoaguarda.es\/en\/wp-json\/wp\/v2\/tags?post=14407"}],"curies":[{"name":"wp","href":"https:\/\/api.w.org\/{rel}","templated":true}]}}