{"id":13996,"date":"2021-03-26T10:43:55","date_gmt":"2021-03-26T09:43:55","guid":{"rendered":"https:\/\/www.turismoaguarda.es\/?p=13996"},"modified":"2021-03-26T14:41:14","modified_gmt":"2021-03-26T13:41:14","slug":"a-guarda-presente-en-la-gala-anual-de-la-deputacion","status":"publish","type":"post","link":"https:\/\/www.turismoaguarda.es\/en\/a-guarda-presente-en-la-gala-anual-de-la-deputacion\/","title":{"rendered":"A Guarda presente en la Gala Anual de Turismo de la Deputaci\u00f3n"},"content":{"rendered":"<p>El pasado mi\u00e9rcoles 24 marzo se celebr\u00f3 en el Auditorio Mar de Vigo la Gala Anual de Turismo de la Deputaci\u00f3n de Pontevedra donde fueron nombrados los siete restaurantes Estrella Michelin de la provincia como embajadores de R\u00edas Baixas.<\/p>\n<p>Adem\u00e1s esta Gala es el evento para reconocer a las 136 empresas distinguidas con el sello del Sistema Integrado de Calidad en Destinos Tur\u00edsticos (SICTED) dentro del destino Pontevedra-R\u00edas Baixas.<\/p>\n<p>El Alcalde de A Guarda, Antonio Lomba, fue incitado para recoger el diploma de reconocimiento al compromiso para la mejora continuada de la calidad de las empresas tur\u00edsticas distinguidas. La Oficina de Turismo de A Guarda y las playas de Area Grande y O Mu\u00ed\u00f1o renovaron el distintivo SICTED hasta 2022 tras la auditoria satisfactoria de agosto del a\u00f1o pasado. Adem\u00e1s en el Ayuntamiento de A Guarda contamos con 10 establecimientos tur\u00edsticos ya distinguidos o que tambi\u00e9n renovaron:<\/p>\n<p>Alojamientos:<br \/>\n\u2022 Albergue O Peirao<br \/>\n\u2022 Camping Santa Tecla<br \/>\n\u2022 Hotel Apartamento Marouco<br \/>\n\u2022 Hotel Vila da Guarda<\/p>\n<p>Restaurantes:<br \/>\n\u2022 Casa de la Abuela<br \/>\n\u2022 Celtic<br \/>\n\u2022 O Cangrexal<br \/>\n\u2022 Marus\u00eda<br \/>\n\u2022 Xantar<\/p>\n<p>Bar:<br \/>\n\u2022 La Botica<\/p>\n<p><strong>El 31 de marzo termina el plazo de adhesi\u00f3n al proyecto SICTED<\/strong> para este 2021 por lo que si alguna empresa o servicio est\u00e1 interesada puede contactar con la Oficina de Turismo de A Guarda.<\/p>\n<p><strong>Sobre el distintivo<\/strong><br \/>\nLa Deputaci\u00f3n de Pontevedra financia este proyecto en su totalidad: adhesi\u00f3n, formaci\u00f3n, implantaci\u00f3n y evaluaci\u00f3n. Adem\u00e1s la Xunta punt\u00faa este distintivo de calidad en la valoraci\u00f3n de m\u00e9ritos de ayudas y subvenciones.<\/p>\n<p>El SICTED es un proyecto de mejora de la calidad de los destinos tur\u00edsticos promovido por la Secretar\u00eda de Estado de Turismo y la Federaci\u00f3n Espa\u00f1ola de Municipios y Provincias (FEMP). Trabaja con empresas y servicios de hasta 33 oficios diferentes con el objetivo de mejorar la experiencia y la satisfacci\u00f3n de los y de las turistas. Para lograrlo, el sistema ofrece a las empresas y servicios adheridos un plan de formaci\u00f3n, asistencia t\u00e9cnica, talleres, grupos de trabajo y manuales de buenas pr\u00e1cticas.<\/p>\n<p>La obtenci\u00f3n del distintivo SICTED implica el cumplimiento de los requisitos fijados, y da cuenta del esfuerzo y el compromiso con la calidad y la mejora continua, a la vez que distingue al establecimiento frente a la competencia. El certificado tiene validez bienal, aunque que necesita de una evaluaci\u00f3n anual de seguimiento<\/p>\n","protected":false},"excerpt":{"rendered":"<p>El pasado mi\u00e9rcoles 24 marzo se celebr\u00f3 en el Auditorio Mar de Vigo la Gala Anual de Turismo de la Deputaci\u00f3n de Pontevedra donde fueron nombrados los siete restaurantes Estrella Michelin de la provincia como embajadores de R\u00edas Baixas. Adem\u00e1s esta Gala es el evento para reconocer a las 136 empresas distinguidas con el sello<\/p>\n<div class=\"padding-top text-center\"><a href=\"https:\/\/www.turismoaguarda.es\/en\/a-guarda-presente-en-la-gala-anual-de-la-deputacion\/\" class=\"atbtn atbtn--medium atbtn--rounded atbtn--transparent\">Read more<i class=\"atbtn__icon atbtn__icon--right fa fa-long-arrow-right\"><\/i><\/a><\/div>\n","protected":false},"author":11,"featured_media":13994,"comment_status":"open","ping_status":"open","sticky":false,"template":"","format":"standard","meta":{"footnotes":""},"categories":[44],"tags":[169,514],"class_list":["post-13996","post","type-post","status-publish","format-standard","has-post-thumbnail","hentry","category-noticias-turismo","tag-a-guarda","tag-deputacion-de-pontevedra"],"yoast_head":"<!-- This site is optimized with the Yoast SEO plugin v27.5 - https:\/\/yoast.com\/product\/yoast-seo-wordpress\/ -->\n<title>A Guarda presente en la Gala Anual de Turismo de la Deputaci\u00f3n | Turismo A Guarda<\/title>\n<meta name=\"robots\" content=\"index, follow, max-snippet:-1, max-image-preview:large, max-video-preview:-1\" \/>\n<link rel=\"canonical\" href=\"https:\/\/www.turismoaguarda.es\/a-guarda-presente-en-la-gala-anual-de-la-deputacion\/\" \/>\n<meta property=\"og:locale\" content=\"en_US\" \/>\n<meta property=\"og:type\" content=\"article\" \/>\n<meta property=\"og:title\" content=\"A Guarda presente en la Gala Anual de Turismo de la Deputaci\u00f3n | Turismo A Guarda\" \/>\n<meta property=\"og:description\" content=\"El pasado mi\u00e9rcoles 24 marzo se celebr\u00f3 en el Auditorio Mar de Vigo la Gala Anual de Turismo de la Deputaci\u00f3n de Pontevedra donde fueron nombrados los siete restaurantes Estrella Michelin de la provincia como embajadores de R\u00edas Baixas. Adem\u00e1s esta Gala es el evento para reconocer a las 136 empresas distinguidas con el selloRead more\" \/>\n<meta property=\"og:url\" content=\"https:\/\/www.turismoaguarda.es\/a-guarda-presente-en-la-gala-anual-de-la-deputacion\/\" \/>\n<meta property=\"og:site_name\" content=\"Turismo A Guarda\" \/>\n<meta property=\"article:publisher\" content=\"https:\/\/es-es.facebook.com\/Turismo-A-Guarda-126223240790625\/\" \/>\n<meta property=\"article:published_time\" content=\"2021-03-26T09:43:55+00:00\" \/>\n<meta property=\"article:modified_time\" content=\"2021-03-26T13:41:14+00:00\" \/>\n<meta property=\"og:image\" content=\"https:\/\/www.turismoaguarda.es\/wp-content\/uploads\/2021\/03\/WEB.jpg\" \/>\n\t<meta property=\"og:image:width\" content=\"1600\" \/>\n\t<meta property=\"og:image:height\" content=\"900\" \/>\n\t<meta property=\"og:image:type\" content=\"image\/jpeg\" \/>\n<meta name=\"author\" content=\"Prensa A Guarda\" \/>\n<meta name=\"twitter:card\" content=\"summary_large_image\" \/>\n<meta name=\"twitter:creator\" content=\"@TurismoAGuarda\" \/>\n<meta name=\"twitter:site\" content=\"@TurismoAGuarda\" \/>\n<meta name=\"twitter:label1\" content=\"Written by\" \/>\n\t<meta name=\"twitter:data1\" content=\"Prensa A Guarda\" \/>\n\t<meta name=\"twitter:label2\" content=\"Est. reading time\" \/>\n\t<meta name=\"twitter:data2\" content=\"2 minutes\" \/>\n<script type=\"application\/ld+json\" class=\"yoast-schema-graph\">{\"@context\":\"https:\\\/\\\/schema.org\",\"@graph\":[{\"@type\":\"Article\",\"@id\":\"https:\\\/\\\/www.turismoaguarda.es\\\/a-guarda-presente-en-la-gala-anual-de-la-deputacion\\\/#article\",\"isPartOf\":{\"@id\":\"https:\\\/\\\/www.turismoaguarda.es\\\/a-guarda-presente-en-la-gala-anual-de-la-deputacion\\\/\"},\"author\":{\"name\":\"Prensa A Guarda\",\"@id\":\"https:\\\/\\\/www.turismoaguarda.es\\\/#\\\/schema\\\/person\\\/a8b0c27ad7bcbb6c19799e934727508e\"},\"headline\":\"A Guarda presente en la Gala Anual de Turismo de la Deputaci\u00f3n\",\"datePublished\":\"2021-03-26T09:43:55+00:00\",\"dateModified\":\"2021-03-26T13:41:14+00:00\",\"mainEntityOfPage\":{\"@id\":\"https:\\\/\\\/www.turismoaguarda.es\\\/a-guarda-presente-en-la-gala-anual-de-la-deputacion\\\/\"},\"wordCount\":418,\"commentCount\":0,\"image\":{\"@id\":\"https:\\\/\\\/www.turismoaguarda.es\\\/a-guarda-presente-en-la-gala-anual-de-la-deputacion\\\/#primaryimage\"},\"thumbnailUrl\":\"https:\\\/\\\/www.turismoaguarda.es\\\/wp-content\\\/uploads\\\/2021\\\/03\\\/WEB.jpg\",\"keywords\":[\"A Guarda\",\"DEputaci\u00f3n de Pontevedra\"],\"articleSection\":[\"Noticias Turismo\"],\"inLanguage\":\"en-US\",\"potentialAction\":[{\"@type\":\"CommentAction\",\"name\":\"Comment\",\"target\":[\"https:\\\/\\\/www.turismoaguarda.es\\\/a-guarda-presente-en-la-gala-anual-de-la-deputacion\\\/#respond\"]}]},{\"@type\":\"WebPage\",\"@id\":\"https:\\\/\\\/www.turismoaguarda.es\\\/a-guarda-presente-en-la-gala-anual-de-la-deputacion\\\/\",\"url\":\"https:\\\/\\\/www.turismoaguarda.es\\\/a-guarda-presente-en-la-gala-anual-de-la-deputacion\\\/\",\"name\":\"A Guarda presente en la Gala Anual de Turismo de la Deputaci\u00f3n | Turismo A Guarda\",\"isPartOf\":{\"@id\":\"https:\\\/\\\/www.turismoaguarda.es\\\/#website\"},\"primaryImageOfPage\":{\"@id\":\"https:\\\/\\\/www.turismoaguarda.es\\\/a-guarda-presente-en-la-gala-anual-de-la-deputacion\\\/#primaryimage\"},\"image\":{\"@id\":\"https:\\\/\\\/www.turismoaguarda.es\\\/a-guarda-presente-en-la-gala-anual-de-la-deputacion\\\/#primaryimage\"},\"thumbnailUrl\":\"https:\\\/\\\/www.turismoaguarda.es\\\/wp-content\\\/uploads\\\/2021\\\/03\\\/WEB.jpg\",\"datePublished\":\"2021-03-26T09:43:55+00:00\",\"dateModified\":\"2021-03-26T13:41:14+00:00\",\"author\":{\"@id\":\"https:\\\/\\\/www.turismoaguarda.es\\\/#\\\/schema\\\/person\\\/a8b0c27ad7bcbb6c19799e934727508e\"},\"breadcrumb\":{\"@id\":\"https:\\\/\\\/www.turismoaguarda.es\\\/a-guarda-presente-en-la-gala-anual-de-la-deputacion\\\/#breadcrumb\"},\"inLanguage\":\"en-US\",\"potentialAction\":[{\"@type\":\"ReadAction\",\"target\":[\"https:\\\/\\\/www.turismoaguarda.es\\\/a-guarda-presente-en-la-gala-anual-de-la-deputacion\\\/\"]}]},{\"@type\":\"ImageObject\",\"inLanguage\":\"en-US\",\"@id\":\"https:\\\/\\\/www.turismoaguarda.es\\\/a-guarda-presente-en-la-gala-anual-de-la-deputacion\\\/#primaryimage\",\"url\":\"https:\\\/\\\/www.turismoaguarda.es\\\/wp-content\\\/uploads\\\/2021\\\/03\\\/WEB.jpg\",\"contentUrl\":\"https:\\\/\\\/www.turismoaguarda.es\\\/wp-content\\\/uploads\\\/2021\\\/03\\\/WEB.jpg\",\"width\":1600,\"height\":900},{\"@type\":\"BreadcrumbList\",\"@id\":\"https:\\\/\\\/www.turismoaguarda.es\\\/a-guarda-presente-en-la-gala-anual-de-la-deputacion\\\/#breadcrumb\",\"itemListElement\":[{\"@type\":\"ListItem\",\"position\":1,\"name\":\"Portada\",\"item\":\"https:\\\/\\\/www.turismoaguarda.es\\\/en\\\/\"},{\"@type\":\"ListItem\",\"position\":2,\"name\":\"A Guarda presente en la Gala Anual de Turismo de la Deputaci\u00f3n\"}]},{\"@type\":\"WebSite\",\"@id\":\"https:\\\/\\\/www.turismoaguarda.es\\\/#website\",\"url\":\"https:\\\/\\\/www.turismoaguarda.es\\\/\",\"name\":\"Turismo A Guarda\",\"description\":\"Informaci\u00f3n tur\u00edstica de A Guarda y alrededores.\",\"potentialAction\":[{\"@type\":\"SearchAction\",\"target\":{\"@type\":\"EntryPoint\",\"urlTemplate\":\"https:\\\/\\\/www.turismoaguarda.es\\\/?s={search_term_string}\"},\"query-input\":{\"@type\":\"PropertyValueSpecification\",\"valueRequired\":true,\"valueName\":\"search_term_string\"}}],\"inLanguage\":\"en-US\"},{\"@type\":\"Person\",\"@id\":\"https:\\\/\\\/www.turismoaguarda.es\\\/#\\\/schema\\\/person\\\/a8b0c27ad7bcbb6c19799e934727508e\",\"name\":\"Prensa A Guarda\",\"image\":{\"@type\":\"ImageObject\",\"inLanguage\":\"en-US\",\"@id\":\"https:\\\/\\\/secure.gravatar.com\\\/avatar\\\/387e117f874ba5d0a3439060b45d914395d77287b2e4890a49d1599fc3ef9189?s=96&d=mm&r=g\",\"url\":\"https:\\\/\\\/secure.gravatar.com\\\/avatar\\\/387e117f874ba5d0a3439060b45d914395d77287b2e4890a49d1599fc3ef9189?s=96&d=mm&r=g\",\"contentUrl\":\"https:\\\/\\\/secure.gravatar.com\\\/avatar\\\/387e117f874ba5d0a3439060b45d914395d77287b2e4890a49d1599fc3ef9189?s=96&d=mm&r=g\",\"caption\":\"Prensa A Guarda\"},\"url\":\"https:\\\/\\\/www.turismoaguarda.es\\\/en\\\/author\\\/prensa\\\/\"}]}<\/script>\n<!-- \/ Yoast SEO plugin. -->","yoast_head_json":{"title":"A Guarda presente en la Gala Anual de Turismo de la Deputaci\u00f3n | Turismo A Guarda","robots":{"index":"index","follow":"follow","max-snippet":"max-snippet:-1","max-image-preview":"max-image-preview:large","max-video-preview":"max-video-preview:-1"},"canonical":"https:\/\/www.turismoaguarda.es\/a-guarda-presente-en-la-gala-anual-de-la-deputacion\/","og_locale":"en_US","og_type":"article","og_title":"A Guarda presente en la Gala Anual de Turismo de la Deputaci\u00f3n | Turismo A Guarda","og_description":"El pasado mi\u00e9rcoles 24 marzo se celebr\u00f3 en el Auditorio Mar de Vigo la Gala Anual de Turismo de la Deputaci\u00f3n de Pontevedra donde fueron nombrados los siete restaurantes Estrella Michelin de la provincia como embajadores de R\u00edas Baixas. Adem\u00e1s esta Gala es el evento para reconocer a las 136 empresas distinguidas con el selloRead more","og_url":"https:\/\/www.turismoaguarda.es\/a-guarda-presente-en-la-gala-anual-de-la-deputacion\/","og_site_name":"Turismo A Guarda","article_publisher":"https:\/\/es-es.facebook.com\/Turismo-A-Guarda-126223240790625\/","article_published_time":"2021-03-26T09:43:55+00:00","article_modified_time":"2021-03-26T13:41:14+00:00","og_image":[{"width":1600,"height":900,"url":"https:\/\/www.turismoaguarda.es\/wp-content\/uploads\/2021\/03\/WEB.jpg","type":"image\/jpeg"}],"author":"Prensa A Guarda","twitter_card":"summary_large_image","twitter_creator":"@TurismoAGuarda","twitter_site":"@TurismoAGuarda","twitter_misc":{"Written by":"Prensa A Guarda","Est. reading time":"2 minutes"},"schema":{"@context":"https:\/\/schema.org","@graph":[{"@type":"Article","@id":"https:\/\/www.turismoaguarda.es\/a-guarda-presente-en-la-gala-anual-de-la-deputacion\/#article","isPartOf":{"@id":"https:\/\/www.turismoaguarda.es\/a-guarda-presente-en-la-gala-anual-de-la-deputacion\/"},"author":{"name":"Prensa A Guarda","@id":"https:\/\/www.turismoaguarda.es\/#\/schema\/person\/a8b0c27ad7bcbb6c19799e934727508e"},"headline":"A Guarda presente en la Gala Anual de Turismo de la Deputaci\u00f3n","datePublished":"2021-03-26T09:43:55+00:00","dateModified":"2021-03-26T13:41:14+00:00","mainEntityOfPage":{"@id":"https:\/\/www.turismoaguarda.es\/a-guarda-presente-en-la-gala-anual-de-la-deputacion\/"},"wordCount":418,"commentCount":0,"image":{"@id":"https:\/\/www.turismoaguarda.es\/a-guarda-presente-en-la-gala-anual-de-la-deputacion\/#primaryimage"},"thumbnailUrl":"https:\/\/www.turismoaguarda.es\/wp-content\/uploads\/2021\/03\/WEB.jpg","keywords":["A Guarda","DEputaci\u00f3n de Pontevedra"],"articleSection":["Noticias Turismo"],"inLanguage":"en-US","potentialAction":[{"@type":"CommentAction","name":"Comment","target":["https:\/\/www.turismoaguarda.es\/a-guarda-presente-en-la-gala-anual-de-la-deputacion\/#respond"]}]},{"@type":"WebPage","@id":"https:\/\/www.turismoaguarda.es\/a-guarda-presente-en-la-gala-anual-de-la-deputacion\/","url":"https:\/\/www.turismoaguarda.es\/a-guarda-presente-en-la-gala-anual-de-la-deputacion\/","name":"A Guarda presente en la Gala Anual de Turismo de la Deputaci\u00f3n | Turismo A Guarda","isPartOf":{"@id":"https:\/\/www.turismoaguarda.es\/#website"},"primaryImageOfPage":{"@id":"https:\/\/www.turismoaguarda.es\/a-guarda-presente-en-la-gala-anual-de-la-deputacion\/#primaryimage"},"image":{"@id":"https:\/\/www.turismoaguarda.es\/a-guarda-presente-en-la-gala-anual-de-la-deputacion\/#primaryimage"},"thumbnailUrl":"https:\/\/www.turismoaguarda.es\/wp-content\/uploads\/2021\/03\/WEB.jpg","datePublished":"2021-03-26T09:43:55+00:00","dateModified":"2021-03-26T13:41:14+00:00","author":{"@id":"https:\/\/www.turismoaguarda.es\/#\/schema\/person\/a8b0c27ad7bcbb6c19799e934727508e"},"breadcrumb":{"@id":"https:\/\/www.turismoaguarda.es\/a-guarda-presente-en-la-gala-anual-de-la-deputacion\/#breadcrumb"},"inLanguage":"en-US","potentialAction":[{"@type":"ReadAction","target":["https:\/\/www.turismoaguarda.es\/a-guarda-presente-en-la-gala-anual-de-la-deputacion\/"]}]},{"@type":"ImageObject","inLanguage":"en-US","@id":"https:\/\/www.turismoaguarda.es\/a-guarda-presente-en-la-gala-anual-de-la-deputacion\/#primaryimage","url":"https:\/\/www.turismoaguarda.es\/wp-content\/uploads\/2021\/03\/WEB.jpg","contentUrl":"https:\/\/www.turismoaguarda.es\/wp-content\/uploads\/2021\/03\/WEB.jpg","width":1600,"height":900},{"@type":"BreadcrumbList","@id":"https:\/\/www.turismoaguarda.es\/a-guarda-presente-en-la-gala-anual-de-la-deputacion\/#breadcrumb","itemListElement":[{"@type":"ListItem","position":1,"name":"Portada","item":"https:\/\/www.turismoaguarda.es\/en\/"},{"@type":"ListItem","position":2,"name":"A Guarda presente en la Gala Anual de Turismo de la Deputaci\u00f3n"}]},{"@type":"WebSite","@id":"https:\/\/www.turismoaguarda.es\/#website","url":"https:\/\/www.turismoaguarda.es\/","name":"Turismo A Guarda","description":"Informaci\u00f3n tur\u00edstica de A Guarda y alrededores.","potentialAction":[{"@type":"SearchAction","target":{"@type":"EntryPoint","urlTemplate":"https:\/\/www.turismoaguarda.es\/?s={search_term_string}"},"query-input":{"@type":"PropertyValueSpecification","valueRequired":true,"valueName":"search_term_string"}}],"inLanguage":"en-US"},{"@type":"Person","@id":"https:\/\/www.turismoaguarda.es\/#\/schema\/person\/a8b0c27ad7bcbb6c19799e934727508e","name":"Prensa A Guarda","image":{"@type":"ImageObject","inLanguage":"en-US","@id":"https:\/\/secure.gravatar.com\/avatar\/387e117f874ba5d0a3439060b45d914395d77287b2e4890a49d1599fc3ef9189?s=96&d=mm&r=g","url":"https:\/\/secure.gravatar.com\/avatar\/387e117f874ba5d0a3439060b45d914395d77287b2e4890a49d1599fc3ef9189?s=96&d=mm&r=g","contentUrl":"https:\/\/secure.gravatar.com\/avatar\/387e117f874ba5d0a3439060b45d914395d77287b2e4890a49d1599fc3ef9189?s=96&d=mm&r=g","caption":"Prensa A Guarda"},"url":"https:\/\/www.turismoaguarda.es\/en\/author\/prensa\/"}]}},"_links":{"self":[{"href":"https:\/\/www.turismoaguarda.es\/en\/wp-json\/wp\/v2\/posts\/13996","targetHints":{"allow":["GET"]}}],"collection":[{"href":"https:\/\/www.turismoaguarda.es\/en\/wp-json\/wp\/v2\/posts"}],"about":[{"href":"https:\/\/www.turismoaguarda.es\/en\/wp-json\/wp\/v2\/types\/post"}],"author":[{"embeddable":true,"href":"https:\/\/www.turismoaguarda.es\/en\/wp-json\/wp\/v2\/users\/11"}],"replies":[{"embeddable":true,"href":"https:\/\/www.turismoaguarda.es\/en\/wp-json\/wp\/v2\/comments?post=13996"}],"version-history":[{"count":2,"href":"https:\/\/www.turismoaguarda.es\/en\/wp-json\/wp\/v2\/posts\/13996\/revisions"}],"predecessor-version":[{"id":14000,"href":"https:\/\/www.turismoaguarda.es\/en\/wp-json\/wp\/v2\/posts\/13996\/revisions\/14000"}],"wp:featuredmedia":[{"embeddable":true,"href":"https:\/\/www.turismoaguarda.es\/en\/wp-json\/wp\/v2\/media\/13994"}],"wp:attachment":[{"href":"https:\/\/www.turismoaguarda.es\/en\/wp-json\/wp\/v2\/media?parent=13996"}],"wp:term":[{"taxonomy":"category","embeddable":true,"href":"https:\/\/www.turismoaguarda.es\/en\/wp-json\/wp\/v2\/categories?post=13996"},{"taxonomy":"post_tag","embeddable":true,"href":"https:\/\/www.turismoaguarda.es\/en\/wp-json\/wp\/v2\/tags?post=13996"}],"curies":[{"name":"wp","href":"https:\/\/api.w.org\/{rel}","templated":true}]}}