{"id":13971,"date":"2021-03-18T09:59:45","date_gmt":"2021-03-18T08:59:45","guid":{"rendered":"https:\/\/www.turismoaguarda.es\/?p=13971"},"modified":"2021-03-18T09:59:45","modified_gmt":"2021-03-18T08:59:45","slug":"a-guarda-invita-a-visitar-el-masat-y-el-museo-del-mar","status":"publish","type":"post","link":"https:\/\/www.turismoaguarda.es\/en\/a-guarda-invita-a-visitar-el-masat-y-el-museo-del-mar\/","title":{"rendered":"A Guarda invita a visitar el MASAT y el Museo del Mar"},"content":{"rendered":"<p>\u2022 Los Museos de A Guarda se presentan como una buena alternativa cultural y tur\u00edstica para este largo fin de semana<\/p>\n<p>Museo Arqueol\u00f3gico Santa Trega (MASAT)<\/p>\n<p>El Museo Arqueol\u00f3gico de Sta. Trega (MASAT) ocupa el edificio dise\u00f1ado como restaurante por el arquitecto porri\u00f1\u00e9s Antonio Palacios. Por subscrici\u00f3n popular la Sociedad pro Monte compra y adapta el inmueble inaugurado como Museo en 1953 y en el que se depositaron los materiales almacenados hasta ese momento en un c\u00e9ntrico local de A Guarda. Ofrece el MASAT una completa colecci\u00f3n de labras y esv\u00e1sticas, de monedas romanas, de objetos cer\u00e1micos, vidrio\u2026 y como piezas singulares destacan un espl\u00e9ndido remate de torques decorado con finas filigranas y el cabez\u00f3n del Trega, el hallazgo m\u00e1s emblem\u00e1tico de las excavaciones realizadas recientemente.<br \/>\nHorario:<br \/>\nDe martes a domingo:<br \/>\nDel 15\/03 al 31\/03: de 10:00h a 19:00h<br \/>\nDel 1\/04 al 30\/06: 10:00h a 20:00h<br \/>\nTarifa actual de acceso al Monte Santa Trega (incluye el acceso al MASAT):<br \/>\n1 \u20ac adultos<br \/>\n0.50 \u20ac menores de 14 a\u00f1os<\/p>\n<p>Museo del Mar<br \/>\nEl Museo del Mar se encuentra en el Puerto de A Guarda, en una atalaya al final del paseo mar\u00edtimo y cuenta con dos colecciones: una etnogr\u00e1fica con una muestra de las antiguas artes de pesca y sus aparejos y otra malacol\u00f3gica, con una selecci\u00f3n de conchas de mar procedentes de todo el mundo.<br \/>\nUna parte del patrimonio inmaterial est\u00e1 recogido en v\u00eddeos editados por el Ayuntamiento: \u201cXentes do mar\u201d, \u201cLendas de mar\u201d, \u201cMulleres do mar\u201d y \u201cTesouros vivos\u201d.<br \/>\nHorario:<br \/>\nS\u00e1bados, domingos y festivos:<br \/>\nDe 11:00h a 14:00h y de 16:00h a 19:00h.<br \/>\nTarifas:<br \/>\n1\u20ac Adultos<br \/>\n0,50\u20ac menores de 14 a\u00f1os<\/p>\n","protected":false},"excerpt":{"rendered":"<p>\u2022 Los Museos de A Guarda se presentan como una buena alternativa cultural y tur\u00edstica para este largo fin de semana Museo Arqueol\u00f3gico Santa Trega (MASAT) El Museo Arqueol\u00f3gico de Sta. Trega (MASAT) ocupa el edificio dise\u00f1ado como restaurante por el arquitecto porri\u00f1\u00e9s Antonio Palacios. Por subscrici\u00f3n popular la Sociedad pro Monte compra y adapta<\/p>\n<div class=\"padding-top text-center\"><a href=\"https:\/\/www.turismoaguarda.es\/en\/a-guarda-invita-a-visitar-el-masat-y-el-museo-del-mar\/\" class=\"atbtn atbtn--medium atbtn--rounded atbtn--transparent\">Read more<i class=\"atbtn__icon atbtn__icon--right fa fa-long-arrow-right\"><\/i><\/a><\/div>\n","protected":false},"author":11,"featured_media":13969,"comment_status":"open","ping_status":"open","sticky":false,"template":"","format":"standard","meta":{"footnotes":""},"categories":[145],"tags":[169,202,180,1592,168],"class_list":["post-13971","post","type-post","status-publish","format-standard","has-post-thumbnail","hentry","category-noticias-museos","tag-a-guarda","tag-cultura","tag-masat","tag-museo-do-mar-2","tag-turismo"],"yoast_head":"<!-- This site is optimized with the Yoast SEO plugin v27.5 - https:\/\/yoast.com\/product\/yoast-seo-wordpress\/ -->\n<title>A Guarda invita a visitar el MASAT y el Museo del Mar | Turismo A Guarda<\/title>\n<meta name=\"robots\" content=\"index, follow, max-snippet:-1, max-image-preview:large, max-video-preview:-1\" \/>\n<link rel=\"canonical\" href=\"https:\/\/www.turismoaguarda.es\/en\/a-guarda-invita-a-visitar-el-masat-y-el-museo-del-mar\/\" \/>\n<meta property=\"og:locale\" content=\"en_US\" \/>\n<meta property=\"og:type\" content=\"article\" \/>\n<meta property=\"og:title\" content=\"A Guarda invita a visitar el MASAT y el Museo del Mar | Turismo A Guarda\" \/>\n<meta property=\"og:description\" content=\"\u2022 Los Museos de A Guarda se presentan como una buena alternativa cultural y tur\u00edstica para este largo fin de semana Museo Arqueol\u00f3gico Santa Trega (MASAT) El Museo Arqueol\u00f3gico de Sta. Trega (MASAT) ocupa el edificio dise\u00f1ado como restaurante por el arquitecto porri\u00f1\u00e9s Antonio Palacios. Por subscrici\u00f3n popular la Sociedad pro Monte compra y adaptaRead more\" \/>\n<meta property=\"og:url\" content=\"https:\/\/www.turismoaguarda.es\/en\/a-guarda-invita-a-visitar-el-masat-y-el-museo-del-mar\/\" \/>\n<meta property=\"og:site_name\" content=\"Turismo A Guarda\" \/>\n<meta property=\"article:publisher\" content=\"https:\/\/es-es.facebook.com\/Turismo-A-Guarda-126223240790625\/\" \/>\n<meta property=\"article:published_time\" content=\"2021-03-18T08:59:45+00:00\" \/>\n<meta property=\"og:image\" content=\"https:\/\/www.turismoaguarda.es\/wp-content\/uploads\/2021\/03\/NP-18032021-A-Guarda-convida-a-visitar-o-MASAT-e-Museo-do-Mar-1.jpg\" \/>\n\t<meta property=\"og:image:width\" content=\"800\" \/>\n\t<meta property=\"og:image:height\" content=\"800\" \/>\n\t<meta property=\"og:image:type\" content=\"image\/jpeg\" \/>\n<meta name=\"author\" content=\"Prensa A Guarda\" \/>\n<meta name=\"twitter:card\" content=\"summary_large_image\" \/>\n<meta name=\"twitter:creator\" content=\"@TurismoAGuarda\" \/>\n<meta name=\"twitter:site\" content=\"@TurismoAGuarda\" \/>\n<meta name=\"twitter:label1\" content=\"Written by\" \/>\n\t<meta name=\"twitter:data1\" content=\"Prensa A Guarda\" \/>\n\t<meta name=\"twitter:label2\" content=\"Est. reading time\" \/>\n\t<meta name=\"twitter:data2\" content=\"1 minute\" \/>\n<script type=\"application\/ld+json\" class=\"yoast-schema-graph\">{\"@context\":\"https:\\\/\\\/schema.org\",\"@graph\":[{\"@type\":\"Article\",\"@id\":\"https:\\\/\\\/www.turismoaguarda.es\\\/en\\\/a-guarda-invita-a-visitar-el-masat-y-el-museo-del-mar\\\/#article\",\"isPartOf\":{\"@id\":\"https:\\\/\\\/www.turismoaguarda.es\\\/en\\\/a-guarda-invita-a-visitar-el-masat-y-el-museo-del-mar\\\/\"},\"author\":{\"name\":\"Prensa A Guarda\",\"@id\":\"https:\\\/\\\/www.turismoaguarda.es\\\/#\\\/schema\\\/person\\\/a8b0c27ad7bcbb6c19799e934727508e\"},\"headline\":\"A Guarda invita a visitar el MASAT y el Museo del Mar\",\"datePublished\":\"2021-03-18T08:59:45+00:00\",\"mainEntityOfPage\":{\"@id\":\"https:\\\/\\\/www.turismoaguarda.es\\\/en\\\/a-guarda-invita-a-visitar-el-masat-y-el-museo-del-mar\\\/\"},\"wordCount\":292,\"commentCount\":0,\"image\":{\"@id\":\"https:\\\/\\\/www.turismoaguarda.es\\\/en\\\/a-guarda-invita-a-visitar-el-masat-y-el-museo-del-mar\\\/#primaryimage\"},\"thumbnailUrl\":\"https:\\\/\\\/www.turismoaguarda.es\\\/wp-content\\\/uploads\\\/2021\\\/03\\\/NP-18032021-A-Guarda-convida-a-visitar-o-MASAT-e-Museo-do-Mar-1.jpg\",\"keywords\":[\"A Guarda\",\"cultura\",\"MASAT\",\"Museo do Mar\",\"turismo\"],\"articleSection\":[\"Noticias Museos\"],\"inLanguage\":\"en-US\",\"potentialAction\":[{\"@type\":\"CommentAction\",\"name\":\"Comment\",\"target\":[\"https:\\\/\\\/www.turismoaguarda.es\\\/en\\\/a-guarda-invita-a-visitar-el-masat-y-el-museo-del-mar\\\/#respond\"]}]},{\"@type\":\"WebPage\",\"@id\":\"https:\\\/\\\/www.turismoaguarda.es\\\/en\\\/a-guarda-invita-a-visitar-el-masat-y-el-museo-del-mar\\\/\",\"url\":\"https:\\\/\\\/www.turismoaguarda.es\\\/en\\\/a-guarda-invita-a-visitar-el-masat-y-el-museo-del-mar\\\/\",\"name\":\"A Guarda invita a visitar el MASAT y el Museo del Mar | Turismo A Guarda\",\"isPartOf\":{\"@id\":\"https:\\\/\\\/www.turismoaguarda.es\\\/#website\"},\"primaryImageOfPage\":{\"@id\":\"https:\\\/\\\/www.turismoaguarda.es\\\/en\\\/a-guarda-invita-a-visitar-el-masat-y-el-museo-del-mar\\\/#primaryimage\"},\"image\":{\"@id\":\"https:\\\/\\\/www.turismoaguarda.es\\\/en\\\/a-guarda-invita-a-visitar-el-masat-y-el-museo-del-mar\\\/#primaryimage\"},\"thumbnailUrl\":\"https:\\\/\\\/www.turismoaguarda.es\\\/wp-content\\\/uploads\\\/2021\\\/03\\\/NP-18032021-A-Guarda-convida-a-visitar-o-MASAT-e-Museo-do-Mar-1.jpg\",\"datePublished\":\"2021-03-18T08:59:45+00:00\",\"author\":{\"@id\":\"https:\\\/\\\/www.turismoaguarda.es\\\/#\\\/schema\\\/person\\\/a8b0c27ad7bcbb6c19799e934727508e\"},\"breadcrumb\":{\"@id\":\"https:\\\/\\\/www.turismoaguarda.es\\\/en\\\/a-guarda-invita-a-visitar-el-masat-y-el-museo-del-mar\\\/#breadcrumb\"},\"inLanguage\":\"en-US\",\"potentialAction\":[{\"@type\":\"ReadAction\",\"target\":[\"https:\\\/\\\/www.turismoaguarda.es\\\/en\\\/a-guarda-invita-a-visitar-el-masat-y-el-museo-del-mar\\\/\"]}]},{\"@type\":\"ImageObject\",\"inLanguage\":\"en-US\",\"@id\":\"https:\\\/\\\/www.turismoaguarda.es\\\/en\\\/a-guarda-invita-a-visitar-el-masat-y-el-museo-del-mar\\\/#primaryimage\",\"url\":\"https:\\\/\\\/www.turismoaguarda.es\\\/wp-content\\\/uploads\\\/2021\\\/03\\\/NP-18032021-A-Guarda-convida-a-visitar-o-MASAT-e-Museo-do-Mar-1.jpg\",\"contentUrl\":\"https:\\\/\\\/www.turismoaguarda.es\\\/wp-content\\\/uploads\\\/2021\\\/03\\\/NP-18032021-A-Guarda-convida-a-visitar-o-MASAT-e-Museo-do-Mar-1.jpg\",\"width\":800,\"height\":800},{\"@type\":\"BreadcrumbList\",\"@id\":\"https:\\\/\\\/www.turismoaguarda.es\\\/en\\\/a-guarda-invita-a-visitar-el-masat-y-el-museo-del-mar\\\/#breadcrumb\",\"itemListElement\":[{\"@type\":\"ListItem\",\"position\":1,\"name\":\"Portada\",\"item\":\"https:\\\/\\\/www.turismoaguarda.es\\\/en\\\/\"},{\"@type\":\"ListItem\",\"position\":2,\"name\":\"A Guarda invita a visitar el MASAT y el Museo del Mar\"}]},{\"@type\":\"WebSite\",\"@id\":\"https:\\\/\\\/www.turismoaguarda.es\\\/#website\",\"url\":\"https:\\\/\\\/www.turismoaguarda.es\\\/\",\"name\":\"Turismo A Guarda\",\"description\":\"Informaci\u00f3n tur\u00edstica de A Guarda y alrededores.\",\"potentialAction\":[{\"@type\":\"SearchAction\",\"target\":{\"@type\":\"EntryPoint\",\"urlTemplate\":\"https:\\\/\\\/www.turismoaguarda.es\\\/?s={search_term_string}\"},\"query-input\":{\"@type\":\"PropertyValueSpecification\",\"valueRequired\":true,\"valueName\":\"search_term_string\"}}],\"inLanguage\":\"en-US\"},{\"@type\":\"Person\",\"@id\":\"https:\\\/\\\/www.turismoaguarda.es\\\/#\\\/schema\\\/person\\\/a8b0c27ad7bcbb6c19799e934727508e\",\"name\":\"Prensa A Guarda\",\"image\":{\"@type\":\"ImageObject\",\"inLanguage\":\"en-US\",\"@id\":\"https:\\\/\\\/secure.gravatar.com\\\/avatar\\\/387e117f874ba5d0a3439060b45d914395d77287b2e4890a49d1599fc3ef9189?s=96&d=mm&r=g\",\"url\":\"https:\\\/\\\/secure.gravatar.com\\\/avatar\\\/387e117f874ba5d0a3439060b45d914395d77287b2e4890a49d1599fc3ef9189?s=96&d=mm&r=g\",\"contentUrl\":\"https:\\\/\\\/secure.gravatar.com\\\/avatar\\\/387e117f874ba5d0a3439060b45d914395d77287b2e4890a49d1599fc3ef9189?s=96&d=mm&r=g\",\"caption\":\"Prensa A Guarda\"},\"url\":\"https:\\\/\\\/www.turismoaguarda.es\\\/en\\\/author\\\/prensa\\\/\"}]}<\/script>\n<!-- \/ Yoast SEO plugin. -->","yoast_head_json":{"title":"A Guarda invita a visitar el MASAT y el Museo del Mar | Turismo A Guarda","robots":{"index":"index","follow":"follow","max-snippet":"max-snippet:-1","max-image-preview":"max-image-preview:large","max-video-preview":"max-video-preview:-1"},"canonical":"https:\/\/www.turismoaguarda.es\/en\/a-guarda-invita-a-visitar-el-masat-y-el-museo-del-mar\/","og_locale":"en_US","og_type":"article","og_title":"A Guarda invita a visitar el MASAT y el Museo del Mar | Turismo A Guarda","og_description":"\u2022 Los Museos de A Guarda se presentan como una buena alternativa cultural y tur\u00edstica para este largo fin de semana Museo Arqueol\u00f3gico Santa Trega (MASAT) El Museo Arqueol\u00f3gico de Sta. Trega (MASAT) ocupa el edificio dise\u00f1ado como restaurante por el arquitecto porri\u00f1\u00e9s Antonio Palacios. Por subscrici\u00f3n popular la Sociedad pro Monte compra y adaptaRead more","og_url":"https:\/\/www.turismoaguarda.es\/en\/a-guarda-invita-a-visitar-el-masat-y-el-museo-del-mar\/","og_site_name":"Turismo A Guarda","article_publisher":"https:\/\/es-es.facebook.com\/Turismo-A-Guarda-126223240790625\/","article_published_time":"2021-03-18T08:59:45+00:00","og_image":[{"width":800,"height":800,"url":"https:\/\/www.turismoaguarda.es\/wp-content\/uploads\/2021\/03\/NP-18032021-A-Guarda-convida-a-visitar-o-MASAT-e-Museo-do-Mar-1.jpg","type":"image\/jpeg"}],"author":"Prensa A Guarda","twitter_card":"summary_large_image","twitter_creator":"@TurismoAGuarda","twitter_site":"@TurismoAGuarda","twitter_misc":{"Written by":"Prensa A Guarda","Est. reading time":"1 minute"},"schema":{"@context":"https:\/\/schema.org","@graph":[{"@type":"Article","@id":"https:\/\/www.turismoaguarda.es\/en\/a-guarda-invita-a-visitar-el-masat-y-el-museo-del-mar\/#article","isPartOf":{"@id":"https:\/\/www.turismoaguarda.es\/en\/a-guarda-invita-a-visitar-el-masat-y-el-museo-del-mar\/"},"author":{"name":"Prensa A Guarda","@id":"https:\/\/www.turismoaguarda.es\/#\/schema\/person\/a8b0c27ad7bcbb6c19799e934727508e"},"headline":"A Guarda invita a visitar el MASAT y el Museo del Mar","datePublished":"2021-03-18T08:59:45+00:00","mainEntityOfPage":{"@id":"https:\/\/www.turismoaguarda.es\/en\/a-guarda-invita-a-visitar-el-masat-y-el-museo-del-mar\/"},"wordCount":292,"commentCount":0,"image":{"@id":"https:\/\/www.turismoaguarda.es\/en\/a-guarda-invita-a-visitar-el-masat-y-el-museo-del-mar\/#primaryimage"},"thumbnailUrl":"https:\/\/www.turismoaguarda.es\/wp-content\/uploads\/2021\/03\/NP-18032021-A-Guarda-convida-a-visitar-o-MASAT-e-Museo-do-Mar-1.jpg","keywords":["A Guarda","cultura","MASAT","Museo do Mar","turismo"],"articleSection":["Noticias Museos"],"inLanguage":"en-US","potentialAction":[{"@type":"CommentAction","name":"Comment","target":["https:\/\/www.turismoaguarda.es\/en\/a-guarda-invita-a-visitar-el-masat-y-el-museo-del-mar\/#respond"]}]},{"@type":"WebPage","@id":"https:\/\/www.turismoaguarda.es\/en\/a-guarda-invita-a-visitar-el-masat-y-el-museo-del-mar\/","url":"https:\/\/www.turismoaguarda.es\/en\/a-guarda-invita-a-visitar-el-masat-y-el-museo-del-mar\/","name":"A Guarda invita a visitar el MASAT y el Museo del Mar | Turismo A Guarda","isPartOf":{"@id":"https:\/\/www.turismoaguarda.es\/#website"},"primaryImageOfPage":{"@id":"https:\/\/www.turismoaguarda.es\/en\/a-guarda-invita-a-visitar-el-masat-y-el-museo-del-mar\/#primaryimage"},"image":{"@id":"https:\/\/www.turismoaguarda.es\/en\/a-guarda-invita-a-visitar-el-masat-y-el-museo-del-mar\/#primaryimage"},"thumbnailUrl":"https:\/\/www.turismoaguarda.es\/wp-content\/uploads\/2021\/03\/NP-18032021-A-Guarda-convida-a-visitar-o-MASAT-e-Museo-do-Mar-1.jpg","datePublished":"2021-03-18T08:59:45+00:00","author":{"@id":"https:\/\/www.turismoaguarda.es\/#\/schema\/person\/a8b0c27ad7bcbb6c19799e934727508e"},"breadcrumb":{"@id":"https:\/\/www.turismoaguarda.es\/en\/a-guarda-invita-a-visitar-el-masat-y-el-museo-del-mar\/#breadcrumb"},"inLanguage":"en-US","potentialAction":[{"@type":"ReadAction","target":["https:\/\/www.turismoaguarda.es\/en\/a-guarda-invita-a-visitar-el-masat-y-el-museo-del-mar\/"]}]},{"@type":"ImageObject","inLanguage":"en-US","@id":"https:\/\/www.turismoaguarda.es\/en\/a-guarda-invita-a-visitar-el-masat-y-el-museo-del-mar\/#primaryimage","url":"https:\/\/www.turismoaguarda.es\/wp-content\/uploads\/2021\/03\/NP-18032021-A-Guarda-convida-a-visitar-o-MASAT-e-Museo-do-Mar-1.jpg","contentUrl":"https:\/\/www.turismoaguarda.es\/wp-content\/uploads\/2021\/03\/NP-18032021-A-Guarda-convida-a-visitar-o-MASAT-e-Museo-do-Mar-1.jpg","width":800,"height":800},{"@type":"BreadcrumbList","@id":"https:\/\/www.turismoaguarda.es\/en\/a-guarda-invita-a-visitar-el-masat-y-el-museo-del-mar\/#breadcrumb","itemListElement":[{"@type":"ListItem","position":1,"name":"Portada","item":"https:\/\/www.turismoaguarda.es\/en\/"},{"@type":"ListItem","position":2,"name":"A Guarda invita a visitar el MASAT y el Museo del Mar"}]},{"@type":"WebSite","@id":"https:\/\/www.turismoaguarda.es\/#website","url":"https:\/\/www.turismoaguarda.es\/","name":"Turismo A Guarda","description":"Informaci\u00f3n tur\u00edstica de A Guarda y alrededores.","potentialAction":[{"@type":"SearchAction","target":{"@type":"EntryPoint","urlTemplate":"https:\/\/www.turismoaguarda.es\/?s={search_term_string}"},"query-input":{"@type":"PropertyValueSpecification","valueRequired":true,"valueName":"search_term_string"}}],"inLanguage":"en-US"},{"@type":"Person","@id":"https:\/\/www.turismoaguarda.es\/#\/schema\/person\/a8b0c27ad7bcbb6c19799e934727508e","name":"Prensa A Guarda","image":{"@type":"ImageObject","inLanguage":"en-US","@id":"https:\/\/secure.gravatar.com\/avatar\/387e117f874ba5d0a3439060b45d914395d77287b2e4890a49d1599fc3ef9189?s=96&d=mm&r=g","url":"https:\/\/secure.gravatar.com\/avatar\/387e117f874ba5d0a3439060b45d914395d77287b2e4890a49d1599fc3ef9189?s=96&d=mm&r=g","contentUrl":"https:\/\/secure.gravatar.com\/avatar\/387e117f874ba5d0a3439060b45d914395d77287b2e4890a49d1599fc3ef9189?s=96&d=mm&r=g","caption":"Prensa A Guarda"},"url":"https:\/\/www.turismoaguarda.es\/en\/author\/prensa\/"}]}},"_links":{"self":[{"href":"https:\/\/www.turismoaguarda.es\/en\/wp-json\/wp\/v2\/posts\/13971","targetHints":{"allow":["GET"]}}],"collection":[{"href":"https:\/\/www.turismoaguarda.es\/en\/wp-json\/wp\/v2\/posts"}],"about":[{"href":"https:\/\/www.turismoaguarda.es\/en\/wp-json\/wp\/v2\/types\/post"}],"author":[{"embeddable":true,"href":"https:\/\/www.turismoaguarda.es\/en\/wp-json\/wp\/v2\/users\/11"}],"replies":[{"embeddable":true,"href":"https:\/\/www.turismoaguarda.es\/en\/wp-json\/wp\/v2\/comments?post=13971"}],"version-history":[{"count":1,"href":"https:\/\/www.turismoaguarda.es\/en\/wp-json\/wp\/v2\/posts\/13971\/revisions"}],"predecessor-version":[{"id":13972,"href":"https:\/\/www.turismoaguarda.es\/en\/wp-json\/wp\/v2\/posts\/13971\/revisions\/13972"}],"wp:featuredmedia":[{"embeddable":true,"href":"https:\/\/www.turismoaguarda.es\/en\/wp-json\/wp\/v2\/media\/13969"}],"wp:attachment":[{"href":"https:\/\/www.turismoaguarda.es\/en\/wp-json\/wp\/v2\/media?parent=13971"}],"wp:term":[{"taxonomy":"category","embeddable":true,"href":"https:\/\/www.turismoaguarda.es\/en\/wp-json\/wp\/v2\/categories?post=13971"},{"taxonomy":"post_tag","embeddable":true,"href":"https:\/\/www.turismoaguarda.es\/en\/wp-json\/wp\/v2\/tags?post=13971"}],"curies":[{"name":"wp","href":"https:\/\/api.w.org\/{rel}","templated":true}]}}