{"id":13631,"date":"2021-01-26T16:28:12","date_gmt":"2021-01-26T15:28:12","guid":{"rendered":"https:\/\/www.turismoaguarda.es\/?p=13631"},"modified":"2021-01-26T16:30:34","modified_gmt":"2021-01-26T15:30:34","slug":"26-01-2021-formacion-para-profesionais-da-hostaleria","status":"publish","type":"post","link":"https:\/\/www.turismoaguarda.es\/en\/26-01-2021-formacion-para-profesionais-da-hostaleria\/","title":{"rendered":"26\/01\/2021 Formaci\u00f3n para profesionais da hostaler\u00eda"},"content":{"rendered":"<p class=\"western\" lang=\"es-ES\" align=\"justify\"><strong><span style=\"font-size: small;\"><span style=\"font-family: Trebuchet MS, sans-serif;\"><span lang=\"gl-ES\">Inform\u00e1tica San Benito comezar\u00e1 en febreiro o curso online HOTR040PO GESTI\u00d3N D<\/span><\/span><span style=\"color: #000000;\"><span style=\"font-family: Trebuchet MS, sans-serif;\"><span lang=\"gl-ES\">A<\/span><\/span><\/span><span style=\"font-family: Trebuchet MS, sans-serif;\"><span lang=\"gl-ES\"> RESTAURACI\u00d3N (Formaci\u00f3n profesional de hostaler\u00eda)<\/span><\/span><\/span><\/strong><\/p>\n<p lang=\"es-ES\" align=\"justify\">\n<\/p><p class=\"western\" lang=\"es-ES\" align=\"justify\"><span style=\"font-size: small;\"><span style=\"font-family: Trebuchet MS, sans-serif;\"><span lang=\"gl-ES\">Dirixido a: <\/span><\/span><\/span><\/p>\n<ul>\n<li>\n<p class=\"western\" lang=\"es-ES\" align=\"justify\"><span style=\"font-size: small;\"><span style=\"font-family: Trebuchet MS, sans-serif;\"><span lang=\"gl-ES\">Traballadores do r\u00e9xime xeral do sector Hostaler\u00eda\/Turismo.<\/span><\/span><\/span><\/p>\n<\/li>\n<li>\n<p class=\"western\" lang=\"es-ES\" align=\"justify\"><span style=\"font-size: small;\"><span style=\"font-family: Trebuchet MS, sans-serif;\"><span lang=\"gl-ES\">Traballadores en situaci\u00f3n de ERTE\/ERE de calqueira sector.<\/span><\/span><\/span><\/p>\n<\/li>\n<li>\n<p class=\"western\" lang=\"es-ES\" align=\"justify\"><span style=\"font-size: small;\"><span style=\"font-family: Trebuchet MS, sans-serif;\"><span lang=\"gl-ES\">Aut\u00f3nomos de calquera sector.<\/span><\/span><\/span><\/p>\n<\/li>\n<li>\n<p class=\"western\" lang=\"es-ES\" align=\"justify\"><span style=\"font-size: small;\"><span style=\"font-family: Trebuchet MS, sans-serif;\"><span lang=\"gl-ES\">Desempregadors<\/span><\/span><\/span><\/p>\n<\/li>\n<\/ul>\n<p class=\"western\" lang=\"es-ES\" align=\"justify\"><span style=\"font-size: small;\"><span style=\"font-family: Trebuchet MS, sans-serif;\"><span lang=\"gl-ES\">Curso de 100 horas e gratu\u00edto onde o alumno formarase no sector, na realizaci\u00f3n de proxectos de viabilidade de implantaci\u00f3n nun restaurante, analizando <\/span><\/span><span style=\"color: #000000;\"><span style=\"font-family: Trebuchet MS, sans-serif;\"><span lang=\"gl-ES\">a<\/span><\/span><\/span><span style=\"font-family: Trebuchet MS, sans-serif;\"><span lang=\"gl-ES\"> organizaci\u00f3n <\/span><\/span><span style=\"color: #000000;\"><span style=\"font-family: Trebuchet MS, sans-serif;\"><span lang=\"gl-ES\">e<\/span><\/span><\/span><span style=\"font-family: Trebuchet MS, sans-serif;\"><span lang=\"gl-ES\"> planificaci\u00f3n, control de costes e as normas de seguridade e hixiene en restauraci\u00f3n.<\/span><\/span><\/span><\/p>\n<p class=\"western\" lang=\"es-ES\" align=\"justify\"><span style=\"font-size: small;\"><span style=\"font-family: Trebuchet MS, sans-serif;\"><span lang=\"gl-ES\">Inscrici\u00f3n nos tel<\/span><\/span><span style=\"color: #000000;\"><span style=\"font-family: Trebuchet MS, sans-serif;\"><span lang=\"gl-ES\">\u00e9fono<\/span><\/span><\/span><span style=\"font-family: Trebuchet MS, sans-serif;\"><span lang=\"gl-ES\"> 986 60 89 20 ou 608 84 40 58<\/span><\/span><\/span><\/p>\n<p class=\"western\" lang=\"es-ES\" align=\"justify\"><a href=\"https:\/\/sanbenito.es\/courses\/hotr040po-gestion-de-la-restauracion\/\" target=\"_blank\" rel=\"noopener noreferrer\"><span style=\"font-size: small;\"><span style=\"font-family: Trebuchet MS, sans-serif;\"><span lang=\"gl-ES\">Prema para m\u00e1is informaci\u00f3n.<\/span><\/span><\/span><\/a><\/p>\n","protected":false},"excerpt":{"rendered":"<p>Inform\u00e1tica San Benito comezar\u00e1 en febreiro o curso online HOTR040PO GESTI\u00d3N DA RESTAURACI\u00d3N (Formaci\u00f3n profesional de hostaler\u00eda) Dirixido a: Traballadores do r\u00e9xime xeral do sector Hostaler\u00eda\/Turismo. Traballadores en situaci\u00f3n de ERTE\/ERE de calqueira sector. Aut\u00f3nomos de calquera sector. Desempregadors Curso de 100 horas e gratu\u00edto onde o alumno formarase no sector, na realizaci\u00f3n de proxectos<\/p>\n<div class=\"padding-top text-center\"><a href=\"https:\/\/www.turismoaguarda.es\/en\/26-01-2021-formacion-para-profesionais-da-hostaleria\/\" class=\"atbtn atbtn--medium atbtn--rounded atbtn--transparent\">Read more<i class=\"atbtn__icon atbtn__icon--right fa fa-long-arrow-right\"><\/i><\/a><\/div>\n","protected":false},"author":7,"featured_media":0,"comment_status":"open","ping_status":"open","sticky":false,"template":"","format":"standard","meta":{"footnotes":""},"categories":[1810],"tags":[],"class_list":["post-13631","post","type-post","status-publish","format-standard","hentry","category-noticias-hosteleria"],"yoast_head":"<!-- This site is optimized with the Yoast SEO plugin v27.5 - https:\/\/yoast.com\/product\/yoast-seo-wordpress\/ -->\n<title>26\/01\/2021 Formaci\u00f3n para profesionais da hostaler\u00eda | Turismo A Guarda<\/title>\n<meta name=\"robots\" content=\"index, follow, max-snippet:-1, max-image-preview:large, max-video-preview:-1\" \/>\n<link rel=\"canonical\" href=\"https:\/\/www.turismoaguarda.es\/gl\/26-01-2021-formacion-para-profesionais-da-hostaleria\/\" \/>\n<meta property=\"og:locale\" content=\"en_US\" \/>\n<meta property=\"og:type\" content=\"article\" \/>\n<meta property=\"og:title\" content=\"26\/01\/2021 Formaci\u00f3n para profesionais da hostaler\u00eda | Turismo A Guarda\" \/>\n<meta property=\"og:description\" content=\"Inform\u00e1tica San Benito comezar\u00e1 en febreiro o curso online HOTR040PO GESTI\u00d3N DA RESTAURACI\u00d3N (Formaci\u00f3n profesional de hostaler\u00eda) Dirixido a: Traballadores do r\u00e9xime xeral do sector Hostaler\u00eda\/Turismo. Traballadores en situaci\u00f3n de ERTE\/ERE de calqueira sector. Aut\u00f3nomos de calquera sector. Desempregadors Curso de 100 horas e gratu\u00edto onde o alumno formarase no sector, na realizaci\u00f3n de proxectosRead more\" \/>\n<meta property=\"og:url\" content=\"https:\/\/www.turismoaguarda.es\/gl\/26-01-2021-formacion-para-profesionais-da-hostaleria\/\" \/>\n<meta property=\"og:site_name\" content=\"Turismo A Guarda\" \/>\n<meta property=\"article:publisher\" content=\"https:\/\/es-es.facebook.com\/Turismo-A-Guarda-126223240790625\/\" \/>\n<meta property=\"article:published_time\" content=\"2021-01-26T15:28:12+00:00\" \/>\n<meta property=\"article:modified_time\" content=\"2021-01-26T15:30:34+00:00\" \/>\n<meta name=\"author\" content=\"Rosalia Verde\" \/>\n<meta name=\"twitter:card\" content=\"summary_large_image\" \/>\n<meta name=\"twitter:creator\" content=\"@TurismoAGuarda\" \/>\n<meta name=\"twitter:site\" content=\"@TurismoAGuarda\" \/>\n<meta name=\"twitter:label1\" content=\"Written by\" \/>\n\t<meta name=\"twitter:data1\" content=\"Rosalia Verde\" \/>\n\t<meta name=\"twitter:label2\" content=\"Est. reading time\" \/>\n\t<meta name=\"twitter:data2\" content=\"1 minute\" \/>\n<script type=\"application\/ld+json\" class=\"yoast-schema-graph\">{\"@context\":\"https:\\\/\\\/schema.org\",\"@graph\":[{\"@type\":\"Article\",\"@id\":\"https:\\\/\\\/www.turismoaguarda.es\\\/gl\\\/26-01-2021-formacion-para-profesionais-da-hostaleria\\\/#article\",\"isPartOf\":{\"@id\":\"https:\\\/\\\/www.turismoaguarda.es\\\/gl\\\/26-01-2021-formacion-para-profesionais-da-hostaleria\\\/\"},\"author\":{\"name\":\"Rosalia Verde\",\"@id\":\"https:\\\/\\\/www.turismoaguarda.es\\\/#\\\/schema\\\/person\\\/9282bb1649316a88a88b0eca34bd959b\"},\"headline\":\"26\\\/01\\\/2021 Formaci\u00f3n para profesionais da hostaler\u00eda\",\"datePublished\":\"2021-01-26T15:28:12+00:00\",\"dateModified\":\"2021-01-26T15:30:34+00:00\",\"mainEntityOfPage\":{\"@id\":\"https:\\\/\\\/www.turismoaguarda.es\\\/gl\\\/26-01-2021-formacion-para-profesionais-da-hostaleria\\\/\"},\"wordCount\":115,\"commentCount\":0,\"articleSection\":[\"Noticias Hosteler\u00eda\"],\"inLanguage\":\"en-US\",\"potentialAction\":[{\"@type\":\"CommentAction\",\"name\":\"Comment\",\"target\":[\"https:\\\/\\\/www.turismoaguarda.es\\\/gl\\\/26-01-2021-formacion-para-profesionais-da-hostaleria\\\/#respond\"]}]},{\"@type\":\"WebPage\",\"@id\":\"https:\\\/\\\/www.turismoaguarda.es\\\/gl\\\/26-01-2021-formacion-para-profesionais-da-hostaleria\\\/\",\"url\":\"https:\\\/\\\/www.turismoaguarda.es\\\/gl\\\/26-01-2021-formacion-para-profesionais-da-hostaleria\\\/\",\"name\":\"26\\\/01\\\/2021 Formaci\u00f3n para profesionais da hostaler\u00eda | Turismo A Guarda\",\"isPartOf\":{\"@id\":\"https:\\\/\\\/www.turismoaguarda.es\\\/#website\"},\"datePublished\":\"2021-01-26T15:28:12+00:00\",\"dateModified\":\"2021-01-26T15:30:34+00:00\",\"author\":{\"@id\":\"https:\\\/\\\/www.turismoaguarda.es\\\/#\\\/schema\\\/person\\\/9282bb1649316a88a88b0eca34bd959b\"},\"breadcrumb\":{\"@id\":\"https:\\\/\\\/www.turismoaguarda.es\\\/gl\\\/26-01-2021-formacion-para-profesionais-da-hostaleria\\\/#breadcrumb\"},\"inLanguage\":\"en-US\",\"potentialAction\":[{\"@type\":\"ReadAction\",\"target\":[\"https:\\\/\\\/www.turismoaguarda.es\\\/gl\\\/26-01-2021-formacion-para-profesionais-da-hostaleria\\\/\"]}]},{\"@type\":\"BreadcrumbList\",\"@id\":\"https:\\\/\\\/www.turismoaguarda.es\\\/gl\\\/26-01-2021-formacion-para-profesionais-da-hostaleria\\\/#breadcrumb\",\"itemListElement\":[{\"@type\":\"ListItem\",\"position\":1,\"name\":\"Portada\",\"item\":\"https:\\\/\\\/www.turismoaguarda.es\\\/en\\\/\"},{\"@type\":\"ListItem\",\"position\":2,\"name\":\"26\\\/01\\\/2021 Formaci\u00f3n para profesionais da hostaler\u00eda\"}]},{\"@type\":\"WebSite\",\"@id\":\"https:\\\/\\\/www.turismoaguarda.es\\\/#website\",\"url\":\"https:\\\/\\\/www.turismoaguarda.es\\\/\",\"name\":\"Turismo A Guarda\",\"description\":\"Informaci\u00f3n tur\u00edstica de A Guarda y alrededores.\",\"potentialAction\":[{\"@type\":\"SearchAction\",\"target\":{\"@type\":\"EntryPoint\",\"urlTemplate\":\"https:\\\/\\\/www.turismoaguarda.es\\\/?s={search_term_string}\"},\"query-input\":{\"@type\":\"PropertyValueSpecification\",\"valueRequired\":true,\"valueName\":\"search_term_string\"}}],\"inLanguage\":\"en-US\"},{\"@type\":\"Person\",\"@id\":\"https:\\\/\\\/www.turismoaguarda.es\\\/#\\\/schema\\\/person\\\/9282bb1649316a88a88b0eca34bd959b\",\"name\":\"Rosalia Verde\",\"image\":{\"@type\":\"ImageObject\",\"inLanguage\":\"en-US\",\"@id\":\"https:\\\/\\\/secure.gravatar.com\\\/avatar\\\/40761cb45c6464d3a83ebde1e1f3fa222726fcacc4d5b5048a7920608c99e0e5?s=96&d=mm&r=g\",\"url\":\"https:\\\/\\\/secure.gravatar.com\\\/avatar\\\/40761cb45c6464d3a83ebde1e1f3fa222726fcacc4d5b5048a7920608c99e0e5?s=96&d=mm&r=g\",\"contentUrl\":\"https:\\\/\\\/secure.gravatar.com\\\/avatar\\\/40761cb45c6464d3a83ebde1e1f3fa222726fcacc4d5b5048a7920608c99e0e5?s=96&d=mm&r=g\",\"caption\":\"Rosalia Verde\"},\"url\":\"https:\\\/\\\/www.turismoaguarda.es\\\/en\\\/author\\\/rosalia\\\/\"}]}<\/script>\n<!-- \/ Yoast SEO plugin. -->","yoast_head_json":{"title":"26\/01\/2021 Formaci\u00f3n para profesionais da hostaler\u00eda | Turismo A Guarda","robots":{"index":"index","follow":"follow","max-snippet":"max-snippet:-1","max-image-preview":"max-image-preview:large","max-video-preview":"max-video-preview:-1"},"canonical":"https:\/\/www.turismoaguarda.es\/gl\/26-01-2021-formacion-para-profesionais-da-hostaleria\/","og_locale":"en_US","og_type":"article","og_title":"26\/01\/2021 Formaci\u00f3n para profesionais da hostaler\u00eda | Turismo A Guarda","og_description":"Inform\u00e1tica San Benito comezar\u00e1 en febreiro o curso online HOTR040PO GESTI\u00d3N DA RESTAURACI\u00d3N (Formaci\u00f3n profesional de hostaler\u00eda) Dirixido a: Traballadores do r\u00e9xime xeral do sector Hostaler\u00eda\/Turismo. Traballadores en situaci\u00f3n de ERTE\/ERE de calqueira sector. Aut\u00f3nomos de calquera sector. Desempregadors Curso de 100 horas e gratu\u00edto onde o alumno formarase no sector, na realizaci\u00f3n de proxectosRead more","og_url":"https:\/\/www.turismoaguarda.es\/gl\/26-01-2021-formacion-para-profesionais-da-hostaleria\/","og_site_name":"Turismo A Guarda","article_publisher":"https:\/\/es-es.facebook.com\/Turismo-A-Guarda-126223240790625\/","article_published_time":"2021-01-26T15:28:12+00:00","article_modified_time":"2021-01-26T15:30:34+00:00","author":"Rosalia Verde","twitter_card":"summary_large_image","twitter_creator":"@TurismoAGuarda","twitter_site":"@TurismoAGuarda","twitter_misc":{"Written by":"Rosalia Verde","Est. reading time":"1 minute"},"schema":{"@context":"https:\/\/schema.org","@graph":[{"@type":"Article","@id":"https:\/\/www.turismoaguarda.es\/gl\/26-01-2021-formacion-para-profesionais-da-hostaleria\/#article","isPartOf":{"@id":"https:\/\/www.turismoaguarda.es\/gl\/26-01-2021-formacion-para-profesionais-da-hostaleria\/"},"author":{"name":"Rosalia Verde","@id":"https:\/\/www.turismoaguarda.es\/#\/schema\/person\/9282bb1649316a88a88b0eca34bd959b"},"headline":"26\/01\/2021 Formaci\u00f3n para profesionais da hostaler\u00eda","datePublished":"2021-01-26T15:28:12+00:00","dateModified":"2021-01-26T15:30:34+00:00","mainEntityOfPage":{"@id":"https:\/\/www.turismoaguarda.es\/gl\/26-01-2021-formacion-para-profesionais-da-hostaleria\/"},"wordCount":115,"commentCount":0,"articleSection":["Noticias Hosteler\u00eda"],"inLanguage":"en-US","potentialAction":[{"@type":"CommentAction","name":"Comment","target":["https:\/\/www.turismoaguarda.es\/gl\/26-01-2021-formacion-para-profesionais-da-hostaleria\/#respond"]}]},{"@type":"WebPage","@id":"https:\/\/www.turismoaguarda.es\/gl\/26-01-2021-formacion-para-profesionais-da-hostaleria\/","url":"https:\/\/www.turismoaguarda.es\/gl\/26-01-2021-formacion-para-profesionais-da-hostaleria\/","name":"26\/01\/2021 Formaci\u00f3n para profesionais da hostaler\u00eda | Turismo A Guarda","isPartOf":{"@id":"https:\/\/www.turismoaguarda.es\/#website"},"datePublished":"2021-01-26T15:28:12+00:00","dateModified":"2021-01-26T15:30:34+00:00","author":{"@id":"https:\/\/www.turismoaguarda.es\/#\/schema\/person\/9282bb1649316a88a88b0eca34bd959b"},"breadcrumb":{"@id":"https:\/\/www.turismoaguarda.es\/gl\/26-01-2021-formacion-para-profesionais-da-hostaleria\/#breadcrumb"},"inLanguage":"en-US","potentialAction":[{"@type":"ReadAction","target":["https:\/\/www.turismoaguarda.es\/gl\/26-01-2021-formacion-para-profesionais-da-hostaleria\/"]}]},{"@type":"BreadcrumbList","@id":"https:\/\/www.turismoaguarda.es\/gl\/26-01-2021-formacion-para-profesionais-da-hostaleria\/#breadcrumb","itemListElement":[{"@type":"ListItem","position":1,"name":"Portada","item":"https:\/\/www.turismoaguarda.es\/en\/"},{"@type":"ListItem","position":2,"name":"26\/01\/2021 Formaci\u00f3n para profesionais da hostaler\u00eda"}]},{"@type":"WebSite","@id":"https:\/\/www.turismoaguarda.es\/#website","url":"https:\/\/www.turismoaguarda.es\/","name":"Turismo A Guarda","description":"Informaci\u00f3n tur\u00edstica de A Guarda y alrededores.","potentialAction":[{"@type":"SearchAction","target":{"@type":"EntryPoint","urlTemplate":"https:\/\/www.turismoaguarda.es\/?s={search_term_string}"},"query-input":{"@type":"PropertyValueSpecification","valueRequired":true,"valueName":"search_term_string"}}],"inLanguage":"en-US"},{"@type":"Person","@id":"https:\/\/www.turismoaguarda.es\/#\/schema\/person\/9282bb1649316a88a88b0eca34bd959b","name":"Rosalia Verde","image":{"@type":"ImageObject","inLanguage":"en-US","@id":"https:\/\/secure.gravatar.com\/avatar\/40761cb45c6464d3a83ebde1e1f3fa222726fcacc4d5b5048a7920608c99e0e5?s=96&d=mm&r=g","url":"https:\/\/secure.gravatar.com\/avatar\/40761cb45c6464d3a83ebde1e1f3fa222726fcacc4d5b5048a7920608c99e0e5?s=96&d=mm&r=g","contentUrl":"https:\/\/secure.gravatar.com\/avatar\/40761cb45c6464d3a83ebde1e1f3fa222726fcacc4d5b5048a7920608c99e0e5?s=96&d=mm&r=g","caption":"Rosalia Verde"},"url":"https:\/\/www.turismoaguarda.es\/en\/author\/rosalia\/"}]}},"_links":{"self":[{"href":"https:\/\/www.turismoaguarda.es\/en\/wp-json\/wp\/v2\/posts\/13631","targetHints":{"allow":["GET"]}}],"collection":[{"href":"https:\/\/www.turismoaguarda.es\/en\/wp-json\/wp\/v2\/posts"}],"about":[{"href":"https:\/\/www.turismoaguarda.es\/en\/wp-json\/wp\/v2\/types\/post"}],"author":[{"embeddable":true,"href":"https:\/\/www.turismoaguarda.es\/en\/wp-json\/wp\/v2\/users\/7"}],"replies":[{"embeddable":true,"href":"https:\/\/www.turismoaguarda.es\/en\/wp-json\/wp\/v2\/comments?post=13631"}],"version-history":[{"count":3,"href":"https:\/\/www.turismoaguarda.es\/en\/wp-json\/wp\/v2\/posts\/13631\/revisions"}],"predecessor-version":[{"id":13634,"href":"https:\/\/www.turismoaguarda.es\/en\/wp-json\/wp\/v2\/posts\/13631\/revisions\/13634"}],"wp:attachment":[{"href":"https:\/\/www.turismoaguarda.es\/en\/wp-json\/wp\/v2\/media?parent=13631"}],"wp:term":[{"taxonomy":"category","embeddable":true,"href":"https:\/\/www.turismoaguarda.es\/en\/wp-json\/wp\/v2\/categories?post=13631"},{"taxonomy":"post_tag","embeddable":true,"href":"https:\/\/www.turismoaguarda.es\/en\/wp-json\/wp\/v2\/tags?post=13631"}],"curies":[{"name":"wp","href":"https:\/\/api.w.org\/{rel}","templated":true}]}}