{"id":13098,"date":"2020-09-04T12:10:20","date_gmt":"2020-09-04T10:10:20","guid":{"rendered":"https:\/\/www.turismoaguarda.es\/?p=13098"},"modified":"2020-09-04T12:10:20","modified_gmt":"2020-09-04T10:10:20","slug":"la-iniciativa-de-ecoturismo-vive-o-rio-minho-oferta-un-fin-de-semana-completo-el-3-y-4-de-octubre-en-a-guarda","status":"publish","type":"post","link":"https:\/\/www.turismoaguarda.es\/en\/la-iniciativa-de-ecoturismo-vive-o-rio-minho-oferta-un-fin-de-semana-completo-el-3-y-4-de-octubre-en-a-guarda\/","title":{"rendered":"La iniciativa de Ecoturismo -Vive o Rio Minho- oferta un fin de semana completo el 3 y 4 de octubre en A Guarda"},"content":{"rendered":"<p style=\"text-align: justify;\"><strong><em>\u2022 La presidenta de la Diputaci\u00f3n y el diputado de Cooperaci\u00f3n Transfronteriza presentaron este jueves un programa de rutas y eventos de naturaleza que se llevar\u00e1 a cabo entre el 12 de septiembre y el 4 de octubre en los ayuntamientos gallegos y portugueses de los m\u00e1rgenes del Mi\u00f1o<\/em><\/strong><\/p>\n<p style=\"text-align: justify;\">Bajo el nombre de \u2018Vive o Rio Minho\u2019, la Deputaci\u00f3n de Pontevedra va a llevar a cabo siete actividades ecotur\u00edsticas en el R\u00edo Mi\u00f1o transfronterizo \u2013en los ayuntamientos gallegos y portugueses que lindan con la v\u00eda fluvial- entre el 12 de septiembre y el 4 de octubre. El objetivo, seg\u00fan explic\u00f3 el diputado de Cooperaci\u00f3n Transfronteriza y director del AECT Rio Minho Ux\u00edo Ben\u00edtez, es ofrecer una alternativa tur\u00edstica siguiendo \u201clo que la sociedad hoy demanda a ra\u00edz de la crisis del COVID 19, dando la oportunidad de conocer el territorio de una manera tranquila, segura, y buscando la naturaleza y todo lo que ofrece el r\u00edo Mi\u00f1o\u201d.<\/p>\n<p style=\"text-align: justify;\">Las actividades est\u00e1n realizadas dentro del proyecto Visit Rio Minho, co-financiado con fondos FEDER, a trav\u00e9s del programa \u2018Interreg V-A POCTEP 2014-2020\u2019). Girar\u00e1n alrededor del r\u00edo Mi\u00f1o, y se realizar\u00e1n de forma cronol\u00f3gica avanzando por el territorio siguiendo su curso, desde la parte alta hasta su desembocadura. Son gratuitas para el p\u00fablico y est\u00e1n dirigidas a un p\u00fablico amplio y diverso, congregando no s\u00f3lo los recursos de la zona, sino empresas locales que trabajan y realizan actividades en ella: habr\u00e1 senderismo, rutas en bici, rutas urbanas y recorridos hist\u00f3ricos, visitas a bodegas, museos, petr\u00f3glifos, balsismo, kayak, gastronom\u00eda, observaci\u00f3n ornitol\u00f3gica y astron\u00f3mica, entre otras actividades.<\/p>\n<p style=\"text-align: justify;\"><strong>Actividades<\/strong><\/p>\n<p style=\"text-align: justify;\">Seg\u00fan explic\u00f3 el gerente de la empresa Xeitura -que realizar\u00e1 la iniciativa-, Ra\u00fal Fern\u00e1ndez, las propuestas para conocer el Mi\u00f1o se dividen en diferentes jornadas de fines de semana consecutivos entre el 12 de septiembre y el 4 de octubre.<\/p>\n<p style=\"text-align: justify;\">Para el 3 y 4 de octubre se plantea un fin de semana completo en el que se combinar\u00e1n las rutas de senderismo, la observaci\u00f3n ornitol\u00f3gica, visitas guiadas, y una visita dramatizada en el castro de Santa Trega de A Guarda.<\/p>\n<p style=\"text-align: justify;\">Todas las actividades son gratuitas y est\u00e1n destinadas al p\u00fablico general. Las inscripciones para los eventos pueden realizarse en la p\u00e1gina web de la Deputaci\u00f3n (depo.gal) y las plazas se cubrir\u00e1n por orden de llegada.Las inscripciones para las actividades se realizar\u00e1n entre el lunes anterior a las 9 horas y hasta el jueves a las 23 horas en el caso de no cubrir las plazas con anterioridad (entre 45 y 50 por evento).<\/p>\n","protected":false},"excerpt":{"rendered":"<p>\u2022 La presidenta de la Diputaci\u00f3n y el diputado de Cooperaci\u00f3n Transfronteriza presentaron este jueves un programa de rutas y eventos de naturaleza que se llevar\u00e1 a cabo entre el 12 de septiembre y el 4 de octubre en los ayuntamientos gallegos y portugueses de los m\u00e1rgenes del Mi\u00f1o Bajo el nombre de \u2018Vive o<\/p>\n<div class=\"padding-top text-center\"><a href=\"https:\/\/www.turismoaguarda.es\/en\/la-iniciativa-de-ecoturismo-vive-o-rio-minho-oferta-un-fin-de-semana-completo-el-3-y-4-de-octubre-en-a-guarda\/\" class=\"atbtn atbtn--medium atbtn--rounded atbtn--transparent\">Read more<i class=\"atbtn__icon atbtn__icon--right fa fa-long-arrow-right\"><\/i><\/a><\/div>\n","protected":false},"author":11,"featured_media":13096,"comment_status":"open","ping_status":"open","sticky":false,"template":"","format":"standard","meta":{"footnotes":""},"categories":[44],"tags":[169,168],"class_list":["post-13098","post","type-post","status-publish","format-standard","has-post-thumbnail","hentry","category-noticias-turismo","tag-a-guarda","tag-turismo"],"yoast_head":"<!-- This site is optimized with the Yoast SEO plugin v27.4 - https:\/\/yoast.com\/product\/yoast-seo-wordpress\/ -->\n<title>La iniciativa de Ecoturismo -Vive o Rio Minho- oferta un fin de semana completo el 3 y 4 de octubre en A Guarda | Turismo A Guarda<\/title>\n<meta name=\"robots\" content=\"index, follow, max-snippet:-1, max-image-preview:large, max-video-preview:-1\" \/>\n<link rel=\"canonical\" href=\"https:\/\/www.turismoaguarda.es\/la-iniciativa-de-ecoturismo-vive-o-rio-minho-oferta-un-fin-de-semana-completo-el-3-y-4-de-octubre-en-a-guarda\/\" \/>\n<meta property=\"og:locale\" content=\"en_US\" \/>\n<meta property=\"og:type\" content=\"article\" \/>\n<meta property=\"og:title\" content=\"La iniciativa de Ecoturismo -Vive o Rio Minho- oferta un fin de semana completo el 3 y 4 de octubre en A Guarda | Turismo A Guarda\" \/>\n<meta property=\"og:description\" content=\"\u2022 La presidenta de la Diputaci\u00f3n y el diputado de Cooperaci\u00f3n Transfronteriza presentaron este jueves un programa de rutas y eventos de naturaleza que se llevar\u00e1 a cabo entre el 12 de septiembre y el 4 de octubre en los ayuntamientos gallegos y portugueses de los m\u00e1rgenes del Mi\u00f1o Bajo el nombre de \u2018Vive oRead more\" \/>\n<meta property=\"og:url\" content=\"https:\/\/www.turismoaguarda.es\/la-iniciativa-de-ecoturismo-vive-o-rio-minho-oferta-un-fin-de-semana-completo-el-3-y-4-de-octubre-en-a-guarda\/\" \/>\n<meta property=\"og:site_name\" content=\"Turismo A Guarda\" \/>\n<meta property=\"article:publisher\" content=\"https:\/\/es-es.facebook.com\/Turismo-A-Guarda-126223240790625\/\" \/>\n<meta property=\"article:published_time\" content=\"2020-09-04T10:10:20+00:00\" \/>\n<meta property=\"og:image\" content=\"https:\/\/www.turismoaguarda.es\/wp-content\/uploads\/2020\/09\/Sin-t\u00edtulo-2.jpg\" \/>\n\t<meta property=\"og:image:width\" content=\"800\" \/>\n\t<meta property=\"og:image:height\" content=\"800\" \/>\n\t<meta property=\"og:image:type\" content=\"image\/jpeg\" \/>\n<meta name=\"author\" content=\"Prensa A Guarda\" \/>\n<meta name=\"twitter:card\" content=\"summary_large_image\" \/>\n<meta name=\"twitter:creator\" content=\"@TurismoAGuarda\" \/>\n<meta name=\"twitter:site\" content=\"@TurismoAGuarda\" \/>\n<meta name=\"twitter:label1\" content=\"Written by\" \/>\n\t<meta name=\"twitter:data1\" content=\"Prensa A Guarda\" \/>\n\t<meta name=\"twitter:label2\" content=\"Est. reading time\" \/>\n\t<meta name=\"twitter:data2\" content=\"2 minutes\" \/>\n<script type=\"application\/ld+json\" class=\"yoast-schema-graph\">{\"@context\":\"https:\\\/\\\/schema.org\",\"@graph\":[{\"@type\":\"Article\",\"@id\":\"https:\\\/\\\/www.turismoaguarda.es\\\/la-iniciativa-de-ecoturismo-vive-o-rio-minho-oferta-un-fin-de-semana-completo-el-3-y-4-de-octubre-en-a-guarda\\\/#article\",\"isPartOf\":{\"@id\":\"https:\\\/\\\/www.turismoaguarda.es\\\/la-iniciativa-de-ecoturismo-vive-o-rio-minho-oferta-un-fin-de-semana-completo-el-3-y-4-de-octubre-en-a-guarda\\\/\"},\"author\":{\"name\":\"Prensa A Guarda\",\"@id\":\"https:\\\/\\\/www.turismoaguarda.es\\\/#\\\/schema\\\/person\\\/a8b0c27ad7bcbb6c19799e934727508e\"},\"headline\":\"La iniciativa de Ecoturismo -Vive o Rio Minho- oferta un fin de semana completo el 3 y 4 de octubre en A Guarda\",\"datePublished\":\"2020-09-04T10:10:20+00:00\",\"mainEntityOfPage\":{\"@id\":\"https:\\\/\\\/www.turismoaguarda.es\\\/la-iniciativa-de-ecoturismo-vive-o-rio-minho-oferta-un-fin-de-semana-completo-el-3-y-4-de-octubre-en-a-guarda\\\/\"},\"wordCount\":472,\"commentCount\":0,\"image\":{\"@id\":\"https:\\\/\\\/www.turismoaguarda.es\\\/la-iniciativa-de-ecoturismo-vive-o-rio-minho-oferta-un-fin-de-semana-completo-el-3-y-4-de-octubre-en-a-guarda\\\/#primaryimage\"},\"thumbnailUrl\":\"https:\\\/\\\/www.turismoaguarda.es\\\/wp-content\\\/uploads\\\/2020\\\/09\\\/Sin-t\u00edtulo-2.jpg\",\"keywords\":[\"A Guarda\",\"turismo\"],\"articleSection\":[\"Noticias Turismo\"],\"inLanguage\":\"en-US\",\"potentialAction\":[{\"@type\":\"CommentAction\",\"name\":\"Comment\",\"target\":[\"https:\\\/\\\/www.turismoaguarda.es\\\/la-iniciativa-de-ecoturismo-vive-o-rio-minho-oferta-un-fin-de-semana-completo-el-3-y-4-de-octubre-en-a-guarda\\\/#respond\"]}]},{\"@type\":\"WebPage\",\"@id\":\"https:\\\/\\\/www.turismoaguarda.es\\\/la-iniciativa-de-ecoturismo-vive-o-rio-minho-oferta-un-fin-de-semana-completo-el-3-y-4-de-octubre-en-a-guarda\\\/\",\"url\":\"https:\\\/\\\/www.turismoaguarda.es\\\/la-iniciativa-de-ecoturismo-vive-o-rio-minho-oferta-un-fin-de-semana-completo-el-3-y-4-de-octubre-en-a-guarda\\\/\",\"name\":\"La iniciativa de Ecoturismo -Vive o Rio Minho- oferta un fin de semana completo el 3 y 4 de octubre en A Guarda | Turismo A Guarda\",\"isPartOf\":{\"@id\":\"https:\\\/\\\/www.turismoaguarda.es\\\/#website\"},\"primaryImageOfPage\":{\"@id\":\"https:\\\/\\\/www.turismoaguarda.es\\\/la-iniciativa-de-ecoturismo-vive-o-rio-minho-oferta-un-fin-de-semana-completo-el-3-y-4-de-octubre-en-a-guarda\\\/#primaryimage\"},\"image\":{\"@id\":\"https:\\\/\\\/www.turismoaguarda.es\\\/la-iniciativa-de-ecoturismo-vive-o-rio-minho-oferta-un-fin-de-semana-completo-el-3-y-4-de-octubre-en-a-guarda\\\/#primaryimage\"},\"thumbnailUrl\":\"https:\\\/\\\/www.turismoaguarda.es\\\/wp-content\\\/uploads\\\/2020\\\/09\\\/Sin-t\u00edtulo-2.jpg\",\"datePublished\":\"2020-09-04T10:10:20+00:00\",\"author\":{\"@id\":\"https:\\\/\\\/www.turismoaguarda.es\\\/#\\\/schema\\\/person\\\/a8b0c27ad7bcbb6c19799e934727508e\"},\"breadcrumb\":{\"@id\":\"https:\\\/\\\/www.turismoaguarda.es\\\/la-iniciativa-de-ecoturismo-vive-o-rio-minho-oferta-un-fin-de-semana-completo-el-3-y-4-de-octubre-en-a-guarda\\\/#breadcrumb\"},\"inLanguage\":\"en-US\",\"potentialAction\":[{\"@type\":\"ReadAction\",\"target\":[\"https:\\\/\\\/www.turismoaguarda.es\\\/la-iniciativa-de-ecoturismo-vive-o-rio-minho-oferta-un-fin-de-semana-completo-el-3-y-4-de-octubre-en-a-guarda\\\/\"]}]},{\"@type\":\"ImageObject\",\"inLanguage\":\"en-US\",\"@id\":\"https:\\\/\\\/www.turismoaguarda.es\\\/la-iniciativa-de-ecoturismo-vive-o-rio-minho-oferta-un-fin-de-semana-completo-el-3-y-4-de-octubre-en-a-guarda\\\/#primaryimage\",\"url\":\"https:\\\/\\\/www.turismoaguarda.es\\\/wp-content\\\/uploads\\\/2020\\\/09\\\/Sin-t\u00edtulo-2.jpg\",\"contentUrl\":\"https:\\\/\\\/www.turismoaguarda.es\\\/wp-content\\\/uploads\\\/2020\\\/09\\\/Sin-t\u00edtulo-2.jpg\",\"width\":800,\"height\":800},{\"@type\":\"BreadcrumbList\",\"@id\":\"https:\\\/\\\/www.turismoaguarda.es\\\/la-iniciativa-de-ecoturismo-vive-o-rio-minho-oferta-un-fin-de-semana-completo-el-3-y-4-de-octubre-en-a-guarda\\\/#breadcrumb\",\"itemListElement\":[{\"@type\":\"ListItem\",\"position\":1,\"name\":\"Portada\",\"item\":\"https:\\\/\\\/www.turismoaguarda.es\\\/en\\\/\"},{\"@type\":\"ListItem\",\"position\":2,\"name\":\"La iniciativa de Ecoturismo -Vive o Rio Minho- oferta un fin de semana completo el 3 y 4 de octubre en A Guarda\"}]},{\"@type\":\"WebSite\",\"@id\":\"https:\\\/\\\/www.turismoaguarda.es\\\/#website\",\"url\":\"https:\\\/\\\/www.turismoaguarda.es\\\/\",\"name\":\"Turismo A Guarda\",\"description\":\"Informaci\u00f3n tur\u00edstica de A Guarda y alrededores.\",\"potentialAction\":[{\"@type\":\"SearchAction\",\"target\":{\"@type\":\"EntryPoint\",\"urlTemplate\":\"https:\\\/\\\/www.turismoaguarda.es\\\/?s={search_term_string}\"},\"query-input\":{\"@type\":\"PropertyValueSpecification\",\"valueRequired\":true,\"valueName\":\"search_term_string\"}}],\"inLanguage\":\"en-US\"},{\"@type\":\"Person\",\"@id\":\"https:\\\/\\\/www.turismoaguarda.es\\\/#\\\/schema\\\/person\\\/a8b0c27ad7bcbb6c19799e934727508e\",\"name\":\"Prensa A Guarda\",\"image\":{\"@type\":\"ImageObject\",\"inLanguage\":\"en-US\",\"@id\":\"https:\\\/\\\/secure.gravatar.com\\\/avatar\\\/387e117f874ba5d0a3439060b45d914395d77287b2e4890a49d1599fc3ef9189?s=96&d=mm&r=g\",\"url\":\"https:\\\/\\\/secure.gravatar.com\\\/avatar\\\/387e117f874ba5d0a3439060b45d914395d77287b2e4890a49d1599fc3ef9189?s=96&d=mm&r=g\",\"contentUrl\":\"https:\\\/\\\/secure.gravatar.com\\\/avatar\\\/387e117f874ba5d0a3439060b45d914395d77287b2e4890a49d1599fc3ef9189?s=96&d=mm&r=g\",\"caption\":\"Prensa A Guarda\"},\"url\":\"https:\\\/\\\/www.turismoaguarda.es\\\/en\\\/author\\\/prensa\\\/\"}]}<\/script>\n<!-- \/ Yoast SEO plugin. -->","yoast_head_json":{"title":"La iniciativa de Ecoturismo -Vive o Rio Minho- oferta un fin de semana completo el 3 y 4 de octubre en A Guarda | Turismo A Guarda","robots":{"index":"index","follow":"follow","max-snippet":"max-snippet:-1","max-image-preview":"max-image-preview:large","max-video-preview":"max-video-preview:-1"},"canonical":"https:\/\/www.turismoaguarda.es\/la-iniciativa-de-ecoturismo-vive-o-rio-minho-oferta-un-fin-de-semana-completo-el-3-y-4-de-octubre-en-a-guarda\/","og_locale":"en_US","og_type":"article","og_title":"La iniciativa de Ecoturismo -Vive o Rio Minho- oferta un fin de semana completo el 3 y 4 de octubre en A Guarda | Turismo A Guarda","og_description":"\u2022 La presidenta de la Diputaci\u00f3n y el diputado de Cooperaci\u00f3n Transfronteriza presentaron este jueves un programa de rutas y eventos de naturaleza que se llevar\u00e1 a cabo entre el 12 de septiembre y el 4 de octubre en los ayuntamientos gallegos y portugueses de los m\u00e1rgenes del Mi\u00f1o Bajo el nombre de \u2018Vive oRead more","og_url":"https:\/\/www.turismoaguarda.es\/la-iniciativa-de-ecoturismo-vive-o-rio-minho-oferta-un-fin-de-semana-completo-el-3-y-4-de-octubre-en-a-guarda\/","og_site_name":"Turismo A Guarda","article_publisher":"https:\/\/es-es.facebook.com\/Turismo-A-Guarda-126223240790625\/","article_published_time":"2020-09-04T10:10:20+00:00","og_image":[{"width":800,"height":800,"url":"https:\/\/www.turismoaguarda.es\/wp-content\/uploads\/2020\/09\/Sin-t\u00edtulo-2.jpg","type":"image\/jpeg"}],"author":"Prensa A Guarda","twitter_card":"summary_large_image","twitter_creator":"@TurismoAGuarda","twitter_site":"@TurismoAGuarda","twitter_misc":{"Written by":"Prensa A Guarda","Est. reading time":"2 minutes"},"schema":{"@context":"https:\/\/schema.org","@graph":[{"@type":"Article","@id":"https:\/\/www.turismoaguarda.es\/la-iniciativa-de-ecoturismo-vive-o-rio-minho-oferta-un-fin-de-semana-completo-el-3-y-4-de-octubre-en-a-guarda\/#article","isPartOf":{"@id":"https:\/\/www.turismoaguarda.es\/la-iniciativa-de-ecoturismo-vive-o-rio-minho-oferta-un-fin-de-semana-completo-el-3-y-4-de-octubre-en-a-guarda\/"},"author":{"name":"Prensa A Guarda","@id":"https:\/\/www.turismoaguarda.es\/#\/schema\/person\/a8b0c27ad7bcbb6c19799e934727508e"},"headline":"La iniciativa de Ecoturismo -Vive o Rio Minho- oferta un fin de semana completo el 3 y 4 de octubre en A Guarda","datePublished":"2020-09-04T10:10:20+00:00","mainEntityOfPage":{"@id":"https:\/\/www.turismoaguarda.es\/la-iniciativa-de-ecoturismo-vive-o-rio-minho-oferta-un-fin-de-semana-completo-el-3-y-4-de-octubre-en-a-guarda\/"},"wordCount":472,"commentCount":0,"image":{"@id":"https:\/\/www.turismoaguarda.es\/la-iniciativa-de-ecoturismo-vive-o-rio-minho-oferta-un-fin-de-semana-completo-el-3-y-4-de-octubre-en-a-guarda\/#primaryimage"},"thumbnailUrl":"https:\/\/www.turismoaguarda.es\/wp-content\/uploads\/2020\/09\/Sin-t\u00edtulo-2.jpg","keywords":["A Guarda","turismo"],"articleSection":["Noticias Turismo"],"inLanguage":"en-US","potentialAction":[{"@type":"CommentAction","name":"Comment","target":["https:\/\/www.turismoaguarda.es\/la-iniciativa-de-ecoturismo-vive-o-rio-minho-oferta-un-fin-de-semana-completo-el-3-y-4-de-octubre-en-a-guarda\/#respond"]}]},{"@type":"WebPage","@id":"https:\/\/www.turismoaguarda.es\/la-iniciativa-de-ecoturismo-vive-o-rio-minho-oferta-un-fin-de-semana-completo-el-3-y-4-de-octubre-en-a-guarda\/","url":"https:\/\/www.turismoaguarda.es\/la-iniciativa-de-ecoturismo-vive-o-rio-minho-oferta-un-fin-de-semana-completo-el-3-y-4-de-octubre-en-a-guarda\/","name":"La iniciativa de Ecoturismo -Vive o Rio Minho- oferta un fin de semana completo el 3 y 4 de octubre en A Guarda | Turismo A Guarda","isPartOf":{"@id":"https:\/\/www.turismoaguarda.es\/#website"},"primaryImageOfPage":{"@id":"https:\/\/www.turismoaguarda.es\/la-iniciativa-de-ecoturismo-vive-o-rio-minho-oferta-un-fin-de-semana-completo-el-3-y-4-de-octubre-en-a-guarda\/#primaryimage"},"image":{"@id":"https:\/\/www.turismoaguarda.es\/la-iniciativa-de-ecoturismo-vive-o-rio-minho-oferta-un-fin-de-semana-completo-el-3-y-4-de-octubre-en-a-guarda\/#primaryimage"},"thumbnailUrl":"https:\/\/www.turismoaguarda.es\/wp-content\/uploads\/2020\/09\/Sin-t\u00edtulo-2.jpg","datePublished":"2020-09-04T10:10:20+00:00","author":{"@id":"https:\/\/www.turismoaguarda.es\/#\/schema\/person\/a8b0c27ad7bcbb6c19799e934727508e"},"breadcrumb":{"@id":"https:\/\/www.turismoaguarda.es\/la-iniciativa-de-ecoturismo-vive-o-rio-minho-oferta-un-fin-de-semana-completo-el-3-y-4-de-octubre-en-a-guarda\/#breadcrumb"},"inLanguage":"en-US","potentialAction":[{"@type":"ReadAction","target":["https:\/\/www.turismoaguarda.es\/la-iniciativa-de-ecoturismo-vive-o-rio-minho-oferta-un-fin-de-semana-completo-el-3-y-4-de-octubre-en-a-guarda\/"]}]},{"@type":"ImageObject","inLanguage":"en-US","@id":"https:\/\/www.turismoaguarda.es\/la-iniciativa-de-ecoturismo-vive-o-rio-minho-oferta-un-fin-de-semana-completo-el-3-y-4-de-octubre-en-a-guarda\/#primaryimage","url":"https:\/\/www.turismoaguarda.es\/wp-content\/uploads\/2020\/09\/Sin-t\u00edtulo-2.jpg","contentUrl":"https:\/\/www.turismoaguarda.es\/wp-content\/uploads\/2020\/09\/Sin-t\u00edtulo-2.jpg","width":800,"height":800},{"@type":"BreadcrumbList","@id":"https:\/\/www.turismoaguarda.es\/la-iniciativa-de-ecoturismo-vive-o-rio-minho-oferta-un-fin-de-semana-completo-el-3-y-4-de-octubre-en-a-guarda\/#breadcrumb","itemListElement":[{"@type":"ListItem","position":1,"name":"Portada","item":"https:\/\/www.turismoaguarda.es\/en\/"},{"@type":"ListItem","position":2,"name":"La iniciativa de Ecoturismo -Vive o Rio Minho- oferta un fin de semana completo el 3 y 4 de octubre en A Guarda"}]},{"@type":"WebSite","@id":"https:\/\/www.turismoaguarda.es\/#website","url":"https:\/\/www.turismoaguarda.es\/","name":"Turismo A Guarda","description":"Informaci\u00f3n tur\u00edstica de A Guarda y alrededores.","potentialAction":[{"@type":"SearchAction","target":{"@type":"EntryPoint","urlTemplate":"https:\/\/www.turismoaguarda.es\/?s={search_term_string}"},"query-input":{"@type":"PropertyValueSpecification","valueRequired":true,"valueName":"search_term_string"}}],"inLanguage":"en-US"},{"@type":"Person","@id":"https:\/\/www.turismoaguarda.es\/#\/schema\/person\/a8b0c27ad7bcbb6c19799e934727508e","name":"Prensa A Guarda","image":{"@type":"ImageObject","inLanguage":"en-US","@id":"https:\/\/secure.gravatar.com\/avatar\/387e117f874ba5d0a3439060b45d914395d77287b2e4890a49d1599fc3ef9189?s=96&d=mm&r=g","url":"https:\/\/secure.gravatar.com\/avatar\/387e117f874ba5d0a3439060b45d914395d77287b2e4890a49d1599fc3ef9189?s=96&d=mm&r=g","contentUrl":"https:\/\/secure.gravatar.com\/avatar\/387e117f874ba5d0a3439060b45d914395d77287b2e4890a49d1599fc3ef9189?s=96&d=mm&r=g","caption":"Prensa A Guarda"},"url":"https:\/\/www.turismoaguarda.es\/en\/author\/prensa\/"}]}},"_links":{"self":[{"href":"https:\/\/www.turismoaguarda.es\/en\/wp-json\/wp\/v2\/posts\/13098","targetHints":{"allow":["GET"]}}],"collection":[{"href":"https:\/\/www.turismoaguarda.es\/en\/wp-json\/wp\/v2\/posts"}],"about":[{"href":"https:\/\/www.turismoaguarda.es\/en\/wp-json\/wp\/v2\/types\/post"}],"author":[{"embeddable":true,"href":"https:\/\/www.turismoaguarda.es\/en\/wp-json\/wp\/v2\/users\/11"}],"replies":[{"embeddable":true,"href":"https:\/\/www.turismoaguarda.es\/en\/wp-json\/wp\/v2\/comments?post=13098"}],"version-history":[{"count":1,"href":"https:\/\/www.turismoaguarda.es\/en\/wp-json\/wp\/v2\/posts\/13098\/revisions"}],"predecessor-version":[{"id":13099,"href":"https:\/\/www.turismoaguarda.es\/en\/wp-json\/wp\/v2\/posts\/13098\/revisions\/13099"}],"wp:featuredmedia":[{"embeddable":true,"href":"https:\/\/www.turismoaguarda.es\/en\/wp-json\/wp\/v2\/media\/13096"}],"wp:attachment":[{"href":"https:\/\/www.turismoaguarda.es\/en\/wp-json\/wp\/v2\/media?parent=13098"}],"wp:term":[{"taxonomy":"category","embeddable":true,"href":"https:\/\/www.turismoaguarda.es\/en\/wp-json\/wp\/v2\/categories?post=13098"},{"taxonomy":"post_tag","embeddable":true,"href":"https:\/\/www.turismoaguarda.es\/en\/wp-json\/wp\/v2\/tags?post=13098"}],"curies":[{"name":"wp","href":"https:\/\/api.w.org\/{rel}","templated":true}]}}