{"id":13031,"date":"2020-08-18T16:18:22","date_gmt":"2020-08-18T14:18:22","guid":{"rendered":"https:\/\/www.turismoaguarda.es\/?p=13031"},"modified":"2020-08-18T16:18:22","modified_gmt":"2020-08-18T14:18:22","slug":"nuevas-actividades-esta-semana-en-la-programacion-de-verano-2020-en-a-guarda","status":"publish","type":"post","link":"https:\/\/www.turismoaguarda.es\/en\/nuevas-actividades-esta-semana-en-la-programacion-de-verano-2020-en-a-guarda\/","title":{"rendered":"Nuevas actividades esta semana en la programaci\u00f3n de verano 2020 en A Guarda"},"content":{"rendered":"<p style=\"text-align: justify;\">\u2022 Visitas guiadas al casco urbano, al Monte Santa Trega, a la Embarcaci\u00f3n Piueiro, m\u00fasica, visitas teatralizadas y pruebas deportivas componen la programaci\u00f3n para esta semana.<\/p>\n<p style=\"text-align: justify;\">El Ayuntamiento de A Guarda contin\u00faa apostando por una programaci\u00f3n de actividades para todos los gustos y edades, teniendo siempre en cuenta las medidas de higiene y seguridad motivadas por la pandemia del covid-19.<\/p>\n<p style=\"text-align: justify;\">En esta semana la programaci\u00f3n, recogida en la Agenda de verano 2020, contin\u00faa con las visitas a la embarcaci\u00f3n O Piueiro que se repiten los martes y jueves del verano, las visitas regulares al Monte Santa Trega (de viernes a domingo), las visitas de naturaleza que se suceder\u00e1n cada domingo y las Visitas por el casco urbano los mi\u00e9rcoles y jueves de agosto. Las inscripciones se pueden realizar a trav\u00e9s de la Oficina de Turismo Municipal en el 986 61 4546 o en el correo electr\u00f3nico aguarda.oficina.turismo@gmail.com.<\/p>\n<p style=\"text-align: justify;\">Los viernes, s\u00e1bados y domingos prosiguen las visitas guiadas al Monte Santa Trega. Inscripci\u00f3n previa en el MASAT 986610504 o en el correo electr\u00f3nico masat@aguarda.es<\/p>\n<p style=\"text-align: justify;\">Tambi\u00e9n contin\u00faan esta semana las visitas teatralizadas en el Monte Santa Trega, con un notable \u00e9xito y que ya cuelga nuevamente el cartel de aforo completo para esta semana.<\/p>\n<h2 style=\"text-align: center;\">PROGRAMACI\u00d3N<\/h2>\n<p style=\"text-align: justify;\"><strong>Viernes 21:<\/strong><\/p>\n<p style=\"text-align: justify;\">Este viernes arranca en la Praza de Avelino Vicente(As de Copas) el I Encuentro del libro Luso-Galaico de la Ribera del Mi\u00f1o, un evento cultural que tendr\u00e1 lugar de forma simult\u00e1nea el viernes 21 y s\u00e1bado 22 de agosto en los municipios vecinos a \u00e1mbas riberas del R\u00edo Mi\u00f1o. Actividades en horario de 20:00h a 22:00h(ESP).<\/p>\n<p style=\"text-align: justify;\">Este viernes a las 21:00h segunda cita de \u201cM\u00fasica nos Xard\u00edns\u201d con el grupo Ded Routines, en un concierto apadrinado por el Galifornia Beat. Ded Routines es uno de los secretos ocultos de la escena subterr\u00e1nea gallega. La banda nace en Camposancos en A Guarda, bebiendo de toda esa tradici\u00f3n rock que pasa por Dead Moon, Scientists, Rowland S. Howard o Big Star, para definir un sonido realmente personal\u2026 A las 20:00h y como previa a este concierto se realizar\u00e1 en las pistas deportivas del Centro Cultural una exhibici\u00f3n de skate promovida por el Galifornia Beat. Inscrici\u00f3n previa en el Centro Cultural (986611850- centrocultural@aguarda.es)<\/p>\n<p style=\"text-align: justify;\">Tambi\u00e9n este viernes tendr\u00e1 lugar una nueva Noche de estrellas en el Puntal a las 23:00h. Inscripci\u00f3n previa en la Oficina de turismo 986614546 o en el correo electr\u00f3nico aguarda.oficina.turismo@gmail.com<\/p>\n<p style=\"text-align: justify;\"><strong>S\u00e1bado 22<\/strong><\/p>\n<p style=\"text-align: justify;\">Este s\u00e1bado contin\u00faa en la Praza de Avelino Vicente(As de Copas) el I Encuentro del libro Luso-Galaico de la Ribera del Mi\u00f1o, un evento cultural que tendr\u00e1 lugar de forma simult\u00e1nea el viernes 21 y s\u00e1bado 22 de agosto en los municipios vecinos a \u00e1mbas riberas del R\u00edo Mi\u00f1o. Actividades en horario de ma\u00f1ana de 11:00 h a 14:00 h y por la tarde de 18:30 h a 21:30 h (ESP).<\/p>\n<p style=\"text-align: justify;\">El s\u00e1bado 22 de agosto a partir de las 11:00h el Puerto de A Guarda acoge el V Campeonato Gallego Inclusivo Slalom de Moton\u00e1utica, una prueba deportiva que contar\u00e1 con unha participaci\u00f3n aproximada de 10 equipos.<\/p>\n<p style=\"text-align: justify;\">El Castillo de Santa Cruz acoge a las 20:00h el Concierto de la Orquesta Cl\u00e1sica de Vigo, secci\u00f3n de cuerda. Inscrici\u00f3n previa en el Centro Cultural (986611850- centrocultural@aguarda.es)<\/p>\n<p style=\"text-align: justify;\"><strong>Domingo 23<\/strong><\/p>\n<p style=\"text-align: justify;\">Nueva cita con \u201cDomingos de natureza e auga\u201d, a las 10:00h. con diversos recorridos por el litoral guard\u00e9s. Informaci\u00f3n e inscripciones en la Oficina de turismo 986614546 o en el correo electr\u00f3nico aguarda.oficina.turismo@gmail.com<\/p>\n<p style=\"text-align: justify;\">Tambi\u00e9n en la jornada de este domingo tendr\u00e1 lugar en el Castillo de Santa Cruz de A Guarda la realizaci\u00f3n de \u201cIoga de Ver\u00e1n\u201d, el segundo encuentro de Yoga al aire libre para todos los p\u00fablicos que se va a realizar a las 10:30h. Los interesados en participar pueden ampliar informaci\u00f3n en el Departamento de Deportes del Ayuntamiento de A Guarda llamando al 690 928 751 o contactando en deportes@aguarda.es<\/p>\n","protected":false},"excerpt":{"rendered":"<p>\u2022 Visitas guiadas al casco urbano, al Monte Santa Trega, a la Embarcaci\u00f3n Piueiro, m\u00fasica, visitas teatralizadas y pruebas deportivas componen la programaci\u00f3n para esta semana. El Ayuntamiento de A Guarda contin\u00faa apostando por una programaci\u00f3n de actividades para todos los gustos y edades, teniendo siempre en cuenta las medidas de higiene y seguridad motivadas<\/p>\n<div class=\"padding-top text-center\"><a href=\"https:\/\/www.turismoaguarda.es\/en\/nuevas-actividades-esta-semana-en-la-programacion-de-verano-2020-en-a-guarda\/\" class=\"atbtn atbtn--medium atbtn--rounded atbtn--transparent\">Read more<i class=\"atbtn__icon atbtn__icon--right fa fa-long-arrow-right\"><\/i><\/a><\/div>\n","protected":false},"author":11,"featured_media":13029,"comment_status":"open","ping_status":"open","sticky":false,"template":"","format":"standard","meta":{"footnotes":""},"categories":[44],"tags":[169,1127,1219],"class_list":["post-13031","post","type-post","status-publish","format-standard","has-post-thumbnail","hentry","category-noticias-turismo","tag-a-guarda","tag-actividades-2","tag-programacion-2"],"yoast_head":"<!-- This site is optimized with the Yoast SEO plugin v27.5 - https:\/\/yoast.com\/product\/yoast-seo-wordpress\/ -->\n<title>Nuevas actividades esta semana en la programaci\u00f3n de verano 2020 en A Guarda | Turismo A Guarda<\/title>\n<meta name=\"robots\" content=\"index, follow, max-snippet:-1, max-image-preview:large, max-video-preview:-1\" \/>\n<link rel=\"canonical\" href=\"https:\/\/www.turismoaguarda.es\/nuevas-actividades-esta-semana-en-la-programacion-de-verano-2020-en-a-guarda\/\" \/>\n<meta property=\"og:locale\" content=\"en_US\" \/>\n<meta property=\"og:type\" content=\"article\" \/>\n<meta property=\"og:title\" content=\"Nuevas actividades esta semana en la programaci\u00f3n de verano 2020 en A Guarda | Turismo A Guarda\" \/>\n<meta property=\"og:description\" content=\"\u2022 Visitas guiadas al casco urbano, al Monte Santa Trega, a la Embarcaci\u00f3n Piueiro, m\u00fasica, visitas teatralizadas y pruebas deportivas componen la programaci\u00f3n para esta semana. El Ayuntamiento de A Guarda contin\u00faa apostando por una programaci\u00f3n de actividades para todos los gustos y edades, teniendo siempre en cuenta las medidas de higiene y seguridad motivadasRead more\" \/>\n<meta property=\"og:url\" content=\"https:\/\/www.turismoaguarda.es\/nuevas-actividades-esta-semana-en-la-programacion-de-verano-2020-en-a-guarda\/\" \/>\n<meta property=\"og:site_name\" content=\"Turismo A Guarda\" \/>\n<meta property=\"article:publisher\" content=\"https:\/\/es-es.facebook.com\/Turismo-A-Guarda-126223240790625\/\" \/>\n<meta property=\"article:published_time\" content=\"2020-08-18T14:18:22+00:00\" \/>\n<meta property=\"og:image\" content=\"https:\/\/www.turismoaguarda.es\/wp-content\/uploads\/2020\/08\/NP-18082020-AXENDA-SEMANAL.jpg\" \/>\n\t<meta property=\"og:image:width\" content=\"800\" \/>\n\t<meta property=\"og:image:height\" content=\"800\" \/>\n\t<meta property=\"og:image:type\" content=\"image\/jpeg\" \/>\n<meta name=\"author\" content=\"Prensa A Guarda\" \/>\n<meta name=\"twitter:card\" content=\"summary_large_image\" \/>\n<meta name=\"twitter:creator\" content=\"@TurismoAGuarda\" \/>\n<meta name=\"twitter:site\" content=\"@TurismoAGuarda\" \/>\n<meta name=\"twitter:label1\" content=\"Written by\" \/>\n\t<meta name=\"twitter:data1\" content=\"Prensa A Guarda\" \/>\n\t<meta name=\"twitter:label2\" content=\"Est. reading time\" \/>\n\t<meta name=\"twitter:data2\" content=\"3 minutes\" \/>\n<script type=\"application\/ld+json\" class=\"yoast-schema-graph\">{\"@context\":\"https:\\\/\\\/schema.org\",\"@graph\":[{\"@type\":\"Article\",\"@id\":\"https:\\\/\\\/www.turismoaguarda.es\\\/nuevas-actividades-esta-semana-en-la-programacion-de-verano-2020-en-a-guarda\\\/#article\",\"isPartOf\":{\"@id\":\"https:\\\/\\\/www.turismoaguarda.es\\\/nuevas-actividades-esta-semana-en-la-programacion-de-verano-2020-en-a-guarda\\\/\"},\"author\":{\"name\":\"Prensa A Guarda\",\"@id\":\"https:\\\/\\\/www.turismoaguarda.es\\\/#\\\/schema\\\/person\\\/a8b0c27ad7bcbb6c19799e934727508e\"},\"headline\":\"Nuevas actividades esta semana en la programaci\u00f3n de verano 2020 en A Guarda\",\"datePublished\":\"2020-08-18T14:18:22+00:00\",\"mainEntityOfPage\":{\"@id\":\"https:\\\/\\\/www.turismoaguarda.es\\\/nuevas-actividades-esta-semana-en-la-programacion-de-verano-2020-en-a-guarda\\\/\"},\"wordCount\":703,\"commentCount\":0,\"image\":{\"@id\":\"https:\\\/\\\/www.turismoaguarda.es\\\/nuevas-actividades-esta-semana-en-la-programacion-de-verano-2020-en-a-guarda\\\/#primaryimage\"},\"thumbnailUrl\":\"https:\\\/\\\/www.turismoaguarda.es\\\/wp-content\\\/uploads\\\/2020\\\/08\\\/NP-18082020-AXENDA-SEMANAL.jpg\",\"keywords\":[\"A Guarda\",\"Actividades\",\"Programaci\u00f3n\"],\"articleSection\":[\"Noticias Turismo\"],\"inLanguage\":\"en-US\",\"potentialAction\":[{\"@type\":\"CommentAction\",\"name\":\"Comment\",\"target\":[\"https:\\\/\\\/www.turismoaguarda.es\\\/nuevas-actividades-esta-semana-en-la-programacion-de-verano-2020-en-a-guarda\\\/#respond\"]}]},{\"@type\":\"WebPage\",\"@id\":\"https:\\\/\\\/www.turismoaguarda.es\\\/nuevas-actividades-esta-semana-en-la-programacion-de-verano-2020-en-a-guarda\\\/\",\"url\":\"https:\\\/\\\/www.turismoaguarda.es\\\/nuevas-actividades-esta-semana-en-la-programacion-de-verano-2020-en-a-guarda\\\/\",\"name\":\"Nuevas actividades esta semana en la programaci\u00f3n de verano 2020 en A Guarda | Turismo A Guarda\",\"isPartOf\":{\"@id\":\"https:\\\/\\\/www.turismoaguarda.es\\\/#website\"},\"primaryImageOfPage\":{\"@id\":\"https:\\\/\\\/www.turismoaguarda.es\\\/nuevas-actividades-esta-semana-en-la-programacion-de-verano-2020-en-a-guarda\\\/#primaryimage\"},\"image\":{\"@id\":\"https:\\\/\\\/www.turismoaguarda.es\\\/nuevas-actividades-esta-semana-en-la-programacion-de-verano-2020-en-a-guarda\\\/#primaryimage\"},\"thumbnailUrl\":\"https:\\\/\\\/www.turismoaguarda.es\\\/wp-content\\\/uploads\\\/2020\\\/08\\\/NP-18082020-AXENDA-SEMANAL.jpg\",\"datePublished\":\"2020-08-18T14:18:22+00:00\",\"author\":{\"@id\":\"https:\\\/\\\/www.turismoaguarda.es\\\/#\\\/schema\\\/person\\\/a8b0c27ad7bcbb6c19799e934727508e\"},\"breadcrumb\":{\"@id\":\"https:\\\/\\\/www.turismoaguarda.es\\\/nuevas-actividades-esta-semana-en-la-programacion-de-verano-2020-en-a-guarda\\\/#breadcrumb\"},\"inLanguage\":\"en-US\",\"potentialAction\":[{\"@type\":\"ReadAction\",\"target\":[\"https:\\\/\\\/www.turismoaguarda.es\\\/nuevas-actividades-esta-semana-en-la-programacion-de-verano-2020-en-a-guarda\\\/\"]}]},{\"@type\":\"ImageObject\",\"inLanguage\":\"en-US\",\"@id\":\"https:\\\/\\\/www.turismoaguarda.es\\\/nuevas-actividades-esta-semana-en-la-programacion-de-verano-2020-en-a-guarda\\\/#primaryimage\",\"url\":\"https:\\\/\\\/www.turismoaguarda.es\\\/wp-content\\\/uploads\\\/2020\\\/08\\\/NP-18082020-AXENDA-SEMANAL.jpg\",\"contentUrl\":\"https:\\\/\\\/www.turismoaguarda.es\\\/wp-content\\\/uploads\\\/2020\\\/08\\\/NP-18082020-AXENDA-SEMANAL.jpg\",\"width\":800,\"height\":800},{\"@type\":\"BreadcrumbList\",\"@id\":\"https:\\\/\\\/www.turismoaguarda.es\\\/nuevas-actividades-esta-semana-en-la-programacion-de-verano-2020-en-a-guarda\\\/#breadcrumb\",\"itemListElement\":[{\"@type\":\"ListItem\",\"position\":1,\"name\":\"Portada\",\"item\":\"https:\\\/\\\/www.turismoaguarda.es\\\/en\\\/\"},{\"@type\":\"ListItem\",\"position\":2,\"name\":\"Nuevas actividades esta semana en la programaci\u00f3n de verano 2020 en A Guarda\"}]},{\"@type\":\"WebSite\",\"@id\":\"https:\\\/\\\/www.turismoaguarda.es\\\/#website\",\"url\":\"https:\\\/\\\/www.turismoaguarda.es\\\/\",\"name\":\"Turismo A Guarda\",\"description\":\"Informaci\u00f3n tur\u00edstica de A Guarda y alrededores.\",\"potentialAction\":[{\"@type\":\"SearchAction\",\"target\":{\"@type\":\"EntryPoint\",\"urlTemplate\":\"https:\\\/\\\/www.turismoaguarda.es\\\/?s={search_term_string}\"},\"query-input\":{\"@type\":\"PropertyValueSpecification\",\"valueRequired\":true,\"valueName\":\"search_term_string\"}}],\"inLanguage\":\"en-US\"},{\"@type\":\"Person\",\"@id\":\"https:\\\/\\\/www.turismoaguarda.es\\\/#\\\/schema\\\/person\\\/a8b0c27ad7bcbb6c19799e934727508e\",\"name\":\"Prensa A Guarda\",\"image\":{\"@type\":\"ImageObject\",\"inLanguage\":\"en-US\",\"@id\":\"https:\\\/\\\/secure.gravatar.com\\\/avatar\\\/387e117f874ba5d0a3439060b45d914395d77287b2e4890a49d1599fc3ef9189?s=96&d=mm&r=g\",\"url\":\"https:\\\/\\\/secure.gravatar.com\\\/avatar\\\/387e117f874ba5d0a3439060b45d914395d77287b2e4890a49d1599fc3ef9189?s=96&d=mm&r=g\",\"contentUrl\":\"https:\\\/\\\/secure.gravatar.com\\\/avatar\\\/387e117f874ba5d0a3439060b45d914395d77287b2e4890a49d1599fc3ef9189?s=96&d=mm&r=g\",\"caption\":\"Prensa A Guarda\"},\"url\":\"https:\\\/\\\/www.turismoaguarda.es\\\/en\\\/author\\\/prensa\\\/\"}]}<\/script>\n<!-- \/ Yoast SEO plugin. -->","yoast_head_json":{"title":"Nuevas actividades esta semana en la programaci\u00f3n de verano 2020 en A Guarda | Turismo A Guarda","robots":{"index":"index","follow":"follow","max-snippet":"max-snippet:-1","max-image-preview":"max-image-preview:large","max-video-preview":"max-video-preview:-1"},"canonical":"https:\/\/www.turismoaguarda.es\/nuevas-actividades-esta-semana-en-la-programacion-de-verano-2020-en-a-guarda\/","og_locale":"en_US","og_type":"article","og_title":"Nuevas actividades esta semana en la programaci\u00f3n de verano 2020 en A Guarda | Turismo A Guarda","og_description":"\u2022 Visitas guiadas al casco urbano, al Monte Santa Trega, a la Embarcaci\u00f3n Piueiro, m\u00fasica, visitas teatralizadas y pruebas deportivas componen la programaci\u00f3n para esta semana. El Ayuntamiento de A Guarda contin\u00faa apostando por una programaci\u00f3n de actividades para todos los gustos y edades, teniendo siempre en cuenta las medidas de higiene y seguridad motivadasRead more","og_url":"https:\/\/www.turismoaguarda.es\/nuevas-actividades-esta-semana-en-la-programacion-de-verano-2020-en-a-guarda\/","og_site_name":"Turismo A Guarda","article_publisher":"https:\/\/es-es.facebook.com\/Turismo-A-Guarda-126223240790625\/","article_published_time":"2020-08-18T14:18:22+00:00","og_image":[{"width":800,"height":800,"url":"https:\/\/www.turismoaguarda.es\/wp-content\/uploads\/2020\/08\/NP-18082020-AXENDA-SEMANAL.jpg","type":"image\/jpeg"}],"author":"Prensa A Guarda","twitter_card":"summary_large_image","twitter_creator":"@TurismoAGuarda","twitter_site":"@TurismoAGuarda","twitter_misc":{"Written by":"Prensa A Guarda","Est. reading time":"3 minutes"},"schema":{"@context":"https:\/\/schema.org","@graph":[{"@type":"Article","@id":"https:\/\/www.turismoaguarda.es\/nuevas-actividades-esta-semana-en-la-programacion-de-verano-2020-en-a-guarda\/#article","isPartOf":{"@id":"https:\/\/www.turismoaguarda.es\/nuevas-actividades-esta-semana-en-la-programacion-de-verano-2020-en-a-guarda\/"},"author":{"name":"Prensa A Guarda","@id":"https:\/\/www.turismoaguarda.es\/#\/schema\/person\/a8b0c27ad7bcbb6c19799e934727508e"},"headline":"Nuevas actividades esta semana en la programaci\u00f3n de verano 2020 en A Guarda","datePublished":"2020-08-18T14:18:22+00:00","mainEntityOfPage":{"@id":"https:\/\/www.turismoaguarda.es\/nuevas-actividades-esta-semana-en-la-programacion-de-verano-2020-en-a-guarda\/"},"wordCount":703,"commentCount":0,"image":{"@id":"https:\/\/www.turismoaguarda.es\/nuevas-actividades-esta-semana-en-la-programacion-de-verano-2020-en-a-guarda\/#primaryimage"},"thumbnailUrl":"https:\/\/www.turismoaguarda.es\/wp-content\/uploads\/2020\/08\/NP-18082020-AXENDA-SEMANAL.jpg","keywords":["A Guarda","Actividades","Programaci\u00f3n"],"articleSection":["Noticias Turismo"],"inLanguage":"en-US","potentialAction":[{"@type":"CommentAction","name":"Comment","target":["https:\/\/www.turismoaguarda.es\/nuevas-actividades-esta-semana-en-la-programacion-de-verano-2020-en-a-guarda\/#respond"]}]},{"@type":"WebPage","@id":"https:\/\/www.turismoaguarda.es\/nuevas-actividades-esta-semana-en-la-programacion-de-verano-2020-en-a-guarda\/","url":"https:\/\/www.turismoaguarda.es\/nuevas-actividades-esta-semana-en-la-programacion-de-verano-2020-en-a-guarda\/","name":"Nuevas actividades esta semana en la programaci\u00f3n de verano 2020 en A Guarda | Turismo A Guarda","isPartOf":{"@id":"https:\/\/www.turismoaguarda.es\/#website"},"primaryImageOfPage":{"@id":"https:\/\/www.turismoaguarda.es\/nuevas-actividades-esta-semana-en-la-programacion-de-verano-2020-en-a-guarda\/#primaryimage"},"image":{"@id":"https:\/\/www.turismoaguarda.es\/nuevas-actividades-esta-semana-en-la-programacion-de-verano-2020-en-a-guarda\/#primaryimage"},"thumbnailUrl":"https:\/\/www.turismoaguarda.es\/wp-content\/uploads\/2020\/08\/NP-18082020-AXENDA-SEMANAL.jpg","datePublished":"2020-08-18T14:18:22+00:00","author":{"@id":"https:\/\/www.turismoaguarda.es\/#\/schema\/person\/a8b0c27ad7bcbb6c19799e934727508e"},"breadcrumb":{"@id":"https:\/\/www.turismoaguarda.es\/nuevas-actividades-esta-semana-en-la-programacion-de-verano-2020-en-a-guarda\/#breadcrumb"},"inLanguage":"en-US","potentialAction":[{"@type":"ReadAction","target":["https:\/\/www.turismoaguarda.es\/nuevas-actividades-esta-semana-en-la-programacion-de-verano-2020-en-a-guarda\/"]}]},{"@type":"ImageObject","inLanguage":"en-US","@id":"https:\/\/www.turismoaguarda.es\/nuevas-actividades-esta-semana-en-la-programacion-de-verano-2020-en-a-guarda\/#primaryimage","url":"https:\/\/www.turismoaguarda.es\/wp-content\/uploads\/2020\/08\/NP-18082020-AXENDA-SEMANAL.jpg","contentUrl":"https:\/\/www.turismoaguarda.es\/wp-content\/uploads\/2020\/08\/NP-18082020-AXENDA-SEMANAL.jpg","width":800,"height":800},{"@type":"BreadcrumbList","@id":"https:\/\/www.turismoaguarda.es\/nuevas-actividades-esta-semana-en-la-programacion-de-verano-2020-en-a-guarda\/#breadcrumb","itemListElement":[{"@type":"ListItem","position":1,"name":"Portada","item":"https:\/\/www.turismoaguarda.es\/en\/"},{"@type":"ListItem","position":2,"name":"Nuevas actividades esta semana en la programaci\u00f3n de verano 2020 en A Guarda"}]},{"@type":"WebSite","@id":"https:\/\/www.turismoaguarda.es\/#website","url":"https:\/\/www.turismoaguarda.es\/","name":"Turismo A Guarda","description":"Informaci\u00f3n tur\u00edstica de A Guarda y alrededores.","potentialAction":[{"@type":"SearchAction","target":{"@type":"EntryPoint","urlTemplate":"https:\/\/www.turismoaguarda.es\/?s={search_term_string}"},"query-input":{"@type":"PropertyValueSpecification","valueRequired":true,"valueName":"search_term_string"}}],"inLanguage":"en-US"},{"@type":"Person","@id":"https:\/\/www.turismoaguarda.es\/#\/schema\/person\/a8b0c27ad7bcbb6c19799e934727508e","name":"Prensa A Guarda","image":{"@type":"ImageObject","inLanguage":"en-US","@id":"https:\/\/secure.gravatar.com\/avatar\/387e117f874ba5d0a3439060b45d914395d77287b2e4890a49d1599fc3ef9189?s=96&d=mm&r=g","url":"https:\/\/secure.gravatar.com\/avatar\/387e117f874ba5d0a3439060b45d914395d77287b2e4890a49d1599fc3ef9189?s=96&d=mm&r=g","contentUrl":"https:\/\/secure.gravatar.com\/avatar\/387e117f874ba5d0a3439060b45d914395d77287b2e4890a49d1599fc3ef9189?s=96&d=mm&r=g","caption":"Prensa A Guarda"},"url":"https:\/\/www.turismoaguarda.es\/en\/author\/prensa\/"}]}},"_links":{"self":[{"href":"https:\/\/www.turismoaguarda.es\/en\/wp-json\/wp\/v2\/posts\/13031","targetHints":{"allow":["GET"]}}],"collection":[{"href":"https:\/\/www.turismoaguarda.es\/en\/wp-json\/wp\/v2\/posts"}],"about":[{"href":"https:\/\/www.turismoaguarda.es\/en\/wp-json\/wp\/v2\/types\/post"}],"author":[{"embeddable":true,"href":"https:\/\/www.turismoaguarda.es\/en\/wp-json\/wp\/v2\/users\/11"}],"replies":[{"embeddable":true,"href":"https:\/\/www.turismoaguarda.es\/en\/wp-json\/wp\/v2\/comments?post=13031"}],"version-history":[{"count":1,"href":"https:\/\/www.turismoaguarda.es\/en\/wp-json\/wp\/v2\/posts\/13031\/revisions"}],"predecessor-version":[{"id":13032,"href":"https:\/\/www.turismoaguarda.es\/en\/wp-json\/wp\/v2\/posts\/13031\/revisions\/13032"}],"wp:featuredmedia":[{"embeddable":true,"href":"https:\/\/www.turismoaguarda.es\/en\/wp-json\/wp\/v2\/media\/13029"}],"wp:attachment":[{"href":"https:\/\/www.turismoaguarda.es\/en\/wp-json\/wp\/v2\/media?parent=13031"}],"wp:term":[{"taxonomy":"category","embeddable":true,"href":"https:\/\/www.turismoaguarda.es\/en\/wp-json\/wp\/v2\/categories?post=13031"},{"taxonomy":"post_tag","embeddable":true,"href":"https:\/\/www.turismoaguarda.es\/en\/wp-json\/wp\/v2\/tags?post=13031"}],"curies":[{"name":"wp","href":"https:\/\/api.w.org\/{rel}","templated":true}]}}