{"id":12958,"date":"2020-08-05T10:25:55","date_gmt":"2020-08-05T08:25:55","guid":{"rendered":"https:\/\/www.turismoaguarda.es\/?p=12958"},"modified":"2020-08-05T10:25:55","modified_gmt":"2020-08-05T08:25:55","slug":"a-guarda-ofrece-visitas-guiadas-al-casco-historico-durante-el-mes-de-agosto","status":"publish","type":"post","link":"https:\/\/www.turismoaguarda.es\/en\/a-guarda-ofrece-visitas-guiadas-al-casco-historico-durante-el-mes-de-agosto\/","title":{"rendered":"A Guarda ofrece visitas guiadas al casco hist\u00f3rico durante el mes de agosto"},"content":{"rendered":"<p style=\"text-align: justify;\">Durante el mes de agosto el Ayuntamiento de A Guarda ofrecer\u00e1 dos visitas guiadas semanales al casco urbano, donde la tem\u00e1tica de este a\u00f1o es la historia, patrimonio y testimonio de la \u00e9poca moderna de A Guarda. Las visitas tendr\u00e1n lugar los mi\u00e9rcoles y jueves del mes de agosto.<\/p>\n<p style=\"text-align: justify;\">Todos los mi\u00e9rcoles la visita guiada se centrar\u00e1 en el Castillo de Santa Cruz, donde se podr\u00e1 conocer esta fortaleza militar datada en el s. XVII, su estructura e historia a lo largo de los a\u00f1os hasta la actualidad.<\/p>\n<p style=\"text-align: justify;\">La novedad de este a\u00f1o ser\u00e1 la visita guiada de los jueves titulada como la Memoria de los Indianos. Esta visita recorrer\u00e1 el casco urbano conociendo las huellas y testimonio de los indianos, aquellos retornados de Am\u00e9rica que tuvieron una gran influencia pol\u00edtica, econ\u00f3mica y social principalmente en la primera mitad del s. XX.<\/p>\n<p style=\"text-align: justify;\">Las visitas guiadas saldr\u00e1n a las 12.00h de la Oficina de Turismo situada en la Plaza de Rel\u00f3. Estas visitas guiadas son gratuitas y no precisan inscripci\u00f3n pero s\u00ed hay l\u00edmite de participantes.<\/p>\n","protected":false},"excerpt":{"rendered":"<p>Durante el mes de agosto el Ayuntamiento de A Guarda ofrecer\u00e1 dos visitas guiadas semanales al casco urbano, donde la tem\u00e1tica de este a\u00f1o es la historia, patrimonio y testimonio de la \u00e9poca moderna de A Guarda. Las visitas tendr\u00e1n lugar los mi\u00e9rcoles y jueves del mes de agosto. Todos los mi\u00e9rcoles la visita guiada<\/p>\n<div class=\"padding-top text-center\"><a href=\"https:\/\/www.turismoaguarda.es\/en\/a-guarda-ofrece-visitas-guiadas-al-casco-historico-durante-el-mes-de-agosto\/\" class=\"atbtn atbtn--medium atbtn--rounded atbtn--transparent\">Read more<i class=\"atbtn__icon atbtn__icon--right fa fa-long-arrow-right\"><\/i><\/a><\/div>\n","protected":false},"author":11,"featured_media":12956,"comment_status":"open","ping_status":"open","sticky":false,"template":"","format":"standard","meta":{"footnotes":""},"categories":[44],"tags":[169,550,168,858],"class_list":["post-12958","post","type-post","status-publish","format-standard","has-post-thumbnail","hentry","category-noticias-turismo","tag-a-guarda","tag-patrimonio","tag-turismo","tag-visitas-guiadas"],"yoast_head":"<!-- This site is optimized with the Yoast SEO plugin v27.5 - https:\/\/yoast.com\/product\/yoast-seo-wordpress\/ -->\n<title>A Guarda ofrece visitas guiadas al casco hist\u00f3rico durante el mes de agosto | Turismo A Guarda<\/title>\n<meta name=\"robots\" content=\"index, follow, max-snippet:-1, max-image-preview:large, max-video-preview:-1\" \/>\n<link rel=\"canonical\" href=\"https:\/\/www.turismoaguarda.es\/a-guarda-ofrece-visitas-guiadas-al-casco-historico-durante-el-mes-de-agosto\/\" \/>\n<meta property=\"og:locale\" content=\"en_US\" \/>\n<meta property=\"og:type\" content=\"article\" \/>\n<meta property=\"og:title\" content=\"A Guarda ofrece visitas guiadas al casco hist\u00f3rico durante el mes de agosto | Turismo A Guarda\" \/>\n<meta property=\"og:description\" content=\"Durante el mes de agosto el Ayuntamiento de A Guarda ofrecer\u00e1 dos visitas guiadas semanales al casco urbano, donde la tem\u00e1tica de este a\u00f1o es la historia, patrimonio y testimonio de la \u00e9poca moderna de A Guarda. Las visitas tendr\u00e1n lugar los mi\u00e9rcoles y jueves del mes de agosto. Todos los mi\u00e9rcoles la visita guiadaRead more\" \/>\n<meta property=\"og:url\" content=\"https:\/\/www.turismoaguarda.es\/a-guarda-ofrece-visitas-guiadas-al-casco-historico-durante-el-mes-de-agosto\/\" \/>\n<meta property=\"og:site_name\" content=\"Turismo A Guarda\" \/>\n<meta property=\"article:publisher\" content=\"https:\/\/es-es.facebook.com\/Turismo-A-Guarda-126223240790625\/\" \/>\n<meta property=\"article:published_time\" content=\"2020-08-05T08:25:55+00:00\" \/>\n<meta property=\"og:image\" content=\"https:\/\/www.turismoaguarda.es\/wp-content\/uploads\/2020\/08\/Visitas-guiadas-Historia-Moderna-da-Guarda-copia.jpg\" \/>\n\t<meta property=\"og:image:width\" content=\"800\" \/>\n\t<meta property=\"og:image:height\" content=\"1132\" \/>\n\t<meta property=\"og:image:type\" content=\"image\/jpeg\" \/>\n<meta name=\"author\" content=\"Prensa A Guarda\" \/>\n<meta name=\"twitter:card\" content=\"summary_large_image\" \/>\n<meta name=\"twitter:creator\" content=\"@TurismoAGuarda\" \/>\n<meta name=\"twitter:site\" content=\"@TurismoAGuarda\" \/>\n<meta name=\"twitter:label1\" content=\"Written by\" \/>\n\t<meta name=\"twitter:data1\" content=\"Prensa A Guarda\" \/>\n\t<meta name=\"twitter:label2\" content=\"Est. reading time\" \/>\n\t<meta name=\"twitter:data2\" content=\"1 minute\" \/>\n<script type=\"application\/ld+json\" class=\"yoast-schema-graph\">{\"@context\":\"https:\\\/\\\/schema.org\",\"@graph\":[{\"@type\":\"Article\",\"@id\":\"https:\\\/\\\/www.turismoaguarda.es\\\/a-guarda-ofrece-visitas-guiadas-al-casco-historico-durante-el-mes-de-agosto\\\/#article\",\"isPartOf\":{\"@id\":\"https:\\\/\\\/www.turismoaguarda.es\\\/a-guarda-ofrece-visitas-guiadas-al-casco-historico-durante-el-mes-de-agosto\\\/\"},\"author\":{\"name\":\"Prensa A Guarda\",\"@id\":\"https:\\\/\\\/www.turismoaguarda.es\\\/#\\\/schema\\\/person\\\/a8b0c27ad7bcbb6c19799e934727508e\"},\"headline\":\"A Guarda ofrece visitas guiadas al casco hist\u00f3rico durante el mes de agosto\",\"datePublished\":\"2020-08-05T08:25:55+00:00\",\"mainEntityOfPage\":{\"@id\":\"https:\\\/\\\/www.turismoaguarda.es\\\/a-guarda-ofrece-visitas-guiadas-al-casco-historico-durante-el-mes-de-agosto\\\/\"},\"wordCount\":202,\"commentCount\":0,\"image\":{\"@id\":\"https:\\\/\\\/www.turismoaguarda.es\\\/a-guarda-ofrece-visitas-guiadas-al-casco-historico-durante-el-mes-de-agosto\\\/#primaryimage\"},\"thumbnailUrl\":\"https:\\\/\\\/www.turismoaguarda.es\\\/wp-content\\\/uploads\\\/2020\\\/08\\\/Visitas-guiadas-Historia-Moderna-da-Guarda-copia.jpg\",\"keywords\":[\"A Guarda\",\"Patrimonio\",\"turismo\",\"visitas guiadas\"],\"articleSection\":[\"Noticias Turismo\"],\"inLanguage\":\"en-US\",\"potentialAction\":[{\"@type\":\"CommentAction\",\"name\":\"Comment\",\"target\":[\"https:\\\/\\\/www.turismoaguarda.es\\\/a-guarda-ofrece-visitas-guiadas-al-casco-historico-durante-el-mes-de-agosto\\\/#respond\"]}]},{\"@type\":\"WebPage\",\"@id\":\"https:\\\/\\\/www.turismoaguarda.es\\\/a-guarda-ofrece-visitas-guiadas-al-casco-historico-durante-el-mes-de-agosto\\\/\",\"url\":\"https:\\\/\\\/www.turismoaguarda.es\\\/a-guarda-ofrece-visitas-guiadas-al-casco-historico-durante-el-mes-de-agosto\\\/\",\"name\":\"A Guarda ofrece visitas guiadas al casco hist\u00f3rico durante el mes de agosto | Turismo A Guarda\",\"isPartOf\":{\"@id\":\"https:\\\/\\\/www.turismoaguarda.es\\\/#website\"},\"primaryImageOfPage\":{\"@id\":\"https:\\\/\\\/www.turismoaguarda.es\\\/a-guarda-ofrece-visitas-guiadas-al-casco-historico-durante-el-mes-de-agosto\\\/#primaryimage\"},\"image\":{\"@id\":\"https:\\\/\\\/www.turismoaguarda.es\\\/a-guarda-ofrece-visitas-guiadas-al-casco-historico-durante-el-mes-de-agosto\\\/#primaryimage\"},\"thumbnailUrl\":\"https:\\\/\\\/www.turismoaguarda.es\\\/wp-content\\\/uploads\\\/2020\\\/08\\\/Visitas-guiadas-Historia-Moderna-da-Guarda-copia.jpg\",\"datePublished\":\"2020-08-05T08:25:55+00:00\",\"author\":{\"@id\":\"https:\\\/\\\/www.turismoaguarda.es\\\/#\\\/schema\\\/person\\\/a8b0c27ad7bcbb6c19799e934727508e\"},\"breadcrumb\":{\"@id\":\"https:\\\/\\\/www.turismoaguarda.es\\\/a-guarda-ofrece-visitas-guiadas-al-casco-historico-durante-el-mes-de-agosto\\\/#breadcrumb\"},\"inLanguage\":\"en-US\",\"potentialAction\":[{\"@type\":\"ReadAction\",\"target\":[\"https:\\\/\\\/www.turismoaguarda.es\\\/a-guarda-ofrece-visitas-guiadas-al-casco-historico-durante-el-mes-de-agosto\\\/\"]}]},{\"@type\":\"ImageObject\",\"inLanguage\":\"en-US\",\"@id\":\"https:\\\/\\\/www.turismoaguarda.es\\\/a-guarda-ofrece-visitas-guiadas-al-casco-historico-durante-el-mes-de-agosto\\\/#primaryimage\",\"url\":\"https:\\\/\\\/www.turismoaguarda.es\\\/wp-content\\\/uploads\\\/2020\\\/08\\\/Visitas-guiadas-Historia-Moderna-da-Guarda-copia.jpg\",\"contentUrl\":\"https:\\\/\\\/www.turismoaguarda.es\\\/wp-content\\\/uploads\\\/2020\\\/08\\\/Visitas-guiadas-Historia-Moderna-da-Guarda-copia.jpg\",\"width\":800,\"height\":1132},{\"@type\":\"BreadcrumbList\",\"@id\":\"https:\\\/\\\/www.turismoaguarda.es\\\/a-guarda-ofrece-visitas-guiadas-al-casco-historico-durante-el-mes-de-agosto\\\/#breadcrumb\",\"itemListElement\":[{\"@type\":\"ListItem\",\"position\":1,\"name\":\"Portada\",\"item\":\"https:\\\/\\\/www.turismoaguarda.es\\\/en\\\/\"},{\"@type\":\"ListItem\",\"position\":2,\"name\":\"A Guarda ofrece visitas guiadas al casco hist\u00f3rico durante el mes de agosto\"}]},{\"@type\":\"WebSite\",\"@id\":\"https:\\\/\\\/www.turismoaguarda.es\\\/#website\",\"url\":\"https:\\\/\\\/www.turismoaguarda.es\\\/\",\"name\":\"Turismo A Guarda\",\"description\":\"Informaci\u00f3n tur\u00edstica de A Guarda y alrededores.\",\"potentialAction\":[{\"@type\":\"SearchAction\",\"target\":{\"@type\":\"EntryPoint\",\"urlTemplate\":\"https:\\\/\\\/www.turismoaguarda.es\\\/?s={search_term_string}\"},\"query-input\":{\"@type\":\"PropertyValueSpecification\",\"valueRequired\":true,\"valueName\":\"search_term_string\"}}],\"inLanguage\":\"en-US\"},{\"@type\":\"Person\",\"@id\":\"https:\\\/\\\/www.turismoaguarda.es\\\/#\\\/schema\\\/person\\\/a8b0c27ad7bcbb6c19799e934727508e\",\"name\":\"Prensa A Guarda\",\"image\":{\"@type\":\"ImageObject\",\"inLanguage\":\"en-US\",\"@id\":\"https:\\\/\\\/secure.gravatar.com\\\/avatar\\\/387e117f874ba5d0a3439060b45d914395d77287b2e4890a49d1599fc3ef9189?s=96&d=mm&r=g\",\"url\":\"https:\\\/\\\/secure.gravatar.com\\\/avatar\\\/387e117f874ba5d0a3439060b45d914395d77287b2e4890a49d1599fc3ef9189?s=96&d=mm&r=g\",\"contentUrl\":\"https:\\\/\\\/secure.gravatar.com\\\/avatar\\\/387e117f874ba5d0a3439060b45d914395d77287b2e4890a49d1599fc3ef9189?s=96&d=mm&r=g\",\"caption\":\"Prensa A Guarda\"},\"url\":\"https:\\\/\\\/www.turismoaguarda.es\\\/en\\\/author\\\/prensa\\\/\"}]}<\/script>\n<!-- \/ Yoast SEO plugin. -->","yoast_head_json":{"title":"A Guarda ofrece visitas guiadas al casco hist\u00f3rico durante el mes de agosto | Turismo A Guarda","robots":{"index":"index","follow":"follow","max-snippet":"max-snippet:-1","max-image-preview":"max-image-preview:large","max-video-preview":"max-video-preview:-1"},"canonical":"https:\/\/www.turismoaguarda.es\/a-guarda-ofrece-visitas-guiadas-al-casco-historico-durante-el-mes-de-agosto\/","og_locale":"en_US","og_type":"article","og_title":"A Guarda ofrece visitas guiadas al casco hist\u00f3rico durante el mes de agosto | Turismo A Guarda","og_description":"Durante el mes de agosto el Ayuntamiento de A Guarda ofrecer\u00e1 dos visitas guiadas semanales al casco urbano, donde la tem\u00e1tica de este a\u00f1o es la historia, patrimonio y testimonio de la \u00e9poca moderna de A Guarda. Las visitas tendr\u00e1n lugar los mi\u00e9rcoles y jueves del mes de agosto. Todos los mi\u00e9rcoles la visita guiadaRead more","og_url":"https:\/\/www.turismoaguarda.es\/a-guarda-ofrece-visitas-guiadas-al-casco-historico-durante-el-mes-de-agosto\/","og_site_name":"Turismo A Guarda","article_publisher":"https:\/\/es-es.facebook.com\/Turismo-A-Guarda-126223240790625\/","article_published_time":"2020-08-05T08:25:55+00:00","og_image":[{"width":800,"height":1132,"url":"https:\/\/www.turismoaguarda.es\/wp-content\/uploads\/2020\/08\/Visitas-guiadas-Historia-Moderna-da-Guarda-copia.jpg","type":"image\/jpeg"}],"author":"Prensa A Guarda","twitter_card":"summary_large_image","twitter_creator":"@TurismoAGuarda","twitter_site":"@TurismoAGuarda","twitter_misc":{"Written by":"Prensa A Guarda","Est. reading time":"1 minute"},"schema":{"@context":"https:\/\/schema.org","@graph":[{"@type":"Article","@id":"https:\/\/www.turismoaguarda.es\/a-guarda-ofrece-visitas-guiadas-al-casco-historico-durante-el-mes-de-agosto\/#article","isPartOf":{"@id":"https:\/\/www.turismoaguarda.es\/a-guarda-ofrece-visitas-guiadas-al-casco-historico-durante-el-mes-de-agosto\/"},"author":{"name":"Prensa A Guarda","@id":"https:\/\/www.turismoaguarda.es\/#\/schema\/person\/a8b0c27ad7bcbb6c19799e934727508e"},"headline":"A Guarda ofrece visitas guiadas al casco hist\u00f3rico durante el mes de agosto","datePublished":"2020-08-05T08:25:55+00:00","mainEntityOfPage":{"@id":"https:\/\/www.turismoaguarda.es\/a-guarda-ofrece-visitas-guiadas-al-casco-historico-durante-el-mes-de-agosto\/"},"wordCount":202,"commentCount":0,"image":{"@id":"https:\/\/www.turismoaguarda.es\/a-guarda-ofrece-visitas-guiadas-al-casco-historico-durante-el-mes-de-agosto\/#primaryimage"},"thumbnailUrl":"https:\/\/www.turismoaguarda.es\/wp-content\/uploads\/2020\/08\/Visitas-guiadas-Historia-Moderna-da-Guarda-copia.jpg","keywords":["A Guarda","Patrimonio","turismo","visitas guiadas"],"articleSection":["Noticias Turismo"],"inLanguage":"en-US","potentialAction":[{"@type":"CommentAction","name":"Comment","target":["https:\/\/www.turismoaguarda.es\/a-guarda-ofrece-visitas-guiadas-al-casco-historico-durante-el-mes-de-agosto\/#respond"]}]},{"@type":"WebPage","@id":"https:\/\/www.turismoaguarda.es\/a-guarda-ofrece-visitas-guiadas-al-casco-historico-durante-el-mes-de-agosto\/","url":"https:\/\/www.turismoaguarda.es\/a-guarda-ofrece-visitas-guiadas-al-casco-historico-durante-el-mes-de-agosto\/","name":"A Guarda ofrece visitas guiadas al casco hist\u00f3rico durante el mes de agosto | Turismo A Guarda","isPartOf":{"@id":"https:\/\/www.turismoaguarda.es\/#website"},"primaryImageOfPage":{"@id":"https:\/\/www.turismoaguarda.es\/a-guarda-ofrece-visitas-guiadas-al-casco-historico-durante-el-mes-de-agosto\/#primaryimage"},"image":{"@id":"https:\/\/www.turismoaguarda.es\/a-guarda-ofrece-visitas-guiadas-al-casco-historico-durante-el-mes-de-agosto\/#primaryimage"},"thumbnailUrl":"https:\/\/www.turismoaguarda.es\/wp-content\/uploads\/2020\/08\/Visitas-guiadas-Historia-Moderna-da-Guarda-copia.jpg","datePublished":"2020-08-05T08:25:55+00:00","author":{"@id":"https:\/\/www.turismoaguarda.es\/#\/schema\/person\/a8b0c27ad7bcbb6c19799e934727508e"},"breadcrumb":{"@id":"https:\/\/www.turismoaguarda.es\/a-guarda-ofrece-visitas-guiadas-al-casco-historico-durante-el-mes-de-agosto\/#breadcrumb"},"inLanguage":"en-US","potentialAction":[{"@type":"ReadAction","target":["https:\/\/www.turismoaguarda.es\/a-guarda-ofrece-visitas-guiadas-al-casco-historico-durante-el-mes-de-agosto\/"]}]},{"@type":"ImageObject","inLanguage":"en-US","@id":"https:\/\/www.turismoaguarda.es\/a-guarda-ofrece-visitas-guiadas-al-casco-historico-durante-el-mes-de-agosto\/#primaryimage","url":"https:\/\/www.turismoaguarda.es\/wp-content\/uploads\/2020\/08\/Visitas-guiadas-Historia-Moderna-da-Guarda-copia.jpg","contentUrl":"https:\/\/www.turismoaguarda.es\/wp-content\/uploads\/2020\/08\/Visitas-guiadas-Historia-Moderna-da-Guarda-copia.jpg","width":800,"height":1132},{"@type":"BreadcrumbList","@id":"https:\/\/www.turismoaguarda.es\/a-guarda-ofrece-visitas-guiadas-al-casco-historico-durante-el-mes-de-agosto\/#breadcrumb","itemListElement":[{"@type":"ListItem","position":1,"name":"Portada","item":"https:\/\/www.turismoaguarda.es\/en\/"},{"@type":"ListItem","position":2,"name":"A Guarda ofrece visitas guiadas al casco hist\u00f3rico durante el mes de agosto"}]},{"@type":"WebSite","@id":"https:\/\/www.turismoaguarda.es\/#website","url":"https:\/\/www.turismoaguarda.es\/","name":"Turismo A Guarda","description":"Informaci\u00f3n tur\u00edstica de A Guarda y alrededores.","potentialAction":[{"@type":"SearchAction","target":{"@type":"EntryPoint","urlTemplate":"https:\/\/www.turismoaguarda.es\/?s={search_term_string}"},"query-input":{"@type":"PropertyValueSpecification","valueRequired":true,"valueName":"search_term_string"}}],"inLanguage":"en-US"},{"@type":"Person","@id":"https:\/\/www.turismoaguarda.es\/#\/schema\/person\/a8b0c27ad7bcbb6c19799e934727508e","name":"Prensa A Guarda","image":{"@type":"ImageObject","inLanguage":"en-US","@id":"https:\/\/secure.gravatar.com\/avatar\/387e117f874ba5d0a3439060b45d914395d77287b2e4890a49d1599fc3ef9189?s=96&d=mm&r=g","url":"https:\/\/secure.gravatar.com\/avatar\/387e117f874ba5d0a3439060b45d914395d77287b2e4890a49d1599fc3ef9189?s=96&d=mm&r=g","contentUrl":"https:\/\/secure.gravatar.com\/avatar\/387e117f874ba5d0a3439060b45d914395d77287b2e4890a49d1599fc3ef9189?s=96&d=mm&r=g","caption":"Prensa A Guarda"},"url":"https:\/\/www.turismoaguarda.es\/en\/author\/prensa\/"}]}},"_links":{"self":[{"href":"https:\/\/www.turismoaguarda.es\/en\/wp-json\/wp\/v2\/posts\/12958","targetHints":{"allow":["GET"]}}],"collection":[{"href":"https:\/\/www.turismoaguarda.es\/en\/wp-json\/wp\/v2\/posts"}],"about":[{"href":"https:\/\/www.turismoaguarda.es\/en\/wp-json\/wp\/v2\/types\/post"}],"author":[{"embeddable":true,"href":"https:\/\/www.turismoaguarda.es\/en\/wp-json\/wp\/v2\/users\/11"}],"replies":[{"embeddable":true,"href":"https:\/\/www.turismoaguarda.es\/en\/wp-json\/wp\/v2\/comments?post=12958"}],"version-history":[{"count":1,"href":"https:\/\/www.turismoaguarda.es\/en\/wp-json\/wp\/v2\/posts\/12958\/revisions"}],"predecessor-version":[{"id":12959,"href":"https:\/\/www.turismoaguarda.es\/en\/wp-json\/wp\/v2\/posts\/12958\/revisions\/12959"}],"wp:featuredmedia":[{"embeddable":true,"href":"https:\/\/www.turismoaguarda.es\/en\/wp-json\/wp\/v2\/media\/12956"}],"wp:attachment":[{"href":"https:\/\/www.turismoaguarda.es\/en\/wp-json\/wp\/v2\/media?parent=12958"}],"wp:term":[{"taxonomy":"category","embeddable":true,"href":"https:\/\/www.turismoaguarda.es\/en\/wp-json\/wp\/v2\/categories?post=12958"},{"taxonomy":"post_tag","embeddable":true,"href":"https:\/\/www.turismoaguarda.es\/en\/wp-json\/wp\/v2\/tags?post=12958"}],"curies":[{"name":"wp","href":"https:\/\/api.w.org\/{rel}","templated":true}]}}