{"id":12866,"date":"2020-07-06T15:18:37","date_gmt":"2020-07-06T13:18:37","guid":{"rendered":"https:\/\/www.turismoaguarda.es\/?p=12866"},"modified":"2020-07-06T15:18:37","modified_gmt":"2020-07-06T13:18:37","slug":"izado-del-distintivo-de-bandera-azul-en-la-playa-de-area-grande-en-a-guarda","status":"publish","type":"post","link":"https:\/\/www.turismoaguarda.es\/en\/izado-del-distintivo-de-bandera-azul-en-la-playa-de-area-grande-en-a-guarda\/","title":{"rendered":"Izado del distintivo de Bandera Azul en la playa de Area Grande en A Guarda"},"content":{"rendered":"<p style=\"text-align: justify;\">Un a\u00f1o m\u00e1s las playas de \u201cO Mu\u00ed\u00f1o\u201d y \u201cArea Grande\u201d del Ayuntamiento de A Guarda lucir\u00e1n el distintivo internacional de bandera azul como reconocimiento a la calidad medio ambiental y a los servicios que ofertan.<\/p>\n<p style=\"text-align: justify;\">En la jornada de este lunes d\u00eda 6 de julio de 2020 el alcalde de A Guarda, Antonio Lomba; la Concejal de Turismo, Mar\u00eda Elena Baz y la T\u00e9cnica de Turismo, Rosal\u00eda Verde, se acercaron hasta la playa de Area Grande para realizar el izado de la Bandera Azul en este arenal costero de la villa, que al igual que el arenal de O Mu\u00ed\u00f1o en la desembocadura del R\u00edo Mi\u00f1o, recibi\u00f3 este a\u00f1o este importante distintivo. Destacar que, aunque la playa de O Mu\u00ed\u00f1o cuenta ya con todos los requisitos que exige la Bandera Azul, esta no se va a izar hasta que terminen las obras de mejora de la accesibilidad en la Playa de O Mu\u00ed\u00f1o, que se ten\u00edan previsto terminar antes de la temporada estival, y que sufrieron un retraso por causa de la situaci\u00f3n provocada por el Covid-19, una vez terminadas dichas obras se izar\u00e1 la Bandera Azul en este arenal.<\/p>\n<p style=\"text-align: justify;\">La Asociaci\u00f3n de Educaci\u00f3n Ambiental y del Consumidor (ADEAC), y la rama espa\u00f1ola de la Federaci\u00f3n Europea de Educaci\u00f3n Ambiental (FEE) hicieron p\u00fablico el listado de todas las banderas azules que se concedieron en el territorio espa\u00f1ol para esta temporada de verano.<\/p>\n<p style=\"text-align: justify;\">Estas playas cuentan con los servicios exigidos por Bandera Azul como paneles informativos, an\u00e1lisis de aguas, servicio de limpieza y de recogida de residuos, duchas y aseos, y el servicio de salvamiento y socorrismo que atiende a los dos arenales y que comenz\u00f3 ya con el arranque estival.<\/p>\n<p style=\"text-align: justify;\">Mar\u00eda Elena Baz, Concejal de Turismo, quiso resaltar en esta visita a los arenales galardonados con el distintivo de Bandera Azul el esfuerzo realizado a nivel municipal para su concesi\u00f3n, en lo referente al mantenimiento y mejora de las actuaciones y servicios vi\u00e9ndose recompensado un a\u00f1o m\u00e1s con las dos banderas azules para el ayuntamiento.<\/p>\n<p style=\"text-align: justify;\">En esta resoluci\u00f3n tambi\u00e9n se le adjudic\u00f3 el distintivo de \u201cSendeiro Azul\u201d al camino que une ambas playas. Este camino tiene el reconocimiento desde el a\u00f1o 2013. A finales del pasado a\u00f1o el Ayuntamiento de A Guarda envi\u00f3 la documentaci\u00f3n de la candidatura para que sus playas y el sendero consiguiesen este distintivo. Despu\u00e9s de pasar un tribunal nacional y tambi\u00e9n uno internacional, finalmente se alcanz\u00f3 un resultado favorable.<\/p>\n<p style=\"text-align: justify;\">En total, 688 banderas azules ondean este a\u00f1o en Espa\u00f1a: en 589 arenales; 98 distintivos que reconocen la excelencia de los puertos deportivos; y 5 embarcaciones tur\u00edsticas sostenibles. Para A Guarda se otorgaron este a\u00f1o dos Banderas azules, que forman parte del total de 107 arenales con este distintivo en Galicia.<\/p>\n","protected":false},"excerpt":{"rendered":"<p>Un a\u00f1o m\u00e1s las playas de \u201cO Mu\u00ed\u00f1o\u201d y \u201cArea Grande\u201d del Ayuntamiento de A Guarda lucir\u00e1n el distintivo internacional de bandera azul como reconocimiento a la calidad medio ambiental y a los servicios que ofertan. En la jornada de este lunes d\u00eda 6 de julio de 2020 el alcalde de A Guarda, Antonio Lomba;<\/p>\n<div class=\"padding-top text-center\"><a href=\"https:\/\/www.turismoaguarda.es\/en\/izado-del-distintivo-de-bandera-azul-en-la-playa-de-area-grande-en-a-guarda\/\" class=\"atbtn atbtn--medium atbtn--rounded atbtn--transparent\">Read more<i class=\"atbtn__icon atbtn__icon--right fa fa-long-arrow-right\"><\/i><\/a><\/div>\n","protected":false},"author":11,"featured_media":12864,"comment_status":"open","ping_status":"open","sticky":false,"template":"","format":"standard","meta":{"footnotes":""},"categories":[44],"tags":[169,957,168],"class_list":["post-12866","post","type-post","status-publish","format-standard","has-post-thumbnail","hentry","category-noticias-turismo","tag-a-guarda","tag-praia","tag-turismo"],"yoast_head":"<!-- This site is optimized with the Yoast SEO plugin v27.5 - https:\/\/yoast.com\/product\/yoast-seo-wordpress\/ -->\n<title>Izado del distintivo de Bandera Azul en la playa de Area Grande en A Guarda | Turismo A Guarda<\/title>\n<meta name=\"robots\" content=\"index, follow, max-snippet:-1, max-image-preview:large, max-video-preview:-1\" \/>\n<link rel=\"canonical\" href=\"https:\/\/www.turismoaguarda.es\/en\/izado-del-distintivo-de-bandera-azul-en-la-playa-de-area-grande-en-a-guarda\/\" \/>\n<meta property=\"og:locale\" content=\"en_US\" \/>\n<meta property=\"og:type\" content=\"article\" \/>\n<meta property=\"og:title\" content=\"Izado del distintivo de Bandera Azul en la playa de Area Grande en A Guarda | Turismo A Guarda\" \/>\n<meta property=\"og:description\" content=\"Un a\u00f1o m\u00e1s las playas de \u201cO Mu\u00ed\u00f1o\u201d y \u201cArea Grande\u201d del Ayuntamiento de A Guarda lucir\u00e1n el distintivo internacional de bandera azul como reconocimiento a la calidad medio ambiental y a los servicios que ofertan. En la jornada de este lunes d\u00eda 6 de julio de 2020 el alcalde de A Guarda, Antonio Lomba;Read more\" \/>\n<meta property=\"og:url\" content=\"https:\/\/www.turismoaguarda.es\/en\/izado-del-distintivo-de-bandera-azul-en-la-playa-de-area-grande-en-a-guarda\/\" \/>\n<meta property=\"og:site_name\" content=\"Turismo A Guarda\" \/>\n<meta property=\"article:publisher\" content=\"https:\/\/es-es.facebook.com\/Turismo-A-Guarda-126223240790625\/\" \/>\n<meta property=\"article:published_time\" content=\"2020-07-06T13:18:37+00:00\" \/>\n<meta property=\"og:image\" content=\"https:\/\/www.turismoaguarda.es\/wp-content\/uploads\/2020\/07\/NP-06072020-Izado-do-distintivo-de-Bandeira-Azul-na-praia-de-Area-Grande-na-Guarda-2.jpg\" \/>\n\t<meta property=\"og:image:width\" content=\"800\" \/>\n\t<meta property=\"og:image:height\" content=\"533\" \/>\n\t<meta property=\"og:image:type\" content=\"image\/jpeg\" \/>\n<meta name=\"author\" content=\"Prensa A Guarda\" \/>\n<meta name=\"twitter:card\" content=\"summary_large_image\" \/>\n<meta name=\"twitter:creator\" content=\"@TurismoAGuarda\" \/>\n<meta name=\"twitter:site\" content=\"@TurismoAGuarda\" \/>\n<meta name=\"twitter:label1\" content=\"Written by\" \/>\n\t<meta name=\"twitter:data1\" content=\"Prensa A Guarda\" \/>\n\t<meta name=\"twitter:label2\" content=\"Est. reading time\" \/>\n\t<meta name=\"twitter:data2\" content=\"2 minutes\" \/>\n<script type=\"application\/ld+json\" class=\"yoast-schema-graph\">{\"@context\":\"https:\\\/\\\/schema.org\",\"@graph\":[{\"@type\":\"Article\",\"@id\":\"https:\\\/\\\/www.turismoaguarda.es\\\/en\\\/izado-del-distintivo-de-bandera-azul-en-la-playa-de-area-grande-en-a-guarda\\\/#article\",\"isPartOf\":{\"@id\":\"https:\\\/\\\/www.turismoaguarda.es\\\/en\\\/izado-del-distintivo-de-bandera-azul-en-la-playa-de-area-grande-en-a-guarda\\\/\"},\"author\":{\"name\":\"Prensa A Guarda\",\"@id\":\"https:\\\/\\\/www.turismoaguarda.es\\\/#\\\/schema\\\/person\\\/a8b0c27ad7bcbb6c19799e934727508e\"},\"headline\":\"Izado del distintivo de Bandera Azul en la playa de Area Grande en A Guarda\",\"datePublished\":\"2020-07-06T13:18:37+00:00\",\"mainEntityOfPage\":{\"@id\":\"https:\\\/\\\/www.turismoaguarda.es\\\/en\\\/izado-del-distintivo-de-bandera-azul-en-la-playa-de-area-grande-en-a-guarda\\\/\"},\"wordCount\":503,\"commentCount\":0,\"image\":{\"@id\":\"https:\\\/\\\/www.turismoaguarda.es\\\/en\\\/izado-del-distintivo-de-bandera-azul-en-la-playa-de-area-grande-en-a-guarda\\\/#primaryimage\"},\"thumbnailUrl\":\"https:\\\/\\\/www.turismoaguarda.es\\\/wp-content\\\/uploads\\\/2020\\\/07\\\/NP-06072020-Izado-do-distintivo-de-Bandeira-Azul-na-praia-de-Area-Grande-na-Guarda-2.jpg\",\"keywords\":[\"A Guarda\",\"praia\",\"turismo\"],\"articleSection\":[\"Noticias Turismo\"],\"inLanguage\":\"en-US\",\"potentialAction\":[{\"@type\":\"CommentAction\",\"name\":\"Comment\",\"target\":[\"https:\\\/\\\/www.turismoaguarda.es\\\/en\\\/izado-del-distintivo-de-bandera-azul-en-la-playa-de-area-grande-en-a-guarda\\\/#respond\"]}]},{\"@type\":\"WebPage\",\"@id\":\"https:\\\/\\\/www.turismoaguarda.es\\\/en\\\/izado-del-distintivo-de-bandera-azul-en-la-playa-de-area-grande-en-a-guarda\\\/\",\"url\":\"https:\\\/\\\/www.turismoaguarda.es\\\/en\\\/izado-del-distintivo-de-bandera-azul-en-la-playa-de-area-grande-en-a-guarda\\\/\",\"name\":\"Izado del distintivo de Bandera Azul en la playa de Area Grande en A Guarda | Turismo A Guarda\",\"isPartOf\":{\"@id\":\"https:\\\/\\\/www.turismoaguarda.es\\\/#website\"},\"primaryImageOfPage\":{\"@id\":\"https:\\\/\\\/www.turismoaguarda.es\\\/en\\\/izado-del-distintivo-de-bandera-azul-en-la-playa-de-area-grande-en-a-guarda\\\/#primaryimage\"},\"image\":{\"@id\":\"https:\\\/\\\/www.turismoaguarda.es\\\/en\\\/izado-del-distintivo-de-bandera-azul-en-la-playa-de-area-grande-en-a-guarda\\\/#primaryimage\"},\"thumbnailUrl\":\"https:\\\/\\\/www.turismoaguarda.es\\\/wp-content\\\/uploads\\\/2020\\\/07\\\/NP-06072020-Izado-do-distintivo-de-Bandeira-Azul-na-praia-de-Area-Grande-na-Guarda-2.jpg\",\"datePublished\":\"2020-07-06T13:18:37+00:00\",\"author\":{\"@id\":\"https:\\\/\\\/www.turismoaguarda.es\\\/#\\\/schema\\\/person\\\/a8b0c27ad7bcbb6c19799e934727508e\"},\"breadcrumb\":{\"@id\":\"https:\\\/\\\/www.turismoaguarda.es\\\/en\\\/izado-del-distintivo-de-bandera-azul-en-la-playa-de-area-grande-en-a-guarda\\\/#breadcrumb\"},\"inLanguage\":\"en-US\",\"potentialAction\":[{\"@type\":\"ReadAction\",\"target\":[\"https:\\\/\\\/www.turismoaguarda.es\\\/en\\\/izado-del-distintivo-de-bandera-azul-en-la-playa-de-area-grande-en-a-guarda\\\/\"]}]},{\"@type\":\"ImageObject\",\"inLanguage\":\"en-US\",\"@id\":\"https:\\\/\\\/www.turismoaguarda.es\\\/en\\\/izado-del-distintivo-de-bandera-azul-en-la-playa-de-area-grande-en-a-guarda\\\/#primaryimage\",\"url\":\"https:\\\/\\\/www.turismoaguarda.es\\\/wp-content\\\/uploads\\\/2020\\\/07\\\/NP-06072020-Izado-do-distintivo-de-Bandeira-Azul-na-praia-de-Area-Grande-na-Guarda-2.jpg\",\"contentUrl\":\"https:\\\/\\\/www.turismoaguarda.es\\\/wp-content\\\/uploads\\\/2020\\\/07\\\/NP-06072020-Izado-do-distintivo-de-Bandeira-Azul-na-praia-de-Area-Grande-na-Guarda-2.jpg\",\"width\":800,\"height\":533},{\"@type\":\"BreadcrumbList\",\"@id\":\"https:\\\/\\\/www.turismoaguarda.es\\\/en\\\/izado-del-distintivo-de-bandera-azul-en-la-playa-de-area-grande-en-a-guarda\\\/#breadcrumb\",\"itemListElement\":[{\"@type\":\"ListItem\",\"position\":1,\"name\":\"Portada\",\"item\":\"https:\\\/\\\/www.turismoaguarda.es\\\/en\\\/\"},{\"@type\":\"ListItem\",\"position\":2,\"name\":\"Izado del distintivo de Bandera Azul en la playa de Area Grande en A Guarda\"}]},{\"@type\":\"WebSite\",\"@id\":\"https:\\\/\\\/www.turismoaguarda.es\\\/#website\",\"url\":\"https:\\\/\\\/www.turismoaguarda.es\\\/\",\"name\":\"Turismo A Guarda\",\"description\":\"Informaci\u00f3n tur\u00edstica de A Guarda y alrededores.\",\"potentialAction\":[{\"@type\":\"SearchAction\",\"target\":{\"@type\":\"EntryPoint\",\"urlTemplate\":\"https:\\\/\\\/www.turismoaguarda.es\\\/?s={search_term_string}\"},\"query-input\":{\"@type\":\"PropertyValueSpecification\",\"valueRequired\":true,\"valueName\":\"search_term_string\"}}],\"inLanguage\":\"en-US\"},{\"@type\":\"Person\",\"@id\":\"https:\\\/\\\/www.turismoaguarda.es\\\/#\\\/schema\\\/person\\\/a8b0c27ad7bcbb6c19799e934727508e\",\"name\":\"Prensa A Guarda\",\"image\":{\"@type\":\"ImageObject\",\"inLanguage\":\"en-US\",\"@id\":\"https:\\\/\\\/secure.gravatar.com\\\/avatar\\\/387e117f874ba5d0a3439060b45d914395d77287b2e4890a49d1599fc3ef9189?s=96&d=mm&r=g\",\"url\":\"https:\\\/\\\/secure.gravatar.com\\\/avatar\\\/387e117f874ba5d0a3439060b45d914395d77287b2e4890a49d1599fc3ef9189?s=96&d=mm&r=g\",\"contentUrl\":\"https:\\\/\\\/secure.gravatar.com\\\/avatar\\\/387e117f874ba5d0a3439060b45d914395d77287b2e4890a49d1599fc3ef9189?s=96&d=mm&r=g\",\"caption\":\"Prensa A Guarda\"},\"url\":\"https:\\\/\\\/www.turismoaguarda.es\\\/en\\\/author\\\/prensa\\\/\"}]}<\/script>\n<!-- \/ Yoast SEO plugin. -->","yoast_head_json":{"title":"Izado del distintivo de Bandera Azul en la playa de Area Grande en A Guarda | Turismo A Guarda","robots":{"index":"index","follow":"follow","max-snippet":"max-snippet:-1","max-image-preview":"max-image-preview:large","max-video-preview":"max-video-preview:-1"},"canonical":"https:\/\/www.turismoaguarda.es\/en\/izado-del-distintivo-de-bandera-azul-en-la-playa-de-area-grande-en-a-guarda\/","og_locale":"en_US","og_type":"article","og_title":"Izado del distintivo de Bandera Azul en la playa de Area Grande en A Guarda | Turismo A Guarda","og_description":"Un a\u00f1o m\u00e1s las playas de \u201cO Mu\u00ed\u00f1o\u201d y \u201cArea Grande\u201d del Ayuntamiento de A Guarda lucir\u00e1n el distintivo internacional de bandera azul como reconocimiento a la calidad medio ambiental y a los servicios que ofertan. En la jornada de este lunes d\u00eda 6 de julio de 2020 el alcalde de A Guarda, Antonio Lomba;Read more","og_url":"https:\/\/www.turismoaguarda.es\/en\/izado-del-distintivo-de-bandera-azul-en-la-playa-de-area-grande-en-a-guarda\/","og_site_name":"Turismo A Guarda","article_publisher":"https:\/\/es-es.facebook.com\/Turismo-A-Guarda-126223240790625\/","article_published_time":"2020-07-06T13:18:37+00:00","og_image":[{"width":800,"height":533,"url":"https:\/\/www.turismoaguarda.es\/wp-content\/uploads\/2020\/07\/NP-06072020-Izado-do-distintivo-de-Bandeira-Azul-na-praia-de-Area-Grande-na-Guarda-2.jpg","type":"image\/jpeg"}],"author":"Prensa A Guarda","twitter_card":"summary_large_image","twitter_creator":"@TurismoAGuarda","twitter_site":"@TurismoAGuarda","twitter_misc":{"Written by":"Prensa A Guarda","Est. reading time":"2 minutes"},"schema":{"@context":"https:\/\/schema.org","@graph":[{"@type":"Article","@id":"https:\/\/www.turismoaguarda.es\/en\/izado-del-distintivo-de-bandera-azul-en-la-playa-de-area-grande-en-a-guarda\/#article","isPartOf":{"@id":"https:\/\/www.turismoaguarda.es\/en\/izado-del-distintivo-de-bandera-azul-en-la-playa-de-area-grande-en-a-guarda\/"},"author":{"name":"Prensa A Guarda","@id":"https:\/\/www.turismoaguarda.es\/#\/schema\/person\/a8b0c27ad7bcbb6c19799e934727508e"},"headline":"Izado del distintivo de Bandera Azul en la playa de Area Grande en A Guarda","datePublished":"2020-07-06T13:18:37+00:00","mainEntityOfPage":{"@id":"https:\/\/www.turismoaguarda.es\/en\/izado-del-distintivo-de-bandera-azul-en-la-playa-de-area-grande-en-a-guarda\/"},"wordCount":503,"commentCount":0,"image":{"@id":"https:\/\/www.turismoaguarda.es\/en\/izado-del-distintivo-de-bandera-azul-en-la-playa-de-area-grande-en-a-guarda\/#primaryimage"},"thumbnailUrl":"https:\/\/www.turismoaguarda.es\/wp-content\/uploads\/2020\/07\/NP-06072020-Izado-do-distintivo-de-Bandeira-Azul-na-praia-de-Area-Grande-na-Guarda-2.jpg","keywords":["A Guarda","praia","turismo"],"articleSection":["Noticias Turismo"],"inLanguage":"en-US","potentialAction":[{"@type":"CommentAction","name":"Comment","target":["https:\/\/www.turismoaguarda.es\/en\/izado-del-distintivo-de-bandera-azul-en-la-playa-de-area-grande-en-a-guarda\/#respond"]}]},{"@type":"WebPage","@id":"https:\/\/www.turismoaguarda.es\/en\/izado-del-distintivo-de-bandera-azul-en-la-playa-de-area-grande-en-a-guarda\/","url":"https:\/\/www.turismoaguarda.es\/en\/izado-del-distintivo-de-bandera-azul-en-la-playa-de-area-grande-en-a-guarda\/","name":"Izado del distintivo de Bandera Azul en la playa de Area Grande en A Guarda | Turismo A Guarda","isPartOf":{"@id":"https:\/\/www.turismoaguarda.es\/#website"},"primaryImageOfPage":{"@id":"https:\/\/www.turismoaguarda.es\/en\/izado-del-distintivo-de-bandera-azul-en-la-playa-de-area-grande-en-a-guarda\/#primaryimage"},"image":{"@id":"https:\/\/www.turismoaguarda.es\/en\/izado-del-distintivo-de-bandera-azul-en-la-playa-de-area-grande-en-a-guarda\/#primaryimage"},"thumbnailUrl":"https:\/\/www.turismoaguarda.es\/wp-content\/uploads\/2020\/07\/NP-06072020-Izado-do-distintivo-de-Bandeira-Azul-na-praia-de-Area-Grande-na-Guarda-2.jpg","datePublished":"2020-07-06T13:18:37+00:00","author":{"@id":"https:\/\/www.turismoaguarda.es\/#\/schema\/person\/a8b0c27ad7bcbb6c19799e934727508e"},"breadcrumb":{"@id":"https:\/\/www.turismoaguarda.es\/en\/izado-del-distintivo-de-bandera-azul-en-la-playa-de-area-grande-en-a-guarda\/#breadcrumb"},"inLanguage":"en-US","potentialAction":[{"@type":"ReadAction","target":["https:\/\/www.turismoaguarda.es\/en\/izado-del-distintivo-de-bandera-azul-en-la-playa-de-area-grande-en-a-guarda\/"]}]},{"@type":"ImageObject","inLanguage":"en-US","@id":"https:\/\/www.turismoaguarda.es\/en\/izado-del-distintivo-de-bandera-azul-en-la-playa-de-area-grande-en-a-guarda\/#primaryimage","url":"https:\/\/www.turismoaguarda.es\/wp-content\/uploads\/2020\/07\/NP-06072020-Izado-do-distintivo-de-Bandeira-Azul-na-praia-de-Area-Grande-na-Guarda-2.jpg","contentUrl":"https:\/\/www.turismoaguarda.es\/wp-content\/uploads\/2020\/07\/NP-06072020-Izado-do-distintivo-de-Bandeira-Azul-na-praia-de-Area-Grande-na-Guarda-2.jpg","width":800,"height":533},{"@type":"BreadcrumbList","@id":"https:\/\/www.turismoaguarda.es\/en\/izado-del-distintivo-de-bandera-azul-en-la-playa-de-area-grande-en-a-guarda\/#breadcrumb","itemListElement":[{"@type":"ListItem","position":1,"name":"Portada","item":"https:\/\/www.turismoaguarda.es\/en\/"},{"@type":"ListItem","position":2,"name":"Izado del distintivo de Bandera Azul en la playa de Area Grande en A Guarda"}]},{"@type":"WebSite","@id":"https:\/\/www.turismoaguarda.es\/#website","url":"https:\/\/www.turismoaguarda.es\/","name":"Turismo A Guarda","description":"Informaci\u00f3n tur\u00edstica de A Guarda y alrededores.","potentialAction":[{"@type":"SearchAction","target":{"@type":"EntryPoint","urlTemplate":"https:\/\/www.turismoaguarda.es\/?s={search_term_string}"},"query-input":{"@type":"PropertyValueSpecification","valueRequired":true,"valueName":"search_term_string"}}],"inLanguage":"en-US"},{"@type":"Person","@id":"https:\/\/www.turismoaguarda.es\/#\/schema\/person\/a8b0c27ad7bcbb6c19799e934727508e","name":"Prensa A Guarda","image":{"@type":"ImageObject","inLanguage":"en-US","@id":"https:\/\/secure.gravatar.com\/avatar\/387e117f874ba5d0a3439060b45d914395d77287b2e4890a49d1599fc3ef9189?s=96&d=mm&r=g","url":"https:\/\/secure.gravatar.com\/avatar\/387e117f874ba5d0a3439060b45d914395d77287b2e4890a49d1599fc3ef9189?s=96&d=mm&r=g","contentUrl":"https:\/\/secure.gravatar.com\/avatar\/387e117f874ba5d0a3439060b45d914395d77287b2e4890a49d1599fc3ef9189?s=96&d=mm&r=g","caption":"Prensa A Guarda"},"url":"https:\/\/www.turismoaguarda.es\/en\/author\/prensa\/"}]}},"_links":{"self":[{"href":"https:\/\/www.turismoaguarda.es\/en\/wp-json\/wp\/v2\/posts\/12866","targetHints":{"allow":["GET"]}}],"collection":[{"href":"https:\/\/www.turismoaguarda.es\/en\/wp-json\/wp\/v2\/posts"}],"about":[{"href":"https:\/\/www.turismoaguarda.es\/en\/wp-json\/wp\/v2\/types\/post"}],"author":[{"embeddable":true,"href":"https:\/\/www.turismoaguarda.es\/en\/wp-json\/wp\/v2\/users\/11"}],"replies":[{"embeddable":true,"href":"https:\/\/www.turismoaguarda.es\/en\/wp-json\/wp\/v2\/comments?post=12866"}],"version-history":[{"count":1,"href":"https:\/\/www.turismoaguarda.es\/en\/wp-json\/wp\/v2\/posts\/12866\/revisions"}],"predecessor-version":[{"id":12867,"href":"https:\/\/www.turismoaguarda.es\/en\/wp-json\/wp\/v2\/posts\/12866\/revisions\/12867"}],"wp:featuredmedia":[{"embeddable":true,"href":"https:\/\/www.turismoaguarda.es\/en\/wp-json\/wp\/v2\/media\/12864"}],"wp:attachment":[{"href":"https:\/\/www.turismoaguarda.es\/en\/wp-json\/wp\/v2\/media?parent=12866"}],"wp:term":[{"taxonomy":"category","embeddable":true,"href":"https:\/\/www.turismoaguarda.es\/en\/wp-json\/wp\/v2\/categories?post=12866"},{"taxonomy":"post_tag","embeddable":true,"href":"https:\/\/www.turismoaguarda.es\/en\/wp-json\/wp\/v2\/tags?post=12866"}],"curies":[{"name":"wp","href":"https:\/\/api.w.org\/{rel}","templated":true}]}}