{"id":12755,"date":"2020-06-05T15:27:14","date_gmt":"2020-06-05T13:27:14","guid":{"rendered":"https:\/\/www.turismoaguarda.es\/?p=12755"},"modified":"2020-06-05T16:08:52","modified_gmt":"2020-06-05T14:08:52","slug":"continua-el-acondicionamiento-de-las-playas-de-a-guarda","status":"publish","type":"post","link":"https:\/\/www.turismoaguarda.es\/en\/continua-el-acondicionamiento-de-las-playas-de-a-guarda\/","title":{"rendered":"Contin\u00faa el acondicionamiento de las playas de A Guarda"},"content":{"rendered":"<p style=\"text-align: justify;\">El d\u00eda 25 de Mayo, se procedi\u00f3 a la apertura de las playas como zonas de ba\u00f1o con la entrada en la fase 2 de la desescalada.<\/p>\n<p style=\"text-align: justify;\">Ante la emergencia sanitaria provocada por el COVID-19 las playas se est\u00e1n acondicionando siguiendo las recomendaciones para la apertura de playas y zonas de ba\u00f1o tras la crisis del COVID-19, documento elaborado por el Ministerio de Sanidad.<\/p>\n<p style=\"text-align: justify;\">Una acci\u00f3n importante es la informativa por lo que se instalaron en los principales accesos de las playas carteles informativos con las indicaciones de distancia social y comportamiento.<\/p>\n<p style=\"text-align: justify;\">Otra medida destacada es la higiene, por lo que el Ayuntamiento de A Guarda elabor\u00f3 un plan de limpieza de los aseos de las playas para dar as\u00ed cumplimiento a las medidas sanitarias para evitar el contagio del COVID-19. Este plan de limpieza comez\u00f3 el d\u00eda 1 de junio y continuar\u00e1 hasta septiembre.<\/p>\n<p style=\"text-align: justify;\">Por \u00faltimo, indicar que desde hace ya algunas semanas, se est\u00e1 procediendo a la limpieza de los arenales y continuar\u00e1n durante estas semanas las labores de desbroce para que al comienzo oficial de la temporada de playas, el 15 de junio, ya est\u00e9n acondicionadas las instalaciones y el entorno de nuestras playas.<\/p>\n<p style=\"text-align: justify;\">Informamos tambi\u00e9n que, en la Playa de O Mu\u00ed\u00f1o, se est\u00e1 a llevar a cabo la Obra de mejora y acondicionamiento de los accesos, que como otras acciones, sufri\u00f3 la paralizaci\u00f3n ocasionada por la grave pandemia del COVID 19. Se est\u00e1 trabajando para tener terminada dicha obra de mejora lo antes posible, por lo que rogamos la comprensi\u00f3n de los ba\u00f1istas y visitantes de este espacio, somos conocedores de que las obras pueden ocasionar malestar, pero una vez terminada, mejorar\u00e1 mucho el acceso principal a este arenal, para disfrute de todos y todas.<\/p>\n","protected":false},"excerpt":{"rendered":"<p>El d\u00eda 25 de Mayo, se procedi\u00f3 a la apertura de las playas como zonas de ba\u00f1o con la entrada en la fase 2 de la desescalada. Ante la emergencia sanitaria provocada por el COVID-19 las playas se est\u00e1n acondicionando siguiendo las recomendaciones para la apertura de playas y zonas de ba\u00f1o tras la crisis<\/p>\n<div class=\"padding-top text-center\"><a href=\"https:\/\/www.turismoaguarda.es\/en\/continua-el-acondicionamiento-de-las-playas-de-a-guarda\/\" class=\"atbtn atbtn--medium atbtn--rounded atbtn--transparent\">Read more<i class=\"atbtn__icon atbtn__icon--right fa fa-long-arrow-right\"><\/i><\/a><\/div>\n","protected":false},"author":11,"featured_media":12760,"comment_status":"open","ping_status":"open","sticky":false,"template":"","format":"standard","meta":{"footnotes":""},"categories":[44],"tags":[169,1732,1734,1733,174,168],"class_list":["post-12755","post","type-post","status-publish","format-standard","has-post-thumbnail","hentry","category-noticias-turismo","tag-a-guarda","tag-acondicionamiento","tag-coronavirus-2","tag-covid19-2","tag-playas","tag-turismo"],"yoast_head":"<!-- This site is optimized with the Yoast SEO plugin v27.5 - https:\/\/yoast.com\/product\/yoast-seo-wordpress\/ -->\n<title>Contin\u00faa el acondicionamiento de las playas de A Guarda | Turismo A Guarda<\/title>\n<meta name=\"robots\" content=\"index, follow, max-snippet:-1, max-image-preview:large, max-video-preview:-1\" \/>\n<link rel=\"canonical\" href=\"https:\/\/www.turismoaguarda.es\/en\/continua-el-acondicionamiento-de-las-playas-de-a-guarda\/\" \/>\n<meta property=\"og:locale\" content=\"en_US\" \/>\n<meta property=\"og:type\" content=\"article\" \/>\n<meta property=\"og:title\" content=\"Contin\u00faa el acondicionamiento de las playas de A Guarda | Turismo A Guarda\" \/>\n<meta property=\"og:description\" content=\"El d\u00eda 25 de Mayo, se procedi\u00f3 a la apertura de las playas como zonas de ba\u00f1o con la entrada en la fase 2 de la desescalada. Ante la emergencia sanitaria provocada por el COVID-19 las playas se est\u00e1n acondicionando siguiendo las recomendaciones para la apertura de playas y zonas de ba\u00f1o tras la crisisRead more\" \/>\n<meta property=\"og:url\" content=\"https:\/\/www.turismoaguarda.es\/en\/continua-el-acondicionamiento-de-las-playas-de-a-guarda\/\" \/>\n<meta property=\"og:site_name\" content=\"Turismo A Guarda\" \/>\n<meta property=\"article:publisher\" content=\"https:\/\/es-es.facebook.com\/Turismo-A-Guarda-126223240790625\/\" \/>\n<meta property=\"article:published_time\" content=\"2020-06-05T13:27:14+00:00\" \/>\n<meta property=\"article:modified_time\" content=\"2020-06-05T14:08:52+00:00\" \/>\n<meta property=\"og:image\" content=\"https:\/\/www.turismoaguarda.es\/wp-content\/uploads\/2020\/06\/IMG_7749.jpg\" \/>\n\t<meta property=\"og:image:width\" content=\"800\" \/>\n\t<meta property=\"og:image:height\" content=\"600\" \/>\n\t<meta property=\"og:image:type\" content=\"image\/jpeg\" \/>\n<meta name=\"author\" content=\"Prensa A Guarda\" \/>\n<meta name=\"twitter:card\" content=\"summary_large_image\" \/>\n<meta name=\"twitter:creator\" content=\"@TurismoAGuarda\" \/>\n<meta name=\"twitter:site\" content=\"@TurismoAGuarda\" \/>\n<meta name=\"twitter:label1\" content=\"Written by\" \/>\n\t<meta name=\"twitter:data1\" content=\"Prensa A Guarda\" \/>\n\t<meta name=\"twitter:label2\" content=\"Est. reading time\" \/>\n\t<meta name=\"twitter:data2\" content=\"1 minute\" \/>\n<script type=\"application\/ld+json\" class=\"yoast-schema-graph\">{\"@context\":\"https:\\\/\\\/schema.org\",\"@graph\":[{\"@type\":\"Article\",\"@id\":\"https:\\\/\\\/www.turismoaguarda.es\\\/en\\\/continua-el-acondicionamiento-de-las-playas-de-a-guarda\\\/#article\",\"isPartOf\":{\"@id\":\"https:\\\/\\\/www.turismoaguarda.es\\\/en\\\/continua-el-acondicionamiento-de-las-playas-de-a-guarda\\\/\"},\"author\":{\"name\":\"Prensa A Guarda\",\"@id\":\"https:\\\/\\\/www.turismoaguarda.es\\\/#\\\/schema\\\/person\\\/a8b0c27ad7bcbb6c19799e934727508e\"},\"headline\":\"Contin\u00faa el acondicionamiento de las playas de A Guarda\",\"datePublished\":\"2020-06-05T13:27:14+00:00\",\"dateModified\":\"2020-06-05T14:08:52+00:00\",\"mainEntityOfPage\":{\"@id\":\"https:\\\/\\\/www.turismoaguarda.es\\\/en\\\/continua-el-acondicionamiento-de-las-playas-de-a-guarda\\\/\"},\"wordCount\":308,\"commentCount\":0,\"image\":{\"@id\":\"https:\\\/\\\/www.turismoaguarda.es\\\/en\\\/continua-el-acondicionamiento-de-las-playas-de-a-guarda\\\/#primaryimage\"},\"thumbnailUrl\":\"https:\\\/\\\/www.turismoaguarda.es\\\/wp-content\\\/uploads\\\/2020\\\/06\\\/IMG_7749.jpg\",\"keywords\":[\"A Guarda\",\"acondicionamiento\",\"coronavirus\",\"covid19\",\"playas\",\"turismo\"],\"articleSection\":[\"Noticias Turismo\"],\"inLanguage\":\"en-US\",\"potentialAction\":[{\"@type\":\"CommentAction\",\"name\":\"Comment\",\"target\":[\"https:\\\/\\\/www.turismoaguarda.es\\\/en\\\/continua-el-acondicionamiento-de-las-playas-de-a-guarda\\\/#respond\"]}]},{\"@type\":\"WebPage\",\"@id\":\"https:\\\/\\\/www.turismoaguarda.es\\\/en\\\/continua-el-acondicionamiento-de-las-playas-de-a-guarda\\\/\",\"url\":\"https:\\\/\\\/www.turismoaguarda.es\\\/en\\\/continua-el-acondicionamiento-de-las-playas-de-a-guarda\\\/\",\"name\":\"Contin\u00faa el acondicionamiento de las playas de A Guarda | Turismo A Guarda\",\"isPartOf\":{\"@id\":\"https:\\\/\\\/www.turismoaguarda.es\\\/#website\"},\"primaryImageOfPage\":{\"@id\":\"https:\\\/\\\/www.turismoaguarda.es\\\/en\\\/continua-el-acondicionamiento-de-las-playas-de-a-guarda\\\/#primaryimage\"},\"image\":{\"@id\":\"https:\\\/\\\/www.turismoaguarda.es\\\/en\\\/continua-el-acondicionamiento-de-las-playas-de-a-guarda\\\/#primaryimage\"},\"thumbnailUrl\":\"https:\\\/\\\/www.turismoaguarda.es\\\/wp-content\\\/uploads\\\/2020\\\/06\\\/IMG_7749.jpg\",\"datePublished\":\"2020-06-05T13:27:14+00:00\",\"dateModified\":\"2020-06-05T14:08:52+00:00\",\"author\":{\"@id\":\"https:\\\/\\\/www.turismoaguarda.es\\\/#\\\/schema\\\/person\\\/a8b0c27ad7bcbb6c19799e934727508e\"},\"breadcrumb\":{\"@id\":\"https:\\\/\\\/www.turismoaguarda.es\\\/en\\\/continua-el-acondicionamiento-de-las-playas-de-a-guarda\\\/#breadcrumb\"},\"inLanguage\":\"en-US\",\"potentialAction\":[{\"@type\":\"ReadAction\",\"target\":[\"https:\\\/\\\/www.turismoaguarda.es\\\/en\\\/continua-el-acondicionamiento-de-las-playas-de-a-guarda\\\/\"]}]},{\"@type\":\"ImageObject\",\"inLanguage\":\"en-US\",\"@id\":\"https:\\\/\\\/www.turismoaguarda.es\\\/en\\\/continua-el-acondicionamiento-de-las-playas-de-a-guarda\\\/#primaryimage\",\"url\":\"https:\\\/\\\/www.turismoaguarda.es\\\/wp-content\\\/uploads\\\/2020\\\/06\\\/IMG_7749.jpg\",\"contentUrl\":\"https:\\\/\\\/www.turismoaguarda.es\\\/wp-content\\\/uploads\\\/2020\\\/06\\\/IMG_7749.jpg\",\"width\":800,\"height\":600},{\"@type\":\"BreadcrumbList\",\"@id\":\"https:\\\/\\\/www.turismoaguarda.es\\\/en\\\/continua-el-acondicionamiento-de-las-playas-de-a-guarda\\\/#breadcrumb\",\"itemListElement\":[{\"@type\":\"ListItem\",\"position\":1,\"name\":\"Portada\",\"item\":\"https:\\\/\\\/www.turismoaguarda.es\\\/en\\\/\"},{\"@type\":\"ListItem\",\"position\":2,\"name\":\"Contin\u00faa el acondicionamiento de las playas de A Guarda\"}]},{\"@type\":\"WebSite\",\"@id\":\"https:\\\/\\\/www.turismoaguarda.es\\\/#website\",\"url\":\"https:\\\/\\\/www.turismoaguarda.es\\\/\",\"name\":\"Turismo A Guarda\",\"description\":\"Informaci\u00f3n tur\u00edstica de A Guarda y alrededores.\",\"potentialAction\":[{\"@type\":\"SearchAction\",\"target\":{\"@type\":\"EntryPoint\",\"urlTemplate\":\"https:\\\/\\\/www.turismoaguarda.es\\\/?s={search_term_string}\"},\"query-input\":{\"@type\":\"PropertyValueSpecification\",\"valueRequired\":true,\"valueName\":\"search_term_string\"}}],\"inLanguage\":\"en-US\"},{\"@type\":\"Person\",\"@id\":\"https:\\\/\\\/www.turismoaguarda.es\\\/#\\\/schema\\\/person\\\/a8b0c27ad7bcbb6c19799e934727508e\",\"name\":\"Prensa A Guarda\",\"image\":{\"@type\":\"ImageObject\",\"inLanguage\":\"en-US\",\"@id\":\"https:\\\/\\\/secure.gravatar.com\\\/avatar\\\/387e117f874ba5d0a3439060b45d914395d77287b2e4890a49d1599fc3ef9189?s=96&d=mm&r=g\",\"url\":\"https:\\\/\\\/secure.gravatar.com\\\/avatar\\\/387e117f874ba5d0a3439060b45d914395d77287b2e4890a49d1599fc3ef9189?s=96&d=mm&r=g\",\"contentUrl\":\"https:\\\/\\\/secure.gravatar.com\\\/avatar\\\/387e117f874ba5d0a3439060b45d914395d77287b2e4890a49d1599fc3ef9189?s=96&d=mm&r=g\",\"caption\":\"Prensa A Guarda\"},\"url\":\"https:\\\/\\\/www.turismoaguarda.es\\\/en\\\/author\\\/prensa\\\/\"}]}<\/script>\n<!-- \/ Yoast SEO plugin. -->","yoast_head_json":{"title":"Contin\u00faa el acondicionamiento de las playas de A Guarda | Turismo A Guarda","robots":{"index":"index","follow":"follow","max-snippet":"max-snippet:-1","max-image-preview":"max-image-preview:large","max-video-preview":"max-video-preview:-1"},"canonical":"https:\/\/www.turismoaguarda.es\/en\/continua-el-acondicionamiento-de-las-playas-de-a-guarda\/","og_locale":"en_US","og_type":"article","og_title":"Contin\u00faa el acondicionamiento de las playas de A Guarda | Turismo A Guarda","og_description":"El d\u00eda 25 de Mayo, se procedi\u00f3 a la apertura de las playas como zonas de ba\u00f1o con la entrada en la fase 2 de la desescalada. Ante la emergencia sanitaria provocada por el COVID-19 las playas se est\u00e1n acondicionando siguiendo las recomendaciones para la apertura de playas y zonas de ba\u00f1o tras la crisisRead more","og_url":"https:\/\/www.turismoaguarda.es\/en\/continua-el-acondicionamiento-de-las-playas-de-a-guarda\/","og_site_name":"Turismo A Guarda","article_publisher":"https:\/\/es-es.facebook.com\/Turismo-A-Guarda-126223240790625\/","article_published_time":"2020-06-05T13:27:14+00:00","article_modified_time":"2020-06-05T14:08:52+00:00","og_image":[{"width":800,"height":600,"url":"https:\/\/www.turismoaguarda.es\/wp-content\/uploads\/2020\/06\/IMG_7749.jpg","type":"image\/jpeg"}],"author":"Prensa A Guarda","twitter_card":"summary_large_image","twitter_creator":"@TurismoAGuarda","twitter_site":"@TurismoAGuarda","twitter_misc":{"Written by":"Prensa A Guarda","Est. reading time":"1 minute"},"schema":{"@context":"https:\/\/schema.org","@graph":[{"@type":"Article","@id":"https:\/\/www.turismoaguarda.es\/en\/continua-el-acondicionamiento-de-las-playas-de-a-guarda\/#article","isPartOf":{"@id":"https:\/\/www.turismoaguarda.es\/en\/continua-el-acondicionamiento-de-las-playas-de-a-guarda\/"},"author":{"name":"Prensa A Guarda","@id":"https:\/\/www.turismoaguarda.es\/#\/schema\/person\/a8b0c27ad7bcbb6c19799e934727508e"},"headline":"Contin\u00faa el acondicionamiento de las playas de A Guarda","datePublished":"2020-06-05T13:27:14+00:00","dateModified":"2020-06-05T14:08:52+00:00","mainEntityOfPage":{"@id":"https:\/\/www.turismoaguarda.es\/en\/continua-el-acondicionamiento-de-las-playas-de-a-guarda\/"},"wordCount":308,"commentCount":0,"image":{"@id":"https:\/\/www.turismoaguarda.es\/en\/continua-el-acondicionamiento-de-las-playas-de-a-guarda\/#primaryimage"},"thumbnailUrl":"https:\/\/www.turismoaguarda.es\/wp-content\/uploads\/2020\/06\/IMG_7749.jpg","keywords":["A Guarda","acondicionamiento","coronavirus","covid19","playas","turismo"],"articleSection":["Noticias Turismo"],"inLanguage":"en-US","potentialAction":[{"@type":"CommentAction","name":"Comment","target":["https:\/\/www.turismoaguarda.es\/en\/continua-el-acondicionamiento-de-las-playas-de-a-guarda\/#respond"]}]},{"@type":"WebPage","@id":"https:\/\/www.turismoaguarda.es\/en\/continua-el-acondicionamiento-de-las-playas-de-a-guarda\/","url":"https:\/\/www.turismoaguarda.es\/en\/continua-el-acondicionamiento-de-las-playas-de-a-guarda\/","name":"Contin\u00faa el acondicionamiento de las playas de A Guarda | Turismo A Guarda","isPartOf":{"@id":"https:\/\/www.turismoaguarda.es\/#website"},"primaryImageOfPage":{"@id":"https:\/\/www.turismoaguarda.es\/en\/continua-el-acondicionamiento-de-las-playas-de-a-guarda\/#primaryimage"},"image":{"@id":"https:\/\/www.turismoaguarda.es\/en\/continua-el-acondicionamiento-de-las-playas-de-a-guarda\/#primaryimage"},"thumbnailUrl":"https:\/\/www.turismoaguarda.es\/wp-content\/uploads\/2020\/06\/IMG_7749.jpg","datePublished":"2020-06-05T13:27:14+00:00","dateModified":"2020-06-05T14:08:52+00:00","author":{"@id":"https:\/\/www.turismoaguarda.es\/#\/schema\/person\/a8b0c27ad7bcbb6c19799e934727508e"},"breadcrumb":{"@id":"https:\/\/www.turismoaguarda.es\/en\/continua-el-acondicionamiento-de-las-playas-de-a-guarda\/#breadcrumb"},"inLanguage":"en-US","potentialAction":[{"@type":"ReadAction","target":["https:\/\/www.turismoaguarda.es\/en\/continua-el-acondicionamiento-de-las-playas-de-a-guarda\/"]}]},{"@type":"ImageObject","inLanguage":"en-US","@id":"https:\/\/www.turismoaguarda.es\/en\/continua-el-acondicionamiento-de-las-playas-de-a-guarda\/#primaryimage","url":"https:\/\/www.turismoaguarda.es\/wp-content\/uploads\/2020\/06\/IMG_7749.jpg","contentUrl":"https:\/\/www.turismoaguarda.es\/wp-content\/uploads\/2020\/06\/IMG_7749.jpg","width":800,"height":600},{"@type":"BreadcrumbList","@id":"https:\/\/www.turismoaguarda.es\/en\/continua-el-acondicionamiento-de-las-playas-de-a-guarda\/#breadcrumb","itemListElement":[{"@type":"ListItem","position":1,"name":"Portada","item":"https:\/\/www.turismoaguarda.es\/en\/"},{"@type":"ListItem","position":2,"name":"Contin\u00faa el acondicionamiento de las playas de A Guarda"}]},{"@type":"WebSite","@id":"https:\/\/www.turismoaguarda.es\/#website","url":"https:\/\/www.turismoaguarda.es\/","name":"Turismo A Guarda","description":"Informaci\u00f3n tur\u00edstica de A Guarda y alrededores.","potentialAction":[{"@type":"SearchAction","target":{"@type":"EntryPoint","urlTemplate":"https:\/\/www.turismoaguarda.es\/?s={search_term_string}"},"query-input":{"@type":"PropertyValueSpecification","valueRequired":true,"valueName":"search_term_string"}}],"inLanguage":"en-US"},{"@type":"Person","@id":"https:\/\/www.turismoaguarda.es\/#\/schema\/person\/a8b0c27ad7bcbb6c19799e934727508e","name":"Prensa A Guarda","image":{"@type":"ImageObject","inLanguage":"en-US","@id":"https:\/\/secure.gravatar.com\/avatar\/387e117f874ba5d0a3439060b45d914395d77287b2e4890a49d1599fc3ef9189?s=96&d=mm&r=g","url":"https:\/\/secure.gravatar.com\/avatar\/387e117f874ba5d0a3439060b45d914395d77287b2e4890a49d1599fc3ef9189?s=96&d=mm&r=g","contentUrl":"https:\/\/secure.gravatar.com\/avatar\/387e117f874ba5d0a3439060b45d914395d77287b2e4890a49d1599fc3ef9189?s=96&d=mm&r=g","caption":"Prensa A Guarda"},"url":"https:\/\/www.turismoaguarda.es\/en\/author\/prensa\/"}]}},"_links":{"self":[{"href":"https:\/\/www.turismoaguarda.es\/en\/wp-json\/wp\/v2\/posts\/12755","targetHints":{"allow":["GET"]}}],"collection":[{"href":"https:\/\/www.turismoaguarda.es\/en\/wp-json\/wp\/v2\/posts"}],"about":[{"href":"https:\/\/www.turismoaguarda.es\/en\/wp-json\/wp\/v2\/types\/post"}],"author":[{"embeddable":true,"href":"https:\/\/www.turismoaguarda.es\/en\/wp-json\/wp\/v2\/users\/11"}],"replies":[{"embeddable":true,"href":"https:\/\/www.turismoaguarda.es\/en\/wp-json\/wp\/v2\/comments?post=12755"}],"version-history":[{"count":1,"href":"https:\/\/www.turismoaguarda.es\/en\/wp-json\/wp\/v2\/posts\/12755\/revisions"}],"predecessor-version":[{"id":12756,"href":"https:\/\/www.turismoaguarda.es\/en\/wp-json\/wp\/v2\/posts\/12755\/revisions\/12756"}],"wp:featuredmedia":[{"embeddable":true,"href":"https:\/\/www.turismoaguarda.es\/en\/wp-json\/wp\/v2\/media\/12760"}],"wp:attachment":[{"href":"https:\/\/www.turismoaguarda.es\/en\/wp-json\/wp\/v2\/media?parent=12755"}],"wp:term":[{"taxonomy":"category","embeddable":true,"href":"https:\/\/www.turismoaguarda.es\/en\/wp-json\/wp\/v2\/categories?post=12755"},{"taxonomy":"post_tag","embeddable":true,"href":"https:\/\/www.turismoaguarda.es\/en\/wp-json\/wp\/v2\/tags?post=12755"}],"curies":[{"name":"wp","href":"https:\/\/api.w.org\/{rel}","templated":true}]}}