{"id":12539,"date":"2020-01-02T11:38:40","date_gmt":"2020-01-02T10:38:40","guid":{"rendered":"https:\/\/www.turismoaguarda.es\/?p=12539"},"modified":"2020-01-02T11:38:40","modified_gmt":"2020-01-02T10:38:40","slug":"los-reyes-magos-visitaran-la-residencia-de-mayores-y-participan-este-domingo-en-la-cabalgata-de-a-guarda","status":"publish","type":"post","link":"https:\/\/www.turismoaguarda.es\/en\/los-reyes-magos-visitaran-la-residencia-de-mayores-y-participan-este-domingo-en-la-cabalgata-de-a-guarda\/","title":{"rendered":"Los Reyes Magos visitar\u00e1n la Residencia de Mayores y participan este domingo en la Cabalgata de A Guarda"},"content":{"rendered":"<p style=\"text-align: justify;\">La programaci\u00f3n de Navidad termina este fin de semana en A Guarda con la visita de los Reyes Magos a la Residencia de Mayores y su participaci\u00f3n en la Cabalgata de Reyes. Adem\u00e1s tambi\u00e9n sigue abierta la Pista de Hielo en la Alameda.<\/p>\n<p style=\"text-align: justify;\"><strong>Visita de los Reyes a la Residencia de Mayores<\/strong><\/p>\n<p style=\"text-align: justify;\">Sus Majestades de Oriente visitar\u00e1n este viernes d\u00eda 3 de enero por la tarde a nuestros mayores en la Residencia de la Tercera Edad Monte Tecla, donde estar\u00e1n acompa\u00f1ados por una charanga para animar y bailar en un d\u00eda muy especial. Se contar\u00e1 tambi\u00e9n con la presencia del Alcalde, de la Concejal de Turismo y de la Concejal de Cultura.<\/p>\n<p style=\"text-align: justify;\"><strong>Cabalgata de Reyes Magos 2020<\/strong><\/p>\n<p style=\"text-align: justify;\">El domingo d\u00eda 5 de enero tendr\u00e1 lugar uno de los actos m\u00e1s importantes de la Navidad en A Guarda, la Cabalgata de los Reyes Magos que tendr\u00e1 inicio a las 18:00h con salida desde la Alameda de A Guarda acompa\u00f1ados por la comitiva de pajes, asociaciones de la villa y una charanga que amenizar\u00e1 musicalmente este evento. Los Reyes Magos recorrer\u00e1n la Calle Rosal\u00eda de Castro y Calle Galicia para terminar en la Casa dos Alonso, donde recibir\u00e1n a los ni\u00f1os y ni\u00f1as entregando regalos y chuches para todos. Durante el recorrido repartir\u00e1n caramelos desde sus carrozas. Este a\u00f1o las Carrozas de los Reyes Magos est\u00e1n confeccionadas por la Fiesta Esc\u00e9nica.<\/p>\n<p style=\"text-align: justify;\"><strong>Pista de Hielo<\/strong><\/p>\n<p style=\"text-align: justify;\">La Alameda de A Guarda cuenta ya con una Pista de Hielo que estar\u00e1 en funcionamiento hasta el 19 de enero.<\/p>\n<p style=\"text-align: justify;\">El horario de la Pista de hielo es de Lunes a viernes de 16:00h a 21:30h y los fines de semana de 12:00h a 14:00h e de 16:00h a 21:30h, con horario especial para el 5 y 6 de enero de 16:00h a 21:30h.<\/p>\n<p style=\"text-align: justify;\">Desde el ayuntamiento se recuerda que las fotos de la Navidad en A Guarda tienen premio, con un sorteo de puntos para la Pista de Hielo entre todos los que compartan sus fotos con los hashtags #AGuarda\u00e9Nadal y #NadalnaGuarda en las Redes Sociales.<\/p>\n<p style=\"text-align: justify;\"><strong>Nadal con Paio e Aurelio<\/strong><\/p>\n<p style=\"text-align: justify;\">Este viernes d\u00eda 3 de enero a las 17:30h la Plaza do Rel\u00f3 acoge el espect\u00e1culo \u00abNadal con Paio e Aurelio\u00bb, una actividad enmarcada en la Programaci\u00f3n de Navidad 2019\/20 del Ayuntamiento deA Guarda.<\/p>\n<p style=\"text-align: justify;\">Se trata de un espect\u00e1culo especial para estas Navidades con voces en directo a cargo del grupo musical Oviravai y en el que 4 personajes har\u00e1n las delicias de los m\u00e1s peque\u00f1os de la casa.<\/p>\n<p style=\"text-align: justify;\">La compa\u00f1\u00eda viguesa Oviravai est\u00e1 especializada en la realizaci\u00f3n de espect\u00e1culos infantiles a trav\u00e9s de la m\u00fasica. Despu\u00e9s de los \u00e9xitos del Libro Cds \u201cAs andanzas de Paio\u201d (Galaxia, 2016) y &#8220;Paio e o poder da m\u00fasica&#8221;, llega a A Guarda con su \u00faltimo y nuevo espect\u00e1culo \u00abNadal con Paio e Aurelio\u00bb.<\/p>\n<p style=\"text-align: justify;\">*En caso de lluvia el espect\u00e1culo se trasladar\u00e1 al Centro Cultural.<\/p>\n<p style=\"text-align: justify;\"><strong>Concierto Electro Pop con el Grupo Presumido<\/strong><\/p>\n<p style=\"text-align: justify;\">Este s\u00e1bado d\u00eda 4 de enero a las 20:00h la Plaza do Rel\u00f3 acoge el Concierto del Grupo Presumido, enmarcado en la Programaci\u00f3n de Navidad 2019\/20 del Ayuntamiento de A Guarda.<\/p>\n<p style=\"text-align: justify;\">El grupo Presumido est\u00e1 a punto de empezar su gira de presentaci\u00f3n de CUATRO ESTACIONES, segundo LP de Presumido. Un show que con un rango de frecuencias emocionales muy amplio, en el cual el pop, la electr\u00f3nica, la escenograf\u00eda y la innovaci\u00f3n tecnol\u00f3gica, har\u00e1n las delicias de los amantes de la m\u00fasica cuidada al detalle.<\/p>\n<p style=\"text-align: justify;\">Presumido es un puente entre el pasado, presente y futuro del Electropop, una propuesta formada por Tarci \u00c1vila y Nacho Dafonte que busca explorar nuevos territorios musicales del pop en espa\u00f1ol en su vertiente m\u00e1s electr\u00f3nica.<\/p>\n<p style=\"text-align: justify;\">Sus influencias son todas internacionales (James Blake, Foster The People, Taylor Swift, Bon Iver, Apparat&#8230;) salvo una, Tino Casal, a quien admiran y reivindican como m\u00e1ximo exponente espa\u00f1ol del pop electr\u00f3nico.<\/p>\n<p style=\"text-align: justify;\">Definitivamente, encontraron su estilo y su lugar en la m\u00fasica.<\/p>\n<p style=\"text-align: justify;\">*En Caso de lluvia el concierto se realizar\u00e1 en el Centro Cultural con entrada libre hasta completar el aforo.<\/p>\n<p style=\"text-align: justify;\"><strong>Exposici\u00f3n de Pintura MixMedia \u201canetadocamilo\u201d<\/strong><br \/>\nLa Casa dos Alonso acoge la Exposici\u00f3n de Pintura \u00abanetadocamilo\u00bb, pseud\u00f3nimo utilizado por Beatriz Bascoy Cao para expresar con pintura lo que con palabras no puede.<\/p>\n<p style=\"text-align: justify;\">Seg\u00fan explica la artista, \u00abanetadocamilo\u00bb es una manera de expresar inquietudes, sentimientos, de sumirse en un mundo de color paralelo a un mundo real con demasiados tonos de grises.<\/p>\n<p style=\"text-align: justify;\">Para esta exposici\u00f3n Beatriz Bascoy trabaja con la t\u00e9cnica Mixmedia, una combinaci\u00f3n de una o m\u00e1s t\u00e9cnicas art\u00edsticas, de trabajo y materiales en el lienzo.<\/p>\n<p style=\"text-align: justify;\">\u00abanetadocamilo\u00bb avanza por un camino donde se sigue a emocionar cuando una persona se para ante una de sus obras y es capaz de sentir. Esa sensaci\u00f3n no cambi\u00f3 desde el principio de este viaje &#8230;Bien sea en lugares tan diferentes como los Pendellos de Agolada \u00f3 la Menier Gallery de Londres.<\/p>\n<p style=\"text-align: justify;\">Esta exposici\u00f3n se enmarca en la Programaci\u00f3n de Navidad 2019\/20 del Ayuntamiento de A Guarda y se puede visitar hasta el 4 de enero en la planta baja de la Casa dos Alonso en horario de 8:00h a 15:00h de Lunes a viernes.<\/p>\n<p style=\"text-align: justify;\">Desde el Ayuntamiento de A Guarda se invita a seguir participando e disfrutar de una programaci\u00f3n de Navidad que, sin duda, est\u00e1 dinamizando y llama la atenci\u00f3n de nuestros vecinos y visitantes.<\/p>\n<p style=\"text-align: center;\"><strong>AGENDA DE NAVIDAD 2019\/20<\/strong><\/p>\n<p style=\"text-align: left;\">&#8211; VIERNES 3 ENERO<br \/>\nConcierto Infantil \u201cNadal con Paio e Aurelio\u201d &#8211; Oviravai.<br \/>\nEn la plaza do rel\u00f3 a las 17:30 h.<\/p>\n<p style=\"text-align: left;\">&#8211; S\u00c1BADO 4 ENERO<br \/>\nConcierto de Electro Pop con el grupo Presumido<br \/>\nEn la Plaza do Rel\u00f3 a las 20:00 h.<\/p>\n<p style=\"text-align: left;\">&#8211; DOMINGO 5 ENERO<br \/>\nCabalgata de los Reyes Magos y Recepci\u00f3n Real. Acompa\u00f1ados por Asociaciones Guardesas.<br \/>\nDesde la Alameda de A Guarda hasta la Casa dos Alonso a las 18:00 h.<\/p>\n<p style=\"text-align: left;\"><strong>EXPOSICIONES<\/strong><\/p>\n<p style=\"text-align: left;\">&#8211; Exposici\u00f3n de Pintura \u201canetadocamilo\u201d<br \/>\nEn la Casa dos Alonso del 21 de diciembre al 4 de enero. En horario de apertura del Ayuntamiento.<\/p>\n<p style=\"text-align: left;\"><strong>Y ADEM\u00c1S\u2026<\/strong><\/p>\n<p style=\"text-align: left;\">PISTA DE HIELO<br \/>\nHasta el 19 de Enero<br \/>\nEn la Alameda<\/p>\n","protected":false},"excerpt":{"rendered":"<p>La programaci\u00f3n de Navidad termina este fin de semana en A Guarda con la visita de los Reyes Magos a la Residencia de Mayores y su participaci\u00f3n en la Cabalgata de Reyes. Adem\u00e1s tambi\u00e9n sigue abierta la Pista de Hielo en la Alameda. Visita de los Reyes a la Residencia de Mayores Sus Majestades de<\/p>\n<div class=\"padding-top text-center\"><a href=\"https:\/\/www.turismoaguarda.es\/en\/los-reyes-magos-visitaran-la-residencia-de-mayores-y-participan-este-domingo-en-la-cabalgata-de-a-guarda\/\" class=\"atbtn atbtn--medium atbtn--rounded atbtn--transparent\">Read more<i class=\"atbtn__icon atbtn__icon--right fa fa-long-arrow-right\"><\/i><\/a><\/div>\n","protected":false},"author":11,"featured_media":12537,"comment_status":"open","ping_status":"open","sticky":false,"template":"","format":"standard","meta":{"footnotes":""},"categories":[44],"tags":[169,449,405,1219,448],"class_list":["post-12539","post","type-post","status-publish","format-standard","has-post-thumbnail","hentry","category-noticias-turismo","tag-a-guarda","tag-cabalgata","tag-nadal","tag-programacion-2","tag-reis-magos"],"yoast_head":"<!-- This site is optimized with the Yoast SEO plugin v27.5 - https:\/\/yoast.com\/product\/yoast-seo-wordpress\/ -->\n<title>Los Reyes Magos visitar\u00e1n la Residencia de Mayores y participan este domingo en la Cabalgata de A Guarda | Turismo A Guarda<\/title>\n<meta name=\"robots\" content=\"index, follow, max-snippet:-1, max-image-preview:large, max-video-preview:-1\" \/>\n<link rel=\"canonical\" href=\"https:\/\/www.turismoaguarda.es\/los-reyes-magos-visitaran-la-residencia-de-mayores-y-participan-este-domingo-en-la-cabalgata-de-a-guarda\/\" \/>\n<meta property=\"og:locale\" content=\"en_US\" \/>\n<meta property=\"og:type\" content=\"article\" \/>\n<meta property=\"og:title\" content=\"Los Reyes Magos visitar\u00e1n la Residencia de Mayores y participan este domingo en la Cabalgata de A Guarda | Turismo A Guarda\" \/>\n<meta property=\"og:description\" content=\"La programaci\u00f3n de Navidad termina este fin de semana en A Guarda con la visita de los Reyes Magos a la Residencia de Mayores y su participaci\u00f3n en la Cabalgata de Reyes. Adem\u00e1s tambi\u00e9n sigue abierta la Pista de Hielo en la Alameda. Visita de los Reyes a la Residencia de Mayores Sus Majestades deRead more\" \/>\n<meta property=\"og:url\" content=\"https:\/\/www.turismoaguarda.es\/los-reyes-magos-visitaran-la-residencia-de-mayores-y-participan-este-domingo-en-la-cabalgata-de-a-guarda\/\" \/>\n<meta property=\"og:site_name\" content=\"Turismo A Guarda\" \/>\n<meta property=\"article:publisher\" content=\"https:\/\/es-es.facebook.com\/Turismo-A-Guarda-126223240790625\/\" \/>\n<meta property=\"article:published_time\" content=\"2020-01-02T10:38:40+00:00\" \/>\n<meta property=\"og:image\" content=\"https:\/\/www.turismoaguarda.es\/wp-content\/uploads\/2020\/01\/NP-02012019-Os-Reis-Magos-visitar\u00e1n-a-Residencia-de-Maiores-e-participan-este-domingo-na-Cabalgata-da-Guarda1.jpg\" \/>\n\t<meta property=\"og:image:width\" content=\"800\" \/>\n\t<meta property=\"og:image:height\" content=\"800\" \/>\n\t<meta property=\"og:image:type\" content=\"image\/jpeg\" \/>\n<meta name=\"author\" content=\"Prensa A Guarda\" \/>\n<meta name=\"twitter:card\" content=\"summary_large_image\" \/>\n<meta name=\"twitter:creator\" content=\"@TurismoAGuarda\" \/>\n<meta name=\"twitter:site\" content=\"@TurismoAGuarda\" \/>\n<meta name=\"twitter:label1\" content=\"Written by\" \/>\n\t<meta name=\"twitter:data1\" content=\"Prensa A Guarda\" \/>\n\t<meta name=\"twitter:label2\" content=\"Est. reading time\" \/>\n\t<meta name=\"twitter:data2\" content=\"5 minutes\" \/>\n<script type=\"application\/ld+json\" class=\"yoast-schema-graph\">{\"@context\":\"https:\\\/\\\/schema.org\",\"@graph\":[{\"@type\":\"Article\",\"@id\":\"https:\\\/\\\/www.turismoaguarda.es\\\/los-reyes-magos-visitaran-la-residencia-de-mayores-y-participan-este-domingo-en-la-cabalgata-de-a-guarda\\\/#article\",\"isPartOf\":{\"@id\":\"https:\\\/\\\/www.turismoaguarda.es\\\/los-reyes-magos-visitaran-la-residencia-de-mayores-y-participan-este-domingo-en-la-cabalgata-de-a-guarda\\\/\"},\"author\":{\"name\":\"Prensa A Guarda\",\"@id\":\"https:\\\/\\\/www.turismoaguarda.es\\\/#\\\/schema\\\/person\\\/a8b0c27ad7bcbb6c19799e934727508e\"},\"headline\":\"Los Reyes Magos visitar\u00e1n la Residencia de Mayores y participan este domingo en la Cabalgata de A Guarda\",\"datePublished\":\"2020-01-02T10:38:40+00:00\",\"mainEntityOfPage\":{\"@id\":\"https:\\\/\\\/www.turismoaguarda.es\\\/los-reyes-magos-visitaran-la-residencia-de-mayores-y-participan-este-domingo-en-la-cabalgata-de-a-guarda\\\/\"},\"wordCount\":1064,\"commentCount\":0,\"image\":{\"@id\":\"https:\\\/\\\/www.turismoaguarda.es\\\/los-reyes-magos-visitaran-la-residencia-de-mayores-y-participan-este-domingo-en-la-cabalgata-de-a-guarda\\\/#primaryimage\"},\"thumbnailUrl\":\"https:\\\/\\\/www.turismoaguarda.es\\\/wp-content\\\/uploads\\\/2020\\\/01\\\/NP-02012019-Os-Reis-Magos-visitar\u00e1n-a-Residencia-de-Maiores-e-participan-este-domingo-na-Cabalgata-da-Guarda1.jpg\",\"keywords\":[\"A Guarda\",\"Cabalgata\",\"Nadal\",\"Programaci\u00f3n\",\"Reis MAgos\"],\"articleSection\":[\"Noticias Turismo\"],\"inLanguage\":\"en-US\",\"potentialAction\":[{\"@type\":\"CommentAction\",\"name\":\"Comment\",\"target\":[\"https:\\\/\\\/www.turismoaguarda.es\\\/los-reyes-magos-visitaran-la-residencia-de-mayores-y-participan-este-domingo-en-la-cabalgata-de-a-guarda\\\/#respond\"]}]},{\"@type\":\"WebPage\",\"@id\":\"https:\\\/\\\/www.turismoaguarda.es\\\/los-reyes-magos-visitaran-la-residencia-de-mayores-y-participan-este-domingo-en-la-cabalgata-de-a-guarda\\\/\",\"url\":\"https:\\\/\\\/www.turismoaguarda.es\\\/los-reyes-magos-visitaran-la-residencia-de-mayores-y-participan-este-domingo-en-la-cabalgata-de-a-guarda\\\/\",\"name\":\"Los Reyes Magos visitar\u00e1n la Residencia de Mayores y participan este domingo en la Cabalgata de A Guarda | Turismo A Guarda\",\"isPartOf\":{\"@id\":\"https:\\\/\\\/www.turismoaguarda.es\\\/#website\"},\"primaryImageOfPage\":{\"@id\":\"https:\\\/\\\/www.turismoaguarda.es\\\/los-reyes-magos-visitaran-la-residencia-de-mayores-y-participan-este-domingo-en-la-cabalgata-de-a-guarda\\\/#primaryimage\"},\"image\":{\"@id\":\"https:\\\/\\\/www.turismoaguarda.es\\\/los-reyes-magos-visitaran-la-residencia-de-mayores-y-participan-este-domingo-en-la-cabalgata-de-a-guarda\\\/#primaryimage\"},\"thumbnailUrl\":\"https:\\\/\\\/www.turismoaguarda.es\\\/wp-content\\\/uploads\\\/2020\\\/01\\\/NP-02012019-Os-Reis-Magos-visitar\u00e1n-a-Residencia-de-Maiores-e-participan-este-domingo-na-Cabalgata-da-Guarda1.jpg\",\"datePublished\":\"2020-01-02T10:38:40+00:00\",\"author\":{\"@id\":\"https:\\\/\\\/www.turismoaguarda.es\\\/#\\\/schema\\\/person\\\/a8b0c27ad7bcbb6c19799e934727508e\"},\"breadcrumb\":{\"@id\":\"https:\\\/\\\/www.turismoaguarda.es\\\/los-reyes-magos-visitaran-la-residencia-de-mayores-y-participan-este-domingo-en-la-cabalgata-de-a-guarda\\\/#breadcrumb\"},\"inLanguage\":\"en-US\",\"potentialAction\":[{\"@type\":\"ReadAction\",\"target\":[\"https:\\\/\\\/www.turismoaguarda.es\\\/los-reyes-magos-visitaran-la-residencia-de-mayores-y-participan-este-domingo-en-la-cabalgata-de-a-guarda\\\/\"]}]},{\"@type\":\"ImageObject\",\"inLanguage\":\"en-US\",\"@id\":\"https:\\\/\\\/www.turismoaguarda.es\\\/los-reyes-magos-visitaran-la-residencia-de-mayores-y-participan-este-domingo-en-la-cabalgata-de-a-guarda\\\/#primaryimage\",\"url\":\"https:\\\/\\\/www.turismoaguarda.es\\\/wp-content\\\/uploads\\\/2020\\\/01\\\/NP-02012019-Os-Reis-Magos-visitar\u00e1n-a-Residencia-de-Maiores-e-participan-este-domingo-na-Cabalgata-da-Guarda1.jpg\",\"contentUrl\":\"https:\\\/\\\/www.turismoaguarda.es\\\/wp-content\\\/uploads\\\/2020\\\/01\\\/NP-02012019-Os-Reis-Magos-visitar\u00e1n-a-Residencia-de-Maiores-e-participan-este-domingo-na-Cabalgata-da-Guarda1.jpg\",\"width\":800,\"height\":800},{\"@type\":\"BreadcrumbList\",\"@id\":\"https:\\\/\\\/www.turismoaguarda.es\\\/los-reyes-magos-visitaran-la-residencia-de-mayores-y-participan-este-domingo-en-la-cabalgata-de-a-guarda\\\/#breadcrumb\",\"itemListElement\":[{\"@type\":\"ListItem\",\"position\":1,\"name\":\"Portada\",\"item\":\"https:\\\/\\\/www.turismoaguarda.es\\\/en\\\/\"},{\"@type\":\"ListItem\",\"position\":2,\"name\":\"Los Reyes Magos visitar\u00e1n la Residencia de Mayores y participan este domingo en la Cabalgata de A Guarda\"}]},{\"@type\":\"WebSite\",\"@id\":\"https:\\\/\\\/www.turismoaguarda.es\\\/#website\",\"url\":\"https:\\\/\\\/www.turismoaguarda.es\\\/\",\"name\":\"Turismo A Guarda\",\"description\":\"Informaci\u00f3n tur\u00edstica de A Guarda y alrededores.\",\"potentialAction\":[{\"@type\":\"SearchAction\",\"target\":{\"@type\":\"EntryPoint\",\"urlTemplate\":\"https:\\\/\\\/www.turismoaguarda.es\\\/?s={search_term_string}\"},\"query-input\":{\"@type\":\"PropertyValueSpecification\",\"valueRequired\":true,\"valueName\":\"search_term_string\"}}],\"inLanguage\":\"en-US\"},{\"@type\":\"Person\",\"@id\":\"https:\\\/\\\/www.turismoaguarda.es\\\/#\\\/schema\\\/person\\\/a8b0c27ad7bcbb6c19799e934727508e\",\"name\":\"Prensa A Guarda\",\"image\":{\"@type\":\"ImageObject\",\"inLanguage\":\"en-US\",\"@id\":\"https:\\\/\\\/secure.gravatar.com\\\/avatar\\\/387e117f874ba5d0a3439060b45d914395d77287b2e4890a49d1599fc3ef9189?s=96&d=mm&r=g\",\"url\":\"https:\\\/\\\/secure.gravatar.com\\\/avatar\\\/387e117f874ba5d0a3439060b45d914395d77287b2e4890a49d1599fc3ef9189?s=96&d=mm&r=g\",\"contentUrl\":\"https:\\\/\\\/secure.gravatar.com\\\/avatar\\\/387e117f874ba5d0a3439060b45d914395d77287b2e4890a49d1599fc3ef9189?s=96&d=mm&r=g\",\"caption\":\"Prensa A Guarda\"},\"url\":\"https:\\\/\\\/www.turismoaguarda.es\\\/en\\\/author\\\/prensa\\\/\"}]}<\/script>\n<!-- \/ Yoast SEO plugin. -->","yoast_head_json":{"title":"Los Reyes Magos visitar\u00e1n la Residencia de Mayores y participan este domingo en la Cabalgata de A Guarda | Turismo A Guarda","robots":{"index":"index","follow":"follow","max-snippet":"max-snippet:-1","max-image-preview":"max-image-preview:large","max-video-preview":"max-video-preview:-1"},"canonical":"https:\/\/www.turismoaguarda.es\/los-reyes-magos-visitaran-la-residencia-de-mayores-y-participan-este-domingo-en-la-cabalgata-de-a-guarda\/","og_locale":"en_US","og_type":"article","og_title":"Los Reyes Magos visitar\u00e1n la Residencia de Mayores y participan este domingo en la Cabalgata de A Guarda | Turismo A Guarda","og_description":"La programaci\u00f3n de Navidad termina este fin de semana en A Guarda con la visita de los Reyes Magos a la Residencia de Mayores y su participaci\u00f3n en la Cabalgata de Reyes. Adem\u00e1s tambi\u00e9n sigue abierta la Pista de Hielo en la Alameda. Visita de los Reyes a la Residencia de Mayores Sus Majestades deRead more","og_url":"https:\/\/www.turismoaguarda.es\/los-reyes-magos-visitaran-la-residencia-de-mayores-y-participan-este-domingo-en-la-cabalgata-de-a-guarda\/","og_site_name":"Turismo A Guarda","article_publisher":"https:\/\/es-es.facebook.com\/Turismo-A-Guarda-126223240790625\/","article_published_time":"2020-01-02T10:38:40+00:00","og_image":[{"width":800,"height":800,"url":"https:\/\/www.turismoaguarda.es\/wp-content\/uploads\/2020\/01\/NP-02012019-Os-Reis-Magos-visitar\u00e1n-a-Residencia-de-Maiores-e-participan-este-domingo-na-Cabalgata-da-Guarda1.jpg","type":"image\/jpeg"}],"author":"Prensa A Guarda","twitter_card":"summary_large_image","twitter_creator":"@TurismoAGuarda","twitter_site":"@TurismoAGuarda","twitter_misc":{"Written by":"Prensa A Guarda","Est. reading time":"5 minutes"},"schema":{"@context":"https:\/\/schema.org","@graph":[{"@type":"Article","@id":"https:\/\/www.turismoaguarda.es\/los-reyes-magos-visitaran-la-residencia-de-mayores-y-participan-este-domingo-en-la-cabalgata-de-a-guarda\/#article","isPartOf":{"@id":"https:\/\/www.turismoaguarda.es\/los-reyes-magos-visitaran-la-residencia-de-mayores-y-participan-este-domingo-en-la-cabalgata-de-a-guarda\/"},"author":{"name":"Prensa A Guarda","@id":"https:\/\/www.turismoaguarda.es\/#\/schema\/person\/a8b0c27ad7bcbb6c19799e934727508e"},"headline":"Los Reyes Magos visitar\u00e1n la Residencia de Mayores y participan este domingo en la Cabalgata de A Guarda","datePublished":"2020-01-02T10:38:40+00:00","mainEntityOfPage":{"@id":"https:\/\/www.turismoaguarda.es\/los-reyes-magos-visitaran-la-residencia-de-mayores-y-participan-este-domingo-en-la-cabalgata-de-a-guarda\/"},"wordCount":1064,"commentCount":0,"image":{"@id":"https:\/\/www.turismoaguarda.es\/los-reyes-magos-visitaran-la-residencia-de-mayores-y-participan-este-domingo-en-la-cabalgata-de-a-guarda\/#primaryimage"},"thumbnailUrl":"https:\/\/www.turismoaguarda.es\/wp-content\/uploads\/2020\/01\/NP-02012019-Os-Reis-Magos-visitar\u00e1n-a-Residencia-de-Maiores-e-participan-este-domingo-na-Cabalgata-da-Guarda1.jpg","keywords":["A Guarda","Cabalgata","Nadal","Programaci\u00f3n","Reis MAgos"],"articleSection":["Noticias Turismo"],"inLanguage":"en-US","potentialAction":[{"@type":"CommentAction","name":"Comment","target":["https:\/\/www.turismoaguarda.es\/los-reyes-magos-visitaran-la-residencia-de-mayores-y-participan-este-domingo-en-la-cabalgata-de-a-guarda\/#respond"]}]},{"@type":"WebPage","@id":"https:\/\/www.turismoaguarda.es\/los-reyes-magos-visitaran-la-residencia-de-mayores-y-participan-este-domingo-en-la-cabalgata-de-a-guarda\/","url":"https:\/\/www.turismoaguarda.es\/los-reyes-magos-visitaran-la-residencia-de-mayores-y-participan-este-domingo-en-la-cabalgata-de-a-guarda\/","name":"Los Reyes Magos visitar\u00e1n la Residencia de Mayores y participan este domingo en la Cabalgata de A Guarda | Turismo A Guarda","isPartOf":{"@id":"https:\/\/www.turismoaguarda.es\/#website"},"primaryImageOfPage":{"@id":"https:\/\/www.turismoaguarda.es\/los-reyes-magos-visitaran-la-residencia-de-mayores-y-participan-este-domingo-en-la-cabalgata-de-a-guarda\/#primaryimage"},"image":{"@id":"https:\/\/www.turismoaguarda.es\/los-reyes-magos-visitaran-la-residencia-de-mayores-y-participan-este-domingo-en-la-cabalgata-de-a-guarda\/#primaryimage"},"thumbnailUrl":"https:\/\/www.turismoaguarda.es\/wp-content\/uploads\/2020\/01\/NP-02012019-Os-Reis-Magos-visitar\u00e1n-a-Residencia-de-Maiores-e-participan-este-domingo-na-Cabalgata-da-Guarda1.jpg","datePublished":"2020-01-02T10:38:40+00:00","author":{"@id":"https:\/\/www.turismoaguarda.es\/#\/schema\/person\/a8b0c27ad7bcbb6c19799e934727508e"},"breadcrumb":{"@id":"https:\/\/www.turismoaguarda.es\/los-reyes-magos-visitaran-la-residencia-de-mayores-y-participan-este-domingo-en-la-cabalgata-de-a-guarda\/#breadcrumb"},"inLanguage":"en-US","potentialAction":[{"@type":"ReadAction","target":["https:\/\/www.turismoaguarda.es\/los-reyes-magos-visitaran-la-residencia-de-mayores-y-participan-este-domingo-en-la-cabalgata-de-a-guarda\/"]}]},{"@type":"ImageObject","inLanguage":"en-US","@id":"https:\/\/www.turismoaguarda.es\/los-reyes-magos-visitaran-la-residencia-de-mayores-y-participan-este-domingo-en-la-cabalgata-de-a-guarda\/#primaryimage","url":"https:\/\/www.turismoaguarda.es\/wp-content\/uploads\/2020\/01\/NP-02012019-Os-Reis-Magos-visitar\u00e1n-a-Residencia-de-Maiores-e-participan-este-domingo-na-Cabalgata-da-Guarda1.jpg","contentUrl":"https:\/\/www.turismoaguarda.es\/wp-content\/uploads\/2020\/01\/NP-02012019-Os-Reis-Magos-visitar\u00e1n-a-Residencia-de-Maiores-e-participan-este-domingo-na-Cabalgata-da-Guarda1.jpg","width":800,"height":800},{"@type":"BreadcrumbList","@id":"https:\/\/www.turismoaguarda.es\/los-reyes-magos-visitaran-la-residencia-de-mayores-y-participan-este-domingo-en-la-cabalgata-de-a-guarda\/#breadcrumb","itemListElement":[{"@type":"ListItem","position":1,"name":"Portada","item":"https:\/\/www.turismoaguarda.es\/en\/"},{"@type":"ListItem","position":2,"name":"Los Reyes Magos visitar\u00e1n la Residencia de Mayores y participan este domingo en la Cabalgata de A Guarda"}]},{"@type":"WebSite","@id":"https:\/\/www.turismoaguarda.es\/#website","url":"https:\/\/www.turismoaguarda.es\/","name":"Turismo A Guarda","description":"Informaci\u00f3n tur\u00edstica de A Guarda y alrededores.","potentialAction":[{"@type":"SearchAction","target":{"@type":"EntryPoint","urlTemplate":"https:\/\/www.turismoaguarda.es\/?s={search_term_string}"},"query-input":{"@type":"PropertyValueSpecification","valueRequired":true,"valueName":"search_term_string"}}],"inLanguage":"en-US"},{"@type":"Person","@id":"https:\/\/www.turismoaguarda.es\/#\/schema\/person\/a8b0c27ad7bcbb6c19799e934727508e","name":"Prensa A Guarda","image":{"@type":"ImageObject","inLanguage":"en-US","@id":"https:\/\/secure.gravatar.com\/avatar\/387e117f874ba5d0a3439060b45d914395d77287b2e4890a49d1599fc3ef9189?s=96&d=mm&r=g","url":"https:\/\/secure.gravatar.com\/avatar\/387e117f874ba5d0a3439060b45d914395d77287b2e4890a49d1599fc3ef9189?s=96&d=mm&r=g","contentUrl":"https:\/\/secure.gravatar.com\/avatar\/387e117f874ba5d0a3439060b45d914395d77287b2e4890a49d1599fc3ef9189?s=96&d=mm&r=g","caption":"Prensa A Guarda"},"url":"https:\/\/www.turismoaguarda.es\/en\/author\/prensa\/"}]}},"_links":{"self":[{"href":"https:\/\/www.turismoaguarda.es\/en\/wp-json\/wp\/v2\/posts\/12539","targetHints":{"allow":["GET"]}}],"collection":[{"href":"https:\/\/www.turismoaguarda.es\/en\/wp-json\/wp\/v2\/posts"}],"about":[{"href":"https:\/\/www.turismoaguarda.es\/en\/wp-json\/wp\/v2\/types\/post"}],"author":[{"embeddable":true,"href":"https:\/\/www.turismoaguarda.es\/en\/wp-json\/wp\/v2\/users\/11"}],"replies":[{"embeddable":true,"href":"https:\/\/www.turismoaguarda.es\/en\/wp-json\/wp\/v2\/comments?post=12539"}],"version-history":[{"count":1,"href":"https:\/\/www.turismoaguarda.es\/en\/wp-json\/wp\/v2\/posts\/12539\/revisions"}],"predecessor-version":[{"id":12540,"href":"https:\/\/www.turismoaguarda.es\/en\/wp-json\/wp\/v2\/posts\/12539\/revisions\/12540"}],"wp:featuredmedia":[{"embeddable":true,"href":"https:\/\/www.turismoaguarda.es\/en\/wp-json\/wp\/v2\/media\/12537"}],"wp:attachment":[{"href":"https:\/\/www.turismoaguarda.es\/en\/wp-json\/wp\/v2\/media?parent=12539"}],"wp:term":[{"taxonomy":"category","embeddable":true,"href":"https:\/\/www.turismoaguarda.es\/en\/wp-json\/wp\/v2\/categories?post=12539"},{"taxonomy":"post_tag","embeddable":true,"href":"https:\/\/www.turismoaguarda.es\/en\/wp-json\/wp\/v2\/tags?post=12539"}],"curies":[{"name":"wp","href":"https:\/\/api.w.org\/{rel}","templated":true}]}}