{"id":12365,"date":"2019-11-26T13:47:43","date_gmt":"2019-11-26T12:47:43","guid":{"rendered":"https:\/\/www.turismoaguarda.es\/?p=12365"},"modified":"2019-11-26T19:04:18","modified_gmt":"2019-11-26T18:04:18","slug":"el-ayuntamiento-de-a-guarda-recibe-2-flores-de-honor-de-vilas-en-flor","status":"publish","type":"post","link":"https:\/\/www.turismoaguarda.es\/en\/el-ayuntamiento-de-a-guarda-recibe-2-flores-de-honor-de-vilas-en-flor\/","title":{"rendered":"El Ayuntamiento de A Guarda recibe 2 flores de honor de Vilas en Flor"},"content":{"rendered":"<p style=\"text-align: justify;\">El pasado viernes d\u00eda 22 de noviembre de 2019 la Concejal de Cultura y Patrimonio, Montserrat Magallanes y personal municipal del Ayuntamiento de A Guarda, participaron en la \u00abCidade da Cultura\u00bb en Santiago de Compostela en la entrega de los Galardones de Vilas en Flor Galicia 2019.<\/p>\n<p style=\"text-align: justify;\">En este acto A Guarda fue premiada con dos flores de honor, destacando el enorme potencial que re\u00fane el municipio por su ubicaci\u00f3n y su patrimonio. Seg\u00fan qued\u00f3 de manifiesto el Castillo de Santa Cruz y el Monte de Santa Trega constituyen dos hitos sobre los que se tienen construido grandes actuaciones en la villa como son el paseo mar\u00edtimo, la Senda Litoral, el Sendero Azul, que permiten conectar la zona urbana con la desembocadura del R\u00edo Mi\u00f1o.<\/p>\n<p style=\"text-align: justify;\">Se resalt\u00f3 el nivel de recursos y la funcionalidad de los espacios ajardinados de A Guarda, poniendo en valor los proyectos realizados recientemente como el entorno del Castillo de Santa Cruz, la calle Concepci\u00f3n Arenal, recuperaci\u00f3n de las Casas Indianas, entre otras.<\/p>\n<p style=\"text-align: justify;\">Se destac\u00f3 como buen ejemplo el espacio del Centro Cultural y la Biblioteca Municipal, zona ajardinada muy cercana de la Alameda de A Guarda.<\/p>\n<p style=\"text-align: justify;\">El ente promotor de Vilas en Flor est\u00e1 formado por la Fundaci\u00f3n Juana de Vega, Asvinor y Agaexar, entregando en esta jornada galardones para 16 municipios gallegos.<\/p>\n<p style=\"text-align: justify;\">El jurado visit\u00f3 previamente A Guarda el pasado 14 de octubre, donde comprobaron \u00abin situ\u00bb todo el trabajo realizado a nivel medioambiental, la gesti\u00f3n de residuos y la mejora del entorno de la villa. En unos d\u00edas remitir\u00e1n un informe en el que se indicar\u00e1n las medidas a tomar para continuar con las mejoras de la villa.<\/p>\n","protected":false},"excerpt":{"rendered":"<p>El pasado viernes d\u00eda 22 de noviembre de 2019 la Concejal de Cultura y Patrimonio, Montserrat Magallanes y personal municipal del Ayuntamiento de A Guarda, participaron en la \u00abCidade da Cultura\u00bb en Santiago de Compostela en la entrega de los Galardones de Vilas en Flor Galicia 2019. En este acto A Guarda fue premiada con<\/p>\n<div class=\"padding-top text-center\"><a href=\"https:\/\/www.turismoaguarda.es\/en\/el-ayuntamiento-de-a-guarda-recibe-2-flores-de-honor-de-vilas-en-flor\/\" class=\"atbtn atbtn--medium atbtn--rounded atbtn--transparent\">Read more<i class=\"atbtn__icon atbtn__icon--right fa fa-long-arrow-right\"><\/i><\/a><\/div>\n","protected":false},"author":11,"featured_media":12363,"comment_status":"open","ping_status":"open","sticky":false,"template":"","format":"standard","meta":{"footnotes":""},"categories":[44],"tags":[169,168],"class_list":["post-12365","post","type-post","status-publish","format-standard","has-post-thumbnail","hentry","category-noticias-turismo","tag-a-guarda","tag-turismo"],"yoast_head":"<!-- This site is optimized with the Yoast SEO plugin v27.5 - https:\/\/yoast.com\/product\/yoast-seo-wordpress\/ -->\n<title>El Ayuntamiento de A Guarda recibe 2 flores de honor de Vilas en Flor | Turismo A Guarda<\/title>\n<meta name=\"robots\" content=\"index, follow, max-snippet:-1, max-image-preview:large, max-video-preview:-1\" \/>\n<link rel=\"canonical\" href=\"https:\/\/www.turismoaguarda.es\/el-ayuntamiento-de-a-guarda-recibe-2-flores-de-honor-de-vilas-en-flor\/\" \/>\n<meta property=\"og:locale\" content=\"en_US\" \/>\n<meta property=\"og:type\" content=\"article\" \/>\n<meta property=\"og:title\" content=\"El Ayuntamiento de A Guarda recibe 2 flores de honor de Vilas en Flor | Turismo A Guarda\" \/>\n<meta property=\"og:description\" content=\"El pasado viernes d\u00eda 22 de noviembre de 2019 la Concejal de Cultura y Patrimonio, Montserrat Magallanes y personal municipal del Ayuntamiento de A Guarda, participaron en la \u00abCidade da Cultura\u00bb en Santiago de Compostela en la entrega de los Galardones de Vilas en Flor Galicia 2019. En este acto A Guarda fue premiada conRead more\" \/>\n<meta property=\"og:url\" content=\"https:\/\/www.turismoaguarda.es\/el-ayuntamiento-de-a-guarda-recibe-2-flores-de-honor-de-vilas-en-flor\/\" \/>\n<meta property=\"og:site_name\" content=\"Turismo A Guarda\" \/>\n<meta property=\"article:publisher\" content=\"https:\/\/es-es.facebook.com\/Turismo-A-Guarda-126223240790625\/\" \/>\n<meta property=\"article:published_time\" content=\"2019-11-26T12:47:43+00:00\" \/>\n<meta property=\"article:modified_time\" content=\"2019-11-26T18:04:18+00:00\" \/>\n<meta property=\"og:image\" content=\"https:\/\/www.turismoaguarda.es\/wp-content\/uploads\/2019\/11\/Sin-t\u00edtulo-4.jpg\" \/>\n\t<meta property=\"og:image:width\" content=\"800\" \/>\n\t<meta property=\"og:image:height\" content=\"800\" \/>\n\t<meta property=\"og:image:type\" content=\"image\/jpeg\" \/>\n<meta name=\"author\" content=\"Prensa A Guarda\" \/>\n<meta name=\"twitter:card\" content=\"summary_large_image\" \/>\n<meta name=\"twitter:creator\" content=\"@TurismoAGuarda\" \/>\n<meta name=\"twitter:site\" content=\"@TurismoAGuarda\" \/>\n<meta name=\"twitter:label1\" content=\"Written by\" \/>\n\t<meta name=\"twitter:data1\" content=\"Prensa A Guarda\" \/>\n\t<meta name=\"twitter:label2\" content=\"Est. reading time\" \/>\n\t<meta name=\"twitter:data2\" content=\"1 minute\" \/>\n<script type=\"application\/ld+json\" class=\"yoast-schema-graph\">{\"@context\":\"https:\\\/\\\/schema.org\",\"@graph\":[{\"@type\":\"Article\",\"@id\":\"https:\\\/\\\/www.turismoaguarda.es\\\/el-ayuntamiento-de-a-guarda-recibe-2-flores-de-honor-de-vilas-en-flor\\\/#article\",\"isPartOf\":{\"@id\":\"https:\\\/\\\/www.turismoaguarda.es\\\/el-ayuntamiento-de-a-guarda-recibe-2-flores-de-honor-de-vilas-en-flor\\\/\"},\"author\":{\"name\":\"Prensa A Guarda\",\"@id\":\"https:\\\/\\\/www.turismoaguarda.es\\\/#\\\/schema\\\/person\\\/a8b0c27ad7bcbb6c19799e934727508e\"},\"headline\":\"El Ayuntamiento de A Guarda recibe 2 flores de honor de Vilas en Flor\",\"datePublished\":\"2019-11-26T12:47:43+00:00\",\"dateModified\":\"2019-11-26T18:04:18+00:00\",\"mainEntityOfPage\":{\"@id\":\"https:\\\/\\\/www.turismoaguarda.es\\\/el-ayuntamiento-de-a-guarda-recibe-2-flores-de-honor-de-vilas-en-flor\\\/\"},\"wordCount\":297,\"commentCount\":0,\"image\":{\"@id\":\"https:\\\/\\\/www.turismoaguarda.es\\\/el-ayuntamiento-de-a-guarda-recibe-2-flores-de-honor-de-vilas-en-flor\\\/#primaryimage\"},\"thumbnailUrl\":\"https:\\\/\\\/www.turismoaguarda.es\\\/wp-content\\\/uploads\\\/2019\\\/11\\\/Sin-t\u00edtulo-4.jpg\",\"keywords\":[\"A Guarda\",\"turismo\"],\"articleSection\":[\"Noticias Turismo\"],\"inLanguage\":\"en-US\",\"potentialAction\":[{\"@type\":\"CommentAction\",\"name\":\"Comment\",\"target\":[\"https:\\\/\\\/www.turismoaguarda.es\\\/el-ayuntamiento-de-a-guarda-recibe-2-flores-de-honor-de-vilas-en-flor\\\/#respond\"]}]},{\"@type\":\"WebPage\",\"@id\":\"https:\\\/\\\/www.turismoaguarda.es\\\/el-ayuntamiento-de-a-guarda-recibe-2-flores-de-honor-de-vilas-en-flor\\\/\",\"url\":\"https:\\\/\\\/www.turismoaguarda.es\\\/el-ayuntamiento-de-a-guarda-recibe-2-flores-de-honor-de-vilas-en-flor\\\/\",\"name\":\"El Ayuntamiento de A Guarda recibe 2 flores de honor de Vilas en Flor | Turismo A Guarda\",\"isPartOf\":{\"@id\":\"https:\\\/\\\/www.turismoaguarda.es\\\/#website\"},\"primaryImageOfPage\":{\"@id\":\"https:\\\/\\\/www.turismoaguarda.es\\\/el-ayuntamiento-de-a-guarda-recibe-2-flores-de-honor-de-vilas-en-flor\\\/#primaryimage\"},\"image\":{\"@id\":\"https:\\\/\\\/www.turismoaguarda.es\\\/el-ayuntamiento-de-a-guarda-recibe-2-flores-de-honor-de-vilas-en-flor\\\/#primaryimage\"},\"thumbnailUrl\":\"https:\\\/\\\/www.turismoaguarda.es\\\/wp-content\\\/uploads\\\/2019\\\/11\\\/Sin-t\u00edtulo-4.jpg\",\"datePublished\":\"2019-11-26T12:47:43+00:00\",\"dateModified\":\"2019-11-26T18:04:18+00:00\",\"author\":{\"@id\":\"https:\\\/\\\/www.turismoaguarda.es\\\/#\\\/schema\\\/person\\\/a8b0c27ad7bcbb6c19799e934727508e\"},\"breadcrumb\":{\"@id\":\"https:\\\/\\\/www.turismoaguarda.es\\\/el-ayuntamiento-de-a-guarda-recibe-2-flores-de-honor-de-vilas-en-flor\\\/#breadcrumb\"},\"inLanguage\":\"en-US\",\"potentialAction\":[{\"@type\":\"ReadAction\",\"target\":[\"https:\\\/\\\/www.turismoaguarda.es\\\/el-ayuntamiento-de-a-guarda-recibe-2-flores-de-honor-de-vilas-en-flor\\\/\"]}]},{\"@type\":\"ImageObject\",\"inLanguage\":\"en-US\",\"@id\":\"https:\\\/\\\/www.turismoaguarda.es\\\/el-ayuntamiento-de-a-guarda-recibe-2-flores-de-honor-de-vilas-en-flor\\\/#primaryimage\",\"url\":\"https:\\\/\\\/www.turismoaguarda.es\\\/wp-content\\\/uploads\\\/2019\\\/11\\\/Sin-t\u00edtulo-4.jpg\",\"contentUrl\":\"https:\\\/\\\/www.turismoaguarda.es\\\/wp-content\\\/uploads\\\/2019\\\/11\\\/Sin-t\u00edtulo-4.jpg\",\"width\":800,\"height\":800},{\"@type\":\"BreadcrumbList\",\"@id\":\"https:\\\/\\\/www.turismoaguarda.es\\\/el-ayuntamiento-de-a-guarda-recibe-2-flores-de-honor-de-vilas-en-flor\\\/#breadcrumb\",\"itemListElement\":[{\"@type\":\"ListItem\",\"position\":1,\"name\":\"Portada\",\"item\":\"https:\\\/\\\/www.turismoaguarda.es\\\/en\\\/\"},{\"@type\":\"ListItem\",\"position\":2,\"name\":\"El Ayuntamiento de A Guarda recibe 2 flores de honor de Vilas en Flor\"}]},{\"@type\":\"WebSite\",\"@id\":\"https:\\\/\\\/www.turismoaguarda.es\\\/#website\",\"url\":\"https:\\\/\\\/www.turismoaguarda.es\\\/\",\"name\":\"Turismo A Guarda\",\"description\":\"Informaci\u00f3n tur\u00edstica de A Guarda y alrededores.\",\"potentialAction\":[{\"@type\":\"SearchAction\",\"target\":{\"@type\":\"EntryPoint\",\"urlTemplate\":\"https:\\\/\\\/www.turismoaguarda.es\\\/?s={search_term_string}\"},\"query-input\":{\"@type\":\"PropertyValueSpecification\",\"valueRequired\":true,\"valueName\":\"search_term_string\"}}],\"inLanguage\":\"en-US\"},{\"@type\":\"Person\",\"@id\":\"https:\\\/\\\/www.turismoaguarda.es\\\/#\\\/schema\\\/person\\\/a8b0c27ad7bcbb6c19799e934727508e\",\"name\":\"Prensa A Guarda\",\"image\":{\"@type\":\"ImageObject\",\"inLanguage\":\"en-US\",\"@id\":\"https:\\\/\\\/secure.gravatar.com\\\/avatar\\\/387e117f874ba5d0a3439060b45d914395d77287b2e4890a49d1599fc3ef9189?s=96&d=mm&r=g\",\"url\":\"https:\\\/\\\/secure.gravatar.com\\\/avatar\\\/387e117f874ba5d0a3439060b45d914395d77287b2e4890a49d1599fc3ef9189?s=96&d=mm&r=g\",\"contentUrl\":\"https:\\\/\\\/secure.gravatar.com\\\/avatar\\\/387e117f874ba5d0a3439060b45d914395d77287b2e4890a49d1599fc3ef9189?s=96&d=mm&r=g\",\"caption\":\"Prensa A Guarda\"},\"url\":\"https:\\\/\\\/www.turismoaguarda.es\\\/en\\\/author\\\/prensa\\\/\"}]}<\/script>\n<!-- \/ Yoast SEO plugin. -->","yoast_head_json":{"title":"El Ayuntamiento de A Guarda recibe 2 flores de honor de Vilas en Flor | Turismo A Guarda","robots":{"index":"index","follow":"follow","max-snippet":"max-snippet:-1","max-image-preview":"max-image-preview:large","max-video-preview":"max-video-preview:-1"},"canonical":"https:\/\/www.turismoaguarda.es\/el-ayuntamiento-de-a-guarda-recibe-2-flores-de-honor-de-vilas-en-flor\/","og_locale":"en_US","og_type":"article","og_title":"El Ayuntamiento de A Guarda recibe 2 flores de honor de Vilas en Flor | Turismo A Guarda","og_description":"El pasado viernes d\u00eda 22 de noviembre de 2019 la Concejal de Cultura y Patrimonio, Montserrat Magallanes y personal municipal del Ayuntamiento de A Guarda, participaron en la \u00abCidade da Cultura\u00bb en Santiago de Compostela en la entrega de los Galardones de Vilas en Flor Galicia 2019. En este acto A Guarda fue premiada conRead more","og_url":"https:\/\/www.turismoaguarda.es\/el-ayuntamiento-de-a-guarda-recibe-2-flores-de-honor-de-vilas-en-flor\/","og_site_name":"Turismo A Guarda","article_publisher":"https:\/\/es-es.facebook.com\/Turismo-A-Guarda-126223240790625\/","article_published_time":"2019-11-26T12:47:43+00:00","article_modified_time":"2019-11-26T18:04:18+00:00","og_image":[{"width":800,"height":800,"url":"https:\/\/www.turismoaguarda.es\/wp-content\/uploads\/2019\/11\/Sin-t\u00edtulo-4.jpg","type":"image\/jpeg"}],"author":"Prensa A Guarda","twitter_card":"summary_large_image","twitter_creator":"@TurismoAGuarda","twitter_site":"@TurismoAGuarda","twitter_misc":{"Written by":"Prensa A Guarda","Est. reading time":"1 minute"},"schema":{"@context":"https:\/\/schema.org","@graph":[{"@type":"Article","@id":"https:\/\/www.turismoaguarda.es\/el-ayuntamiento-de-a-guarda-recibe-2-flores-de-honor-de-vilas-en-flor\/#article","isPartOf":{"@id":"https:\/\/www.turismoaguarda.es\/el-ayuntamiento-de-a-guarda-recibe-2-flores-de-honor-de-vilas-en-flor\/"},"author":{"name":"Prensa A Guarda","@id":"https:\/\/www.turismoaguarda.es\/#\/schema\/person\/a8b0c27ad7bcbb6c19799e934727508e"},"headline":"El Ayuntamiento de A Guarda recibe 2 flores de honor de Vilas en Flor","datePublished":"2019-11-26T12:47:43+00:00","dateModified":"2019-11-26T18:04:18+00:00","mainEntityOfPage":{"@id":"https:\/\/www.turismoaguarda.es\/el-ayuntamiento-de-a-guarda-recibe-2-flores-de-honor-de-vilas-en-flor\/"},"wordCount":297,"commentCount":0,"image":{"@id":"https:\/\/www.turismoaguarda.es\/el-ayuntamiento-de-a-guarda-recibe-2-flores-de-honor-de-vilas-en-flor\/#primaryimage"},"thumbnailUrl":"https:\/\/www.turismoaguarda.es\/wp-content\/uploads\/2019\/11\/Sin-t\u00edtulo-4.jpg","keywords":["A Guarda","turismo"],"articleSection":["Noticias Turismo"],"inLanguage":"en-US","potentialAction":[{"@type":"CommentAction","name":"Comment","target":["https:\/\/www.turismoaguarda.es\/el-ayuntamiento-de-a-guarda-recibe-2-flores-de-honor-de-vilas-en-flor\/#respond"]}]},{"@type":"WebPage","@id":"https:\/\/www.turismoaguarda.es\/el-ayuntamiento-de-a-guarda-recibe-2-flores-de-honor-de-vilas-en-flor\/","url":"https:\/\/www.turismoaguarda.es\/el-ayuntamiento-de-a-guarda-recibe-2-flores-de-honor-de-vilas-en-flor\/","name":"El Ayuntamiento de A Guarda recibe 2 flores de honor de Vilas en Flor | Turismo A Guarda","isPartOf":{"@id":"https:\/\/www.turismoaguarda.es\/#website"},"primaryImageOfPage":{"@id":"https:\/\/www.turismoaguarda.es\/el-ayuntamiento-de-a-guarda-recibe-2-flores-de-honor-de-vilas-en-flor\/#primaryimage"},"image":{"@id":"https:\/\/www.turismoaguarda.es\/el-ayuntamiento-de-a-guarda-recibe-2-flores-de-honor-de-vilas-en-flor\/#primaryimage"},"thumbnailUrl":"https:\/\/www.turismoaguarda.es\/wp-content\/uploads\/2019\/11\/Sin-t\u00edtulo-4.jpg","datePublished":"2019-11-26T12:47:43+00:00","dateModified":"2019-11-26T18:04:18+00:00","author":{"@id":"https:\/\/www.turismoaguarda.es\/#\/schema\/person\/a8b0c27ad7bcbb6c19799e934727508e"},"breadcrumb":{"@id":"https:\/\/www.turismoaguarda.es\/el-ayuntamiento-de-a-guarda-recibe-2-flores-de-honor-de-vilas-en-flor\/#breadcrumb"},"inLanguage":"en-US","potentialAction":[{"@type":"ReadAction","target":["https:\/\/www.turismoaguarda.es\/el-ayuntamiento-de-a-guarda-recibe-2-flores-de-honor-de-vilas-en-flor\/"]}]},{"@type":"ImageObject","inLanguage":"en-US","@id":"https:\/\/www.turismoaguarda.es\/el-ayuntamiento-de-a-guarda-recibe-2-flores-de-honor-de-vilas-en-flor\/#primaryimage","url":"https:\/\/www.turismoaguarda.es\/wp-content\/uploads\/2019\/11\/Sin-t\u00edtulo-4.jpg","contentUrl":"https:\/\/www.turismoaguarda.es\/wp-content\/uploads\/2019\/11\/Sin-t\u00edtulo-4.jpg","width":800,"height":800},{"@type":"BreadcrumbList","@id":"https:\/\/www.turismoaguarda.es\/el-ayuntamiento-de-a-guarda-recibe-2-flores-de-honor-de-vilas-en-flor\/#breadcrumb","itemListElement":[{"@type":"ListItem","position":1,"name":"Portada","item":"https:\/\/www.turismoaguarda.es\/en\/"},{"@type":"ListItem","position":2,"name":"El Ayuntamiento de A Guarda recibe 2 flores de honor de Vilas en Flor"}]},{"@type":"WebSite","@id":"https:\/\/www.turismoaguarda.es\/#website","url":"https:\/\/www.turismoaguarda.es\/","name":"Turismo A Guarda","description":"Informaci\u00f3n tur\u00edstica de A Guarda y alrededores.","potentialAction":[{"@type":"SearchAction","target":{"@type":"EntryPoint","urlTemplate":"https:\/\/www.turismoaguarda.es\/?s={search_term_string}"},"query-input":{"@type":"PropertyValueSpecification","valueRequired":true,"valueName":"search_term_string"}}],"inLanguage":"en-US"},{"@type":"Person","@id":"https:\/\/www.turismoaguarda.es\/#\/schema\/person\/a8b0c27ad7bcbb6c19799e934727508e","name":"Prensa A Guarda","image":{"@type":"ImageObject","inLanguage":"en-US","@id":"https:\/\/secure.gravatar.com\/avatar\/387e117f874ba5d0a3439060b45d914395d77287b2e4890a49d1599fc3ef9189?s=96&d=mm&r=g","url":"https:\/\/secure.gravatar.com\/avatar\/387e117f874ba5d0a3439060b45d914395d77287b2e4890a49d1599fc3ef9189?s=96&d=mm&r=g","contentUrl":"https:\/\/secure.gravatar.com\/avatar\/387e117f874ba5d0a3439060b45d914395d77287b2e4890a49d1599fc3ef9189?s=96&d=mm&r=g","caption":"Prensa A Guarda"},"url":"https:\/\/www.turismoaguarda.es\/en\/author\/prensa\/"}]}},"_links":{"self":[{"href":"https:\/\/www.turismoaguarda.es\/en\/wp-json\/wp\/v2\/posts\/12365","targetHints":{"allow":["GET"]}}],"collection":[{"href":"https:\/\/www.turismoaguarda.es\/en\/wp-json\/wp\/v2\/posts"}],"about":[{"href":"https:\/\/www.turismoaguarda.es\/en\/wp-json\/wp\/v2\/types\/post"}],"author":[{"embeddable":true,"href":"https:\/\/www.turismoaguarda.es\/en\/wp-json\/wp\/v2\/users\/11"}],"replies":[{"embeddable":true,"href":"https:\/\/www.turismoaguarda.es\/en\/wp-json\/wp\/v2\/comments?post=12365"}],"version-history":[{"count":2,"href":"https:\/\/www.turismoaguarda.es\/en\/wp-json\/wp\/v2\/posts\/12365\/revisions"}],"predecessor-version":[{"id":12367,"href":"https:\/\/www.turismoaguarda.es\/en\/wp-json\/wp\/v2\/posts\/12365\/revisions\/12367"}],"wp:featuredmedia":[{"embeddable":true,"href":"https:\/\/www.turismoaguarda.es\/en\/wp-json\/wp\/v2\/media\/12363"}],"wp:attachment":[{"href":"https:\/\/www.turismoaguarda.es\/en\/wp-json\/wp\/v2\/media?parent=12365"}],"wp:term":[{"taxonomy":"category","embeddable":true,"href":"https:\/\/www.turismoaguarda.es\/en\/wp-json\/wp\/v2\/categories?post=12365"},{"taxonomy":"post_tag","embeddable":true,"href":"https:\/\/www.turismoaguarda.es\/en\/wp-json\/wp\/v2\/tags?post=12365"}],"curies":[{"name":"wp","href":"https:\/\/api.w.org\/{rel}","templated":true}]}}