{"id":11876,"date":"2019-08-13T12:08:59","date_gmt":"2019-08-13T10:08:59","guid":{"rendered":"https:\/\/www.turismoaguarda.es\/?p=11876"},"modified":"2019-08-13T12:08:59","modified_gmt":"2019-08-13T10:08:59","slug":"visita-guiada-a-las-excavaciones-de-las-salinas-romanas-de-a-guarda-el-sabado-17-de-agosto","status":"publish","type":"post","link":"https:\/\/www.turismoaguarda.es\/en\/visita-guiada-a-las-excavaciones-de-las-salinas-romanas-de-a-guarda-el-sabado-17-de-agosto\/","title":{"rendered":"Visita guiada a las excavaciones de las Salinas romanas de A Guarda el s\u00e1bado 17 de agosto"},"content":{"rendered":"<p style=\"text-align: justify;\">El Ayuntamiento de A Guarda informa que el pr\u00f3ximo s\u00e1bado d\u00eda 17 de agosto se realizar\u00e1 una visita guiada a las excavaciones de las Salinas del Seixal, enmarcadas en el proyecto \u201cA Guarda, Mar de Sal\u201d.<\/p>\n<p style=\"text-align: justify;\">Esta visita guiada, que cuenta con la coordinaci\u00f3n de Anabam, se realiza de forma gratuita el s\u00e1bado d\u00eda 17 de agosto con salida a las 10:45h desde el Puerto de A Guarda, con un recorrido aproximado de 2 horas utilizando la senda litoral.<\/p>\n<p style=\"text-align: justify;\">Desde el Ayuntamiento de A Guarda se quiere agradecer la dedicaci\u00f3n y entusiasmo mostrado por el numeroso equipo de arque\u00f3logos y alumnos en pr\u00e1cticas de diversas universidades de Coimbra, Vigo y Santiago que hicieron posible que, en un corto espacio de tiempo, A Guarda pueda conocer un poco mejor su pasado romano.<\/p>\n<p style=\"text-align: justify;\">\u00abA Guarda, Mar de Sal\u00bb es un proyecto de recuperaci\u00f3n y puesta en valor de las salinas de la zona de \u201cO Seixal\u201d y Camposancos, en la fachada atl\u00e1ntica sur del t\u00e9rmino municipal de A Guarda y, que se llevar\u00e1 a cabo en dos anualidades al amparo de las estrategias de desenvolvimiento local participativo EDLP GALP7-066 aprobadas por los Grupos de Acci\u00f3n Local del Sector Pesquero para el desenvolvimiento sostenible de las zonas de pesca en el marco del Fondo Europeo Mar\u00edtimo y de la Pesca 2014-2020, bajo la coordinaci\u00f3n cient\u00edfica de D. Brais Curr\u00e1s.<\/p>\n<p style=\"text-align: justify;\">El objetivo del proyecto es el desenvolvimiento econ\u00f3mico local a partir de la puesta en valor de los paisajes de sal de A Guarda como bien patrimonial concibiendo como herramienta para la promoci\u00f3n de un turismo sustentable y de calidad, pero tambi\u00e9n como un medio cultural para el refuerzo de la identidad marinera y la cohesi\u00f3n social de las comunidades ligadas al mar.<\/p>\n<p style=\"text-align: justify;\">El proyecto \u00abMar de Sal\u00bb se fundamenta en la necesidad de sustentar e desenvolvimiento patrimonial sobre un s\u00f3lido respaldo cient\u00edfico. El estudio rigoroso del paisaje de la sal y su puesta en valor permiti\u00f3 crear un recurso patrimonial puesto al servicio de la ciudadan\u00eda.<\/p>\n","protected":false},"excerpt":{"rendered":"<p>El Ayuntamiento de A Guarda informa que el pr\u00f3ximo s\u00e1bado d\u00eda 17 de agosto se realizar\u00e1 una visita guiada a las excavaciones de las Salinas del Seixal, enmarcadas en el proyecto \u201cA Guarda, Mar de Sal\u201d. Esta visita guiada, que cuenta con la coordinaci\u00f3n de Anabam, se realiza de forma gratuita el s\u00e1bado d\u00eda 17<\/p>\n<div class=\"padding-top text-center\"><a href=\"https:\/\/www.turismoaguarda.es\/en\/visita-guiada-a-las-excavaciones-de-las-salinas-romanas-de-a-guarda-el-sabado-17-de-agosto\/\" class=\"atbtn atbtn--medium atbtn--rounded atbtn--transparent\">Read more<i class=\"atbtn__icon atbtn__icon--right fa fa-long-arrow-right\"><\/i><\/a><\/div>\n","protected":false},"author":11,"featured_media":11873,"comment_status":"open","ping_status":"open","sticky":false,"template":"","format":"standard","meta":{"footnotes":""},"categories":[44],"tags":[169,550,168,1444],"class_list":["post-11876","post","type-post","status-publish","format-standard","has-post-thumbnail","hentry","category-noticias-turismo","tag-a-guarda","tag-patrimonio","tag-turismo","tag-visita-guiada"],"yoast_head":"<!-- This site is optimized with the Yoast SEO plugin v27.5 - https:\/\/yoast.com\/product\/yoast-seo-wordpress\/ -->\n<title>Visita guiada a las excavaciones de las Salinas romanas de A Guarda el s\u00e1bado 17 de agosto | Turismo A Guarda<\/title>\n<meta name=\"robots\" content=\"index, follow, max-snippet:-1, max-image-preview:large, max-video-preview:-1\" \/>\n<link rel=\"canonical\" href=\"https:\/\/www.turismoaguarda.es\/visita-guiada-a-las-excavaciones-de-las-salinas-romanas-de-a-guarda-el-sabado-17-de-agosto\/\" \/>\n<meta property=\"og:locale\" content=\"en_US\" \/>\n<meta property=\"og:type\" content=\"article\" \/>\n<meta property=\"og:title\" content=\"Visita guiada a las excavaciones de las Salinas romanas de A Guarda el s\u00e1bado 17 de agosto | Turismo A Guarda\" \/>\n<meta property=\"og:description\" content=\"El Ayuntamiento de A Guarda informa que el pr\u00f3ximo s\u00e1bado d\u00eda 17 de agosto se realizar\u00e1 una visita guiada a las excavaciones de las Salinas del Seixal, enmarcadas en el proyecto \u201cA Guarda, Mar de Sal\u201d. Esta visita guiada, que cuenta con la coordinaci\u00f3n de Anabam, se realiza de forma gratuita el s\u00e1bado d\u00eda 17Read more\" \/>\n<meta property=\"og:url\" content=\"https:\/\/www.turismoaguarda.es\/visita-guiada-a-las-excavaciones-de-las-salinas-romanas-de-a-guarda-el-sabado-17-de-agosto\/\" \/>\n<meta property=\"og:site_name\" content=\"Turismo A Guarda\" \/>\n<meta property=\"article:publisher\" content=\"https:\/\/es-es.facebook.com\/Turismo-A-Guarda-126223240790625\/\" \/>\n<meta property=\"article:published_time\" content=\"2019-08-13T10:08:59+00:00\" \/>\n<meta property=\"og:image\" content=\"https:\/\/www.turismoaguarda.es\/wp-content\/uploads\/2019\/08\/NP-13082019-Visita-guiada-\u00e1s-escavaci\u00f3ns-das-Salinas-romanas-da-Guarda-o-s\u00e1bado-17-de-agosto.jpg\" \/>\n\t<meta property=\"og:image:width\" content=\"800\" \/>\n\t<meta property=\"og:image:height\" content=\"1131\" \/>\n\t<meta property=\"og:image:type\" content=\"image\/jpeg\" \/>\n<meta name=\"author\" content=\"Prensa A Guarda\" \/>\n<meta name=\"twitter:card\" content=\"summary_large_image\" \/>\n<meta name=\"twitter:creator\" content=\"@TurismoAGuarda\" \/>\n<meta name=\"twitter:site\" content=\"@TurismoAGuarda\" \/>\n<meta name=\"twitter:label1\" content=\"Written by\" \/>\n\t<meta name=\"twitter:data1\" content=\"Prensa A Guarda\" \/>\n\t<meta name=\"twitter:label2\" content=\"Est. reading time\" \/>\n\t<meta name=\"twitter:data2\" content=\"2 minutes\" \/>\n<script type=\"application\/ld+json\" class=\"yoast-schema-graph\">{\"@context\":\"https:\\\/\\\/schema.org\",\"@graph\":[{\"@type\":\"Article\",\"@id\":\"https:\\\/\\\/www.turismoaguarda.es\\\/visita-guiada-a-las-excavaciones-de-las-salinas-romanas-de-a-guarda-el-sabado-17-de-agosto\\\/#article\",\"isPartOf\":{\"@id\":\"https:\\\/\\\/www.turismoaguarda.es\\\/visita-guiada-a-las-excavaciones-de-las-salinas-romanas-de-a-guarda-el-sabado-17-de-agosto\\\/\"},\"author\":{\"name\":\"Prensa A Guarda\",\"@id\":\"https:\\\/\\\/www.turismoaguarda.es\\\/#\\\/schema\\\/person\\\/a8b0c27ad7bcbb6c19799e934727508e\"},\"headline\":\"Visita guiada a las excavaciones de las Salinas romanas de A Guarda el s\u00e1bado 17 de agosto\",\"datePublished\":\"2019-08-13T10:08:59+00:00\",\"mainEntityOfPage\":{\"@id\":\"https:\\\/\\\/www.turismoaguarda.es\\\/visita-guiada-a-las-excavaciones-de-las-salinas-romanas-de-a-guarda-el-sabado-17-de-agosto\\\/\"},\"wordCount\":372,\"commentCount\":0,\"image\":{\"@id\":\"https:\\\/\\\/www.turismoaguarda.es\\\/visita-guiada-a-las-excavaciones-de-las-salinas-romanas-de-a-guarda-el-sabado-17-de-agosto\\\/#primaryimage\"},\"thumbnailUrl\":\"https:\\\/\\\/www.turismoaguarda.es\\\/wp-content\\\/uploads\\\/2019\\\/08\\\/NP-13082019-Visita-guiada-\u00e1s-escavaci\u00f3ns-das-Salinas-romanas-da-Guarda-o-s\u00e1bado-17-de-agosto.jpg\",\"keywords\":[\"A Guarda\",\"Patrimonio\",\"turismo\",\"visita guiada\"],\"articleSection\":[\"Noticias Turismo\"],\"inLanguage\":\"en-US\",\"potentialAction\":[{\"@type\":\"CommentAction\",\"name\":\"Comment\",\"target\":[\"https:\\\/\\\/www.turismoaguarda.es\\\/visita-guiada-a-las-excavaciones-de-las-salinas-romanas-de-a-guarda-el-sabado-17-de-agosto\\\/#respond\"]}]},{\"@type\":\"WebPage\",\"@id\":\"https:\\\/\\\/www.turismoaguarda.es\\\/visita-guiada-a-las-excavaciones-de-las-salinas-romanas-de-a-guarda-el-sabado-17-de-agosto\\\/\",\"url\":\"https:\\\/\\\/www.turismoaguarda.es\\\/visita-guiada-a-las-excavaciones-de-las-salinas-romanas-de-a-guarda-el-sabado-17-de-agosto\\\/\",\"name\":\"Visita guiada a las excavaciones de las Salinas romanas de A Guarda el s\u00e1bado 17 de agosto | Turismo A Guarda\",\"isPartOf\":{\"@id\":\"https:\\\/\\\/www.turismoaguarda.es\\\/#website\"},\"primaryImageOfPage\":{\"@id\":\"https:\\\/\\\/www.turismoaguarda.es\\\/visita-guiada-a-las-excavaciones-de-las-salinas-romanas-de-a-guarda-el-sabado-17-de-agosto\\\/#primaryimage\"},\"image\":{\"@id\":\"https:\\\/\\\/www.turismoaguarda.es\\\/visita-guiada-a-las-excavaciones-de-las-salinas-romanas-de-a-guarda-el-sabado-17-de-agosto\\\/#primaryimage\"},\"thumbnailUrl\":\"https:\\\/\\\/www.turismoaguarda.es\\\/wp-content\\\/uploads\\\/2019\\\/08\\\/NP-13082019-Visita-guiada-\u00e1s-escavaci\u00f3ns-das-Salinas-romanas-da-Guarda-o-s\u00e1bado-17-de-agosto.jpg\",\"datePublished\":\"2019-08-13T10:08:59+00:00\",\"author\":{\"@id\":\"https:\\\/\\\/www.turismoaguarda.es\\\/#\\\/schema\\\/person\\\/a8b0c27ad7bcbb6c19799e934727508e\"},\"breadcrumb\":{\"@id\":\"https:\\\/\\\/www.turismoaguarda.es\\\/visita-guiada-a-las-excavaciones-de-las-salinas-romanas-de-a-guarda-el-sabado-17-de-agosto\\\/#breadcrumb\"},\"inLanguage\":\"en-US\",\"potentialAction\":[{\"@type\":\"ReadAction\",\"target\":[\"https:\\\/\\\/www.turismoaguarda.es\\\/visita-guiada-a-las-excavaciones-de-las-salinas-romanas-de-a-guarda-el-sabado-17-de-agosto\\\/\"]}]},{\"@type\":\"ImageObject\",\"inLanguage\":\"en-US\",\"@id\":\"https:\\\/\\\/www.turismoaguarda.es\\\/visita-guiada-a-las-excavaciones-de-las-salinas-romanas-de-a-guarda-el-sabado-17-de-agosto\\\/#primaryimage\",\"url\":\"https:\\\/\\\/www.turismoaguarda.es\\\/wp-content\\\/uploads\\\/2019\\\/08\\\/NP-13082019-Visita-guiada-\u00e1s-escavaci\u00f3ns-das-Salinas-romanas-da-Guarda-o-s\u00e1bado-17-de-agosto.jpg\",\"contentUrl\":\"https:\\\/\\\/www.turismoaguarda.es\\\/wp-content\\\/uploads\\\/2019\\\/08\\\/NP-13082019-Visita-guiada-\u00e1s-escavaci\u00f3ns-das-Salinas-romanas-da-Guarda-o-s\u00e1bado-17-de-agosto.jpg\",\"width\":800,\"height\":1131},{\"@type\":\"BreadcrumbList\",\"@id\":\"https:\\\/\\\/www.turismoaguarda.es\\\/visita-guiada-a-las-excavaciones-de-las-salinas-romanas-de-a-guarda-el-sabado-17-de-agosto\\\/#breadcrumb\",\"itemListElement\":[{\"@type\":\"ListItem\",\"position\":1,\"name\":\"Portada\",\"item\":\"https:\\\/\\\/www.turismoaguarda.es\\\/en\\\/\"},{\"@type\":\"ListItem\",\"position\":2,\"name\":\"Visita guiada a las excavaciones de las Salinas romanas de A Guarda el s\u00e1bado 17 de agosto\"}]},{\"@type\":\"WebSite\",\"@id\":\"https:\\\/\\\/www.turismoaguarda.es\\\/#website\",\"url\":\"https:\\\/\\\/www.turismoaguarda.es\\\/\",\"name\":\"Turismo A Guarda\",\"description\":\"Informaci\u00f3n tur\u00edstica de A Guarda y alrededores.\",\"potentialAction\":[{\"@type\":\"SearchAction\",\"target\":{\"@type\":\"EntryPoint\",\"urlTemplate\":\"https:\\\/\\\/www.turismoaguarda.es\\\/?s={search_term_string}\"},\"query-input\":{\"@type\":\"PropertyValueSpecification\",\"valueRequired\":true,\"valueName\":\"search_term_string\"}}],\"inLanguage\":\"en-US\"},{\"@type\":\"Person\",\"@id\":\"https:\\\/\\\/www.turismoaguarda.es\\\/#\\\/schema\\\/person\\\/a8b0c27ad7bcbb6c19799e934727508e\",\"name\":\"Prensa A Guarda\",\"image\":{\"@type\":\"ImageObject\",\"inLanguage\":\"en-US\",\"@id\":\"https:\\\/\\\/secure.gravatar.com\\\/avatar\\\/387e117f874ba5d0a3439060b45d914395d77287b2e4890a49d1599fc3ef9189?s=96&d=mm&r=g\",\"url\":\"https:\\\/\\\/secure.gravatar.com\\\/avatar\\\/387e117f874ba5d0a3439060b45d914395d77287b2e4890a49d1599fc3ef9189?s=96&d=mm&r=g\",\"contentUrl\":\"https:\\\/\\\/secure.gravatar.com\\\/avatar\\\/387e117f874ba5d0a3439060b45d914395d77287b2e4890a49d1599fc3ef9189?s=96&d=mm&r=g\",\"caption\":\"Prensa A Guarda\"},\"url\":\"https:\\\/\\\/www.turismoaguarda.es\\\/en\\\/author\\\/prensa\\\/\"}]}<\/script>\n<!-- \/ Yoast SEO plugin. -->","yoast_head_json":{"title":"Visita guiada a las excavaciones de las Salinas romanas de A Guarda el s\u00e1bado 17 de agosto | Turismo A Guarda","robots":{"index":"index","follow":"follow","max-snippet":"max-snippet:-1","max-image-preview":"max-image-preview:large","max-video-preview":"max-video-preview:-1"},"canonical":"https:\/\/www.turismoaguarda.es\/visita-guiada-a-las-excavaciones-de-las-salinas-romanas-de-a-guarda-el-sabado-17-de-agosto\/","og_locale":"en_US","og_type":"article","og_title":"Visita guiada a las excavaciones de las Salinas romanas de A Guarda el s\u00e1bado 17 de agosto | Turismo A Guarda","og_description":"El Ayuntamiento de A Guarda informa que el pr\u00f3ximo s\u00e1bado d\u00eda 17 de agosto se realizar\u00e1 una visita guiada a las excavaciones de las Salinas del Seixal, enmarcadas en el proyecto \u201cA Guarda, Mar de Sal\u201d. Esta visita guiada, que cuenta con la coordinaci\u00f3n de Anabam, se realiza de forma gratuita el s\u00e1bado d\u00eda 17Read more","og_url":"https:\/\/www.turismoaguarda.es\/visita-guiada-a-las-excavaciones-de-las-salinas-romanas-de-a-guarda-el-sabado-17-de-agosto\/","og_site_name":"Turismo A Guarda","article_publisher":"https:\/\/es-es.facebook.com\/Turismo-A-Guarda-126223240790625\/","article_published_time":"2019-08-13T10:08:59+00:00","og_image":[{"width":800,"height":1131,"url":"https:\/\/www.turismoaguarda.es\/wp-content\/uploads\/2019\/08\/NP-13082019-Visita-guiada-\u00e1s-escavaci\u00f3ns-das-Salinas-romanas-da-Guarda-o-s\u00e1bado-17-de-agosto.jpg","type":"image\/jpeg"}],"author":"Prensa A Guarda","twitter_card":"summary_large_image","twitter_creator":"@TurismoAGuarda","twitter_site":"@TurismoAGuarda","twitter_misc":{"Written by":"Prensa A Guarda","Est. reading time":"2 minutes"},"schema":{"@context":"https:\/\/schema.org","@graph":[{"@type":"Article","@id":"https:\/\/www.turismoaguarda.es\/visita-guiada-a-las-excavaciones-de-las-salinas-romanas-de-a-guarda-el-sabado-17-de-agosto\/#article","isPartOf":{"@id":"https:\/\/www.turismoaguarda.es\/visita-guiada-a-las-excavaciones-de-las-salinas-romanas-de-a-guarda-el-sabado-17-de-agosto\/"},"author":{"name":"Prensa A Guarda","@id":"https:\/\/www.turismoaguarda.es\/#\/schema\/person\/a8b0c27ad7bcbb6c19799e934727508e"},"headline":"Visita guiada a las excavaciones de las Salinas romanas de A Guarda el s\u00e1bado 17 de agosto","datePublished":"2019-08-13T10:08:59+00:00","mainEntityOfPage":{"@id":"https:\/\/www.turismoaguarda.es\/visita-guiada-a-las-excavaciones-de-las-salinas-romanas-de-a-guarda-el-sabado-17-de-agosto\/"},"wordCount":372,"commentCount":0,"image":{"@id":"https:\/\/www.turismoaguarda.es\/visita-guiada-a-las-excavaciones-de-las-salinas-romanas-de-a-guarda-el-sabado-17-de-agosto\/#primaryimage"},"thumbnailUrl":"https:\/\/www.turismoaguarda.es\/wp-content\/uploads\/2019\/08\/NP-13082019-Visita-guiada-\u00e1s-escavaci\u00f3ns-das-Salinas-romanas-da-Guarda-o-s\u00e1bado-17-de-agosto.jpg","keywords":["A Guarda","Patrimonio","turismo","visita guiada"],"articleSection":["Noticias Turismo"],"inLanguage":"en-US","potentialAction":[{"@type":"CommentAction","name":"Comment","target":["https:\/\/www.turismoaguarda.es\/visita-guiada-a-las-excavaciones-de-las-salinas-romanas-de-a-guarda-el-sabado-17-de-agosto\/#respond"]}]},{"@type":"WebPage","@id":"https:\/\/www.turismoaguarda.es\/visita-guiada-a-las-excavaciones-de-las-salinas-romanas-de-a-guarda-el-sabado-17-de-agosto\/","url":"https:\/\/www.turismoaguarda.es\/visita-guiada-a-las-excavaciones-de-las-salinas-romanas-de-a-guarda-el-sabado-17-de-agosto\/","name":"Visita guiada a las excavaciones de las Salinas romanas de A Guarda el s\u00e1bado 17 de agosto | Turismo A Guarda","isPartOf":{"@id":"https:\/\/www.turismoaguarda.es\/#website"},"primaryImageOfPage":{"@id":"https:\/\/www.turismoaguarda.es\/visita-guiada-a-las-excavaciones-de-las-salinas-romanas-de-a-guarda-el-sabado-17-de-agosto\/#primaryimage"},"image":{"@id":"https:\/\/www.turismoaguarda.es\/visita-guiada-a-las-excavaciones-de-las-salinas-romanas-de-a-guarda-el-sabado-17-de-agosto\/#primaryimage"},"thumbnailUrl":"https:\/\/www.turismoaguarda.es\/wp-content\/uploads\/2019\/08\/NP-13082019-Visita-guiada-\u00e1s-escavaci\u00f3ns-das-Salinas-romanas-da-Guarda-o-s\u00e1bado-17-de-agosto.jpg","datePublished":"2019-08-13T10:08:59+00:00","author":{"@id":"https:\/\/www.turismoaguarda.es\/#\/schema\/person\/a8b0c27ad7bcbb6c19799e934727508e"},"breadcrumb":{"@id":"https:\/\/www.turismoaguarda.es\/visita-guiada-a-las-excavaciones-de-las-salinas-romanas-de-a-guarda-el-sabado-17-de-agosto\/#breadcrumb"},"inLanguage":"en-US","potentialAction":[{"@type":"ReadAction","target":["https:\/\/www.turismoaguarda.es\/visita-guiada-a-las-excavaciones-de-las-salinas-romanas-de-a-guarda-el-sabado-17-de-agosto\/"]}]},{"@type":"ImageObject","inLanguage":"en-US","@id":"https:\/\/www.turismoaguarda.es\/visita-guiada-a-las-excavaciones-de-las-salinas-romanas-de-a-guarda-el-sabado-17-de-agosto\/#primaryimage","url":"https:\/\/www.turismoaguarda.es\/wp-content\/uploads\/2019\/08\/NP-13082019-Visita-guiada-\u00e1s-escavaci\u00f3ns-das-Salinas-romanas-da-Guarda-o-s\u00e1bado-17-de-agosto.jpg","contentUrl":"https:\/\/www.turismoaguarda.es\/wp-content\/uploads\/2019\/08\/NP-13082019-Visita-guiada-\u00e1s-escavaci\u00f3ns-das-Salinas-romanas-da-Guarda-o-s\u00e1bado-17-de-agosto.jpg","width":800,"height":1131},{"@type":"BreadcrumbList","@id":"https:\/\/www.turismoaguarda.es\/visita-guiada-a-las-excavaciones-de-las-salinas-romanas-de-a-guarda-el-sabado-17-de-agosto\/#breadcrumb","itemListElement":[{"@type":"ListItem","position":1,"name":"Portada","item":"https:\/\/www.turismoaguarda.es\/en\/"},{"@type":"ListItem","position":2,"name":"Visita guiada a las excavaciones de las Salinas romanas de A Guarda el s\u00e1bado 17 de agosto"}]},{"@type":"WebSite","@id":"https:\/\/www.turismoaguarda.es\/#website","url":"https:\/\/www.turismoaguarda.es\/","name":"Turismo A Guarda","description":"Informaci\u00f3n tur\u00edstica de A Guarda y alrededores.","potentialAction":[{"@type":"SearchAction","target":{"@type":"EntryPoint","urlTemplate":"https:\/\/www.turismoaguarda.es\/?s={search_term_string}"},"query-input":{"@type":"PropertyValueSpecification","valueRequired":true,"valueName":"search_term_string"}}],"inLanguage":"en-US"},{"@type":"Person","@id":"https:\/\/www.turismoaguarda.es\/#\/schema\/person\/a8b0c27ad7bcbb6c19799e934727508e","name":"Prensa A Guarda","image":{"@type":"ImageObject","inLanguage":"en-US","@id":"https:\/\/secure.gravatar.com\/avatar\/387e117f874ba5d0a3439060b45d914395d77287b2e4890a49d1599fc3ef9189?s=96&d=mm&r=g","url":"https:\/\/secure.gravatar.com\/avatar\/387e117f874ba5d0a3439060b45d914395d77287b2e4890a49d1599fc3ef9189?s=96&d=mm&r=g","contentUrl":"https:\/\/secure.gravatar.com\/avatar\/387e117f874ba5d0a3439060b45d914395d77287b2e4890a49d1599fc3ef9189?s=96&d=mm&r=g","caption":"Prensa A Guarda"},"url":"https:\/\/www.turismoaguarda.es\/en\/author\/prensa\/"}]}},"_links":{"self":[{"href":"https:\/\/www.turismoaguarda.es\/en\/wp-json\/wp\/v2\/posts\/11876","targetHints":{"allow":["GET"]}}],"collection":[{"href":"https:\/\/www.turismoaguarda.es\/en\/wp-json\/wp\/v2\/posts"}],"about":[{"href":"https:\/\/www.turismoaguarda.es\/en\/wp-json\/wp\/v2\/types\/post"}],"author":[{"embeddable":true,"href":"https:\/\/www.turismoaguarda.es\/en\/wp-json\/wp\/v2\/users\/11"}],"replies":[{"embeddable":true,"href":"https:\/\/www.turismoaguarda.es\/en\/wp-json\/wp\/v2\/comments?post=11876"}],"version-history":[{"count":1,"href":"https:\/\/www.turismoaguarda.es\/en\/wp-json\/wp\/v2\/posts\/11876\/revisions"}],"predecessor-version":[{"id":11877,"href":"https:\/\/www.turismoaguarda.es\/en\/wp-json\/wp\/v2\/posts\/11876\/revisions\/11877"}],"wp:featuredmedia":[{"embeddable":true,"href":"https:\/\/www.turismoaguarda.es\/en\/wp-json\/wp\/v2\/media\/11873"}],"wp:attachment":[{"href":"https:\/\/www.turismoaguarda.es\/en\/wp-json\/wp\/v2\/media?parent=11876"}],"wp:term":[{"taxonomy":"category","embeddable":true,"href":"https:\/\/www.turismoaguarda.es\/en\/wp-json\/wp\/v2\/categories?post=11876"},{"taxonomy":"post_tag","embeddable":true,"href":"https:\/\/www.turismoaguarda.es\/en\/wp-json\/wp\/v2\/tags?post=11876"}],"curies":[{"name":"wp","href":"https:\/\/api.w.org\/{rel}","templated":true}]}}