{"id":11840,"date":"2019-08-01T11:19:26","date_gmt":"2019-08-01T09:19:26","guid":{"rendered":"https:\/\/www.turismoaguarda.es\/?p=11840"},"modified":"2019-08-01T18:41:36","modified_gmt":"2019-08-01T16:41:36","slug":"a-guarda-da-la-bienvenida-al-mes-de-agosto-con-una-amplia-programacion-cultural-deportiva-y-festiva","status":"publish","type":"post","link":"https:\/\/www.turismoaguarda.es\/en\/a-guarda-da-la-bienvenida-al-mes-de-agosto-con-una-amplia-programacion-cultural-deportiva-y-festiva\/","title":{"rendered":"A Guarda da la bienvenida al mes de agosto con una amplia programaci\u00f3n cultural, deportiva y festiva"},"content":{"rendered":"<p style=\"text-align: justify;\">El Ayuntamiento de A Guarda da la bienvenida al mes de agosto con un fin de semana lleno de actividades para todas las edades como antesala de la semana grande de las Fiestas del Monte. Este fin de semana se celebra el V Galifornia Beat en el Puerto de A Guarda, las Fiestas de San Cayetano en el barrio de la Cruzada y los primeros eventos asociados a las Fiestas del Monte como las Carreras Populares o el Torneo de Hockey L\u00ednea.<\/p>\n<p style=\"text-align: justify;\"><strong>VIERNES 2<\/strong><\/p>\n<p style=\"text-align: justify;\">El Skate Park Atalaia del Puerto de A Guarda y alrededores acogen desde este viernes d\u00eda 2 de agosto la V edici\u00f3n del Galifornia Beat, un evento multicultural que se extender\u00e1 hasta la jornada del s\u00e1bado d\u00eda 3 de agosto y que contar\u00e1 con conciertos, exhibiciones deportivas, oferta gastron\u00f3mica y mucho m\u00e1s.<\/p>\n<p style=\"text-align: justify;\">El V Galifornia Beat arranca el viernes a las 14:00h con la apertura de la pista para la pr\u00e1ctica libre deportiva, a las 19:00h tendr\u00e1 lugar el Best Trick, seguido de la batalla de gallos y conciertos a partir de las 22:00h con las actuaciones de los grupos Hugx &amp; Holden, Fast Fuzz, Samesugas, Los Bengala y The Pretty Shirts.<\/p>\n<p style=\"text-align: justify;\">En la jornada de este viernes contin\u00faan las visitas guiadas para conocer el patrimonio do Monte Santa Trega, a las 11:30h se realizar\u00e1 la visita guiada al Castro de Santa Trega, que tendr\u00e1 como punto de encuentro la vivienda reconstruida del castro, y que tendr\u00e1 una duraci\u00f3n aproximada de 30 minutos.<\/p>\n<p style=\"text-align: justify;\">A las 12:30h y a las 17:00 tendr\u00e1n lugar dos nuevas visitas guiadas al Monte Santa Trega, con punto de encuentro en el Museo Arqueol\u00f3gico (MASAT), y que tendr\u00e1n una duraci\u00f3n aproximada de 90 minutos.<\/p>\n<p style=\"text-align: justify;\">Estas visitas guiadas son de car\u00e1cter gratuito y sin inscripci\u00f3n previa. Para los grupos de m\u00e1s de 10 personas es necesario hacer una reserva previa llamando al tel\u00e9fono 986 610 504.<\/p>\n<p style=\"text-align: justify;\">La tasa de acceso al Monte Santa Trega es de 1\u20ac para adultos y de 0,5\u20ac para los menores de 14 a\u00f1os.<\/p>\n<p style=\"text-align: justify;\">En la jornada de este viernes se puede visitar la Exposici\u00f3n \u00abHISTORIA COMERCIAL E INDUSTRIAL GUARDESA\u00bb en el vest\u00edbulo de la Casa dos Alonsos en horario de 8:00h a 15:00h. Una oportunidad de ver que tipo de productos y modas hab\u00eda tiempos atr\u00e1s; as\u00ed como las herramientas que se utilizaban y que hoy en d\u00eda est\u00e1n fuera de uso o fueron sustitu\u00eddas por nuevas tecnolog\u00edas.<\/p>\n<p style=\"text-align: justify;\">Dentro de la programaci\u00f3n de las Fiestas de San Cayetano en la jornada de este viernes el grupo a Boalleira realizar\u00e1 un pasacalles por el pueblo. A las 21:00h la Plaza de San Cayetano acoger\u00e1 la tradicional Sardi\u00f1ada y a partir de las 23:30h verbena a cargo de la orquesta Capitol.<\/p>\n<p style=\"text-align: justify;\"><strong>S\u00c1BADO 3<\/strong><\/p>\n<p style=\"text-align: justify;\">Ya en la jornada del s\u00e1bado, enmarcado en la celebraci\u00f3n de la V edici\u00f3n del Galifornia Beat en el Puerto de A Guarda, entre las 10:00h y las 11:00h se abrir\u00e1n las inscripciones para el abierto y el Open SUB-14 y Basket. A las 11:00h de la ma\u00f1ana tendr\u00e1n lugar las primeras competiciones con Basket y el Open SUB-14.<\/p>\n<p style=\"text-align: justify;\">A las 12:30h se realizar\u00e1 la Skateboard School, una escuela de skate para ni\u00f1os y ni\u00f1as en la que un profesional ense\u00f1ar\u00e1 a los m\u00e1s peque\u00f1os como iniciarse en la pr\u00e1ctica del skateboarding.<\/p>\n<p style=\"text-align: justify;\">A las 13:00h el grupo Indy Tumbita &amp; The Voodoo Bandits ser\u00e1n los encargados, junto con un dj, de amenizar una sesi\u00f3n vermut.<\/p>\n<p style=\"text-align: justify;\">A partir de las 16:00h tendr\u00e1 lugar el Open de Skate y el Open de Street, seguido de una exhibici\u00f3n de Trial del rosaleiro Gabri Marcelli a las 18:30h.<\/p>\n<p style=\"text-align: justify;\">A las 19:00h se celebrar\u00e1 el Open de Bowl y a las 21:00h la entrega de premios y el arranque de los conciertos que tendr\u00e1n lugar con las actuaciones de los grupos Spoonfull y The Soul Jacket.<\/p>\n<p style=\"text-align: justify;\">A las 16:00h el Pabell\u00f3n de As Solanas acoge el Torneo Fiestas del Monte de Hockey Li\u00f1a S\u00e9nior e infantil, organizado desde el Club A Guarda Hockey Li\u00f1a, un cl\u00e1sico en la programaci\u00f3n deportiva de las Fiestas del Monte que re\u00fane a un buen n\u00famero de deportistas para la pr\u00e1ctica del hockey l\u00ednea, con entrada gratu\u00edta.<\/p>\n<p style=\"text-align: justify;\">A Guarda acoge este s\u00e1bado d\u00eda 3 de agosto a partir de las 19:00h las tradicionales Carreras Populares de las Fiestas del Monte, un evento deportivo organizado desde Atletismo Trega en colaboraci\u00f3n con la Comisi\u00f3n de fiestas y el Ayuntamiento de A Guarda.<\/p>\n<p style=\"text-align: justify;\">Las Carreras Populares de las Fiestas del Monte congregan a cientos de corredores y deportistas con varias categor\u00edas de competici\u00f3n en funci\u00f3n de las fechas de nacimiento y en distancias, que van desde los 100m para la categor\u00eda de pulgas y hasta los 7.339m para los m\u00e1s mayores, que consistir\u00e1 en una vuelta al Monte Santa. Trega.<\/p>\n<p style=\"text-align: justify;\">Este s\u00e1bado contin\u00faan las visitas guiadas para conocer el patrimonio do Monte Santa Trega, a las 11:30h se realizar\u00e1 la visita guiada al Castro de Santa Trega, que tendr\u00e1 como punto de encuentro la vivienda reconstruida del castro, y que tendr\u00e1 una duraci\u00f3n aproximada de 30 minutos.<\/p>\n<p style=\"text-align: justify;\">A las 12:30h y a las 17:00 tendr\u00e1n lugar dos nuevas visitas guiadas al Monte Santa Trega, con punto de encuentro en el Museo Arqueol\u00f3gico (MASAT), y que tendr\u00e1n una duraci\u00f3n aproximada de 90 minutos.<\/p>\n<p style=\"text-align: justify;\">Estas visitas guiadas son de car\u00e1cter gratuito y sin inscripci\u00f3n previa. Para los grupos de m\u00e1s de 10 personas es necesario hacer una reserva previa llamando al tel\u00e9fono 986 610 504.<\/p>\n<p style=\"text-align: justify;\">La tasa de acceso al Monte Santa Trega es de 1\u20ac para adultos y de 0,5\u20ac para los menores de 14 a\u00f1os.<\/p>\n<p style=\"text-align: justify;\">El Centro de Interpretaci\u00f3n de las Fortalezas en el Castillo de Santa Cruz acoge la Exposici\u00f3n de maquetas y figuras de Prax\u00edteles Gonz\u00e1lez en la que se exponen varias maquetas del artista rosaleiro, como \u201cPonte do Tamuxe\u201d, \u201cIgrexa de Santa Mari\u00f1a do Rosal\u201d, \u201cMu\u00ed\u00f1o Serradoiro\u201d y \u201cD\u00faas vivendas rosaleiras\u201d, todos estes, elementos de O Rosal. Adem\u00e1s de las maquetas de las catedrales de Santiago y Notre Dame. Completa esta exposici\u00f3n una selecci\u00f3n de las m\u00e1s de 40 esculturas realizadas por el artista. Horario de 11:00h a 14:00h y de 18:00h a 21:00h.<\/p>\n<p style=\"text-align: justify;\">Entrada: 1\u20ac adultos y 0,5\u20ac hasta los 14 a\u00f1os inclusive.<\/p>\n<p style=\"text-align: justify;\">Dentro de la programaci\u00f3n de las Fiestas de San Cayetano en la jornada de este s\u00e1bado el grupo a Boalleira realizar\u00e1 un pasacalles por el pueblo. Por la noche gran verbena con la orquesta Costa Blanca y el grupo Cach\u00e9.<\/p>\n<p style=\"text-align: justify;\"><strong>DOMINGO 4<\/strong><\/p>\n<p style=\"text-align: justify;\">El Centro de Interpretaci\u00f3n de las Fortalezas en el Castillo de Santa Cruz acoge la Exposici\u00f3n de maquetas y figuras de Prax\u00edteles Gonz\u00e1lez en la que se exponen varias maquetas del artista rosaleiro, como \u201cPonte do Tamuxe\u201d, \u201cIgrexa de Santa Mari\u00f1a do Rosal\u201d, \u201cMu\u00ed\u00f1o Serradoiro\u201d y \u201cD\u00faas vivendas rosaleiras\u201d, todos estes, elementos de O Rosal. Adem\u00e1s de las maquetas de las catedrales de Santiago y Notre Dame. Completa esta exposici\u00f3n una selecci\u00f3n de las m\u00e1s de 40 esculturas realizadas por el artista. Horario de 11:00h a 14:00h y de 18:00h a 21:00h.<\/p>\n<p style=\"text-align: justify;\">Entrada: 1\u20ac adultos y 0,5\u20ac hasta los 14 a\u00f1os inclusive.<\/p>\n<p style=\"text-align: justify;\">Dentro de la programaci\u00f3n de las Fiestas de San Cayetano en la jornada de este s\u00e1bado el grupo a Boalleira realizar\u00e1 un pasacalles por el pueblo. A las 19:00h arrancar\u00e1n las tradicionales pujas de productos t\u00edpicos y terminar\u00e1n las fiestas con la actuaci\u00f3n de Roberto Caco.<\/p>\n","protected":false},"excerpt":{"rendered":"<p>El Ayuntamiento de A Guarda da la bienvenida al mes de agosto con un fin de semana lleno de actividades para todas las edades como antesala de la semana grande de las Fiestas del Monte. Este fin de semana se celebra el V Galifornia Beat en el Puerto de A Guarda, las Fiestas de San<\/p>\n<div class=\"padding-top text-center\"><a href=\"https:\/\/www.turismoaguarda.es\/en\/a-guarda-da-la-bienvenida-al-mes-de-agosto-con-una-amplia-programacion-cultural-deportiva-y-festiva\/\" class=\"atbtn atbtn--medium atbtn--rounded atbtn--transparent\">Read more<i class=\"atbtn__icon atbtn__icon--right fa fa-long-arrow-right\"><\/i><\/a><\/div>\n","protected":false},"author":11,"featured_media":11841,"comment_status":"open","ping_status":"open","sticky":false,"template":"","format":"standard","meta":{"footnotes":""},"categories":[44],"tags":[169,229,893,1219,168],"class_list":["post-11840","post","type-post","status-publish","format-standard","has-post-thumbnail","hentry","category-noticias-turismo","tag-a-guarda","tag-deporte","tag-fin-de-semana","tag-programacion-2","tag-turismo"],"yoast_head":"<!-- This site is optimized with the Yoast SEO plugin v27.5 - https:\/\/yoast.com\/product\/yoast-seo-wordpress\/ -->\n<title>A Guarda da la bienvenida al mes de agosto con una amplia programaci\u00f3n cultural, deportiva y festiva | Turismo A Guarda<\/title>\n<meta name=\"robots\" content=\"index, follow, max-snippet:-1, max-image-preview:large, max-video-preview:-1\" \/>\n<link rel=\"canonical\" href=\"https:\/\/www.turismoaguarda.es\/a-guarda-da-la-bienvenida-al-mes-de-agosto-con-una-amplia-programacion-cultural-deportiva-y-festiva\/\" \/>\n<meta property=\"og:locale\" content=\"en_US\" \/>\n<meta property=\"og:type\" content=\"article\" \/>\n<meta property=\"og:title\" content=\"A Guarda da la bienvenida al mes de agosto con una amplia programaci\u00f3n cultural, deportiva y festiva | Turismo A Guarda\" \/>\n<meta property=\"og:description\" content=\"El Ayuntamiento de A Guarda da la bienvenida al mes de agosto con un fin de semana lleno de actividades para todas las edades como antesala de la semana grande de las Fiestas del Monte. Este fin de semana se celebra el V Galifornia Beat en el Puerto de A Guarda, las Fiestas de SanRead more\" \/>\n<meta property=\"og:url\" content=\"https:\/\/www.turismoaguarda.es\/a-guarda-da-la-bienvenida-al-mes-de-agosto-con-una-amplia-programacion-cultural-deportiva-y-festiva\/\" \/>\n<meta property=\"og:site_name\" content=\"Turismo A Guarda\" \/>\n<meta property=\"article:publisher\" content=\"https:\/\/es-es.facebook.com\/Turismo-A-Guarda-126223240790625\/\" \/>\n<meta property=\"article:published_time\" content=\"2019-08-01T09:19:26+00:00\" \/>\n<meta property=\"article:modified_time\" content=\"2019-08-01T16:41:36+00:00\" \/>\n<meta property=\"og:image\" content=\"https:\/\/www.turismoaguarda.es\/wp-content\/uploads\/2019\/08\/NP-01082019-A-Guarda-da-a-benvida-ao-mes-de-agosto-cunha-ampla-programaci\u00f3n-cultural-deportiva-e-festiva-1.jpg\" \/>\n\t<meta property=\"og:image:width\" content=\"800\" \/>\n\t<meta property=\"og:image:height\" content=\"800\" \/>\n\t<meta property=\"og:image:type\" content=\"image\/jpeg\" \/>\n<meta name=\"author\" content=\"Prensa A Guarda\" \/>\n<meta name=\"twitter:card\" content=\"summary_large_image\" \/>\n<meta name=\"twitter:creator\" content=\"@TurismoAGuarda\" \/>\n<meta name=\"twitter:site\" content=\"@TurismoAGuarda\" \/>\n<meta name=\"twitter:label1\" content=\"Written by\" \/>\n\t<meta name=\"twitter:data1\" content=\"Prensa A Guarda\" \/>\n\t<meta name=\"twitter:label2\" content=\"Est. reading time\" \/>\n\t<meta name=\"twitter:data2\" content=\"6 minutes\" \/>\n<script type=\"application\/ld+json\" class=\"yoast-schema-graph\">{\"@context\":\"https:\\\/\\\/schema.org\",\"@graph\":[{\"@type\":\"Article\",\"@id\":\"https:\\\/\\\/www.turismoaguarda.es\\\/a-guarda-da-la-bienvenida-al-mes-de-agosto-con-una-amplia-programacion-cultural-deportiva-y-festiva\\\/#article\",\"isPartOf\":{\"@id\":\"https:\\\/\\\/www.turismoaguarda.es\\\/a-guarda-da-la-bienvenida-al-mes-de-agosto-con-una-amplia-programacion-cultural-deportiva-y-festiva\\\/\"},\"author\":{\"name\":\"Prensa A Guarda\",\"@id\":\"https:\\\/\\\/www.turismoaguarda.es\\\/#\\\/schema\\\/person\\\/a8b0c27ad7bcbb6c19799e934727508e\"},\"headline\":\"A Guarda da la bienvenida al mes de agosto con una amplia programaci\u00f3n cultural, deportiva y festiva\",\"datePublished\":\"2019-08-01T09:19:26+00:00\",\"dateModified\":\"2019-08-01T16:41:36+00:00\",\"mainEntityOfPage\":{\"@id\":\"https:\\\/\\\/www.turismoaguarda.es\\\/a-guarda-da-la-bienvenida-al-mes-de-agosto-con-una-amplia-programacion-cultural-deportiva-y-festiva\\\/\"},\"wordCount\":1311,\"commentCount\":0,\"image\":{\"@id\":\"https:\\\/\\\/www.turismoaguarda.es\\\/a-guarda-da-la-bienvenida-al-mes-de-agosto-con-una-amplia-programacion-cultural-deportiva-y-festiva\\\/#primaryimage\"},\"thumbnailUrl\":\"https:\\\/\\\/www.turismoaguarda.es\\\/wp-content\\\/uploads\\\/2019\\\/08\\\/NP-01082019-A-Guarda-da-a-benvida-ao-mes-de-agosto-cunha-ampla-programaci\u00f3n-cultural-deportiva-e-festiva-1.jpg\",\"keywords\":[\"A Guarda\",\"deporte\",\"fin de semana\",\"Programaci\u00f3n\",\"turismo\"],\"articleSection\":[\"Noticias Turismo\"],\"inLanguage\":\"en-US\",\"potentialAction\":[{\"@type\":\"CommentAction\",\"name\":\"Comment\",\"target\":[\"https:\\\/\\\/www.turismoaguarda.es\\\/a-guarda-da-la-bienvenida-al-mes-de-agosto-con-una-amplia-programacion-cultural-deportiva-y-festiva\\\/#respond\"]}]},{\"@type\":\"WebPage\",\"@id\":\"https:\\\/\\\/www.turismoaguarda.es\\\/a-guarda-da-la-bienvenida-al-mes-de-agosto-con-una-amplia-programacion-cultural-deportiva-y-festiva\\\/\",\"url\":\"https:\\\/\\\/www.turismoaguarda.es\\\/a-guarda-da-la-bienvenida-al-mes-de-agosto-con-una-amplia-programacion-cultural-deportiva-y-festiva\\\/\",\"name\":\"A Guarda da la bienvenida al mes de agosto con una amplia programaci\u00f3n cultural, deportiva y festiva | Turismo A Guarda\",\"isPartOf\":{\"@id\":\"https:\\\/\\\/www.turismoaguarda.es\\\/#website\"},\"primaryImageOfPage\":{\"@id\":\"https:\\\/\\\/www.turismoaguarda.es\\\/a-guarda-da-la-bienvenida-al-mes-de-agosto-con-una-amplia-programacion-cultural-deportiva-y-festiva\\\/#primaryimage\"},\"image\":{\"@id\":\"https:\\\/\\\/www.turismoaguarda.es\\\/a-guarda-da-la-bienvenida-al-mes-de-agosto-con-una-amplia-programacion-cultural-deportiva-y-festiva\\\/#primaryimage\"},\"thumbnailUrl\":\"https:\\\/\\\/www.turismoaguarda.es\\\/wp-content\\\/uploads\\\/2019\\\/08\\\/NP-01082019-A-Guarda-da-a-benvida-ao-mes-de-agosto-cunha-ampla-programaci\u00f3n-cultural-deportiva-e-festiva-1.jpg\",\"datePublished\":\"2019-08-01T09:19:26+00:00\",\"dateModified\":\"2019-08-01T16:41:36+00:00\",\"author\":{\"@id\":\"https:\\\/\\\/www.turismoaguarda.es\\\/#\\\/schema\\\/person\\\/a8b0c27ad7bcbb6c19799e934727508e\"},\"breadcrumb\":{\"@id\":\"https:\\\/\\\/www.turismoaguarda.es\\\/a-guarda-da-la-bienvenida-al-mes-de-agosto-con-una-amplia-programacion-cultural-deportiva-y-festiva\\\/#breadcrumb\"},\"inLanguage\":\"en-US\",\"potentialAction\":[{\"@type\":\"ReadAction\",\"target\":[\"https:\\\/\\\/www.turismoaguarda.es\\\/a-guarda-da-la-bienvenida-al-mes-de-agosto-con-una-amplia-programacion-cultural-deportiva-y-festiva\\\/\"]}]},{\"@type\":\"ImageObject\",\"inLanguage\":\"en-US\",\"@id\":\"https:\\\/\\\/www.turismoaguarda.es\\\/a-guarda-da-la-bienvenida-al-mes-de-agosto-con-una-amplia-programacion-cultural-deportiva-y-festiva\\\/#primaryimage\",\"url\":\"https:\\\/\\\/www.turismoaguarda.es\\\/wp-content\\\/uploads\\\/2019\\\/08\\\/NP-01082019-A-Guarda-da-a-benvida-ao-mes-de-agosto-cunha-ampla-programaci\u00f3n-cultural-deportiva-e-festiva-1.jpg\",\"contentUrl\":\"https:\\\/\\\/www.turismoaguarda.es\\\/wp-content\\\/uploads\\\/2019\\\/08\\\/NP-01082019-A-Guarda-da-a-benvida-ao-mes-de-agosto-cunha-ampla-programaci\u00f3n-cultural-deportiva-e-festiva-1.jpg\",\"width\":800,\"height\":800},{\"@type\":\"BreadcrumbList\",\"@id\":\"https:\\\/\\\/www.turismoaguarda.es\\\/a-guarda-da-la-bienvenida-al-mes-de-agosto-con-una-amplia-programacion-cultural-deportiva-y-festiva\\\/#breadcrumb\",\"itemListElement\":[{\"@type\":\"ListItem\",\"position\":1,\"name\":\"Portada\",\"item\":\"https:\\\/\\\/www.turismoaguarda.es\\\/en\\\/\"},{\"@type\":\"ListItem\",\"position\":2,\"name\":\"A Guarda da la bienvenida al mes de agosto con una amplia programaci\u00f3n cultural, deportiva y festiva\"}]},{\"@type\":\"WebSite\",\"@id\":\"https:\\\/\\\/www.turismoaguarda.es\\\/#website\",\"url\":\"https:\\\/\\\/www.turismoaguarda.es\\\/\",\"name\":\"Turismo A Guarda\",\"description\":\"Informaci\u00f3n tur\u00edstica de A Guarda y alrededores.\",\"potentialAction\":[{\"@type\":\"SearchAction\",\"target\":{\"@type\":\"EntryPoint\",\"urlTemplate\":\"https:\\\/\\\/www.turismoaguarda.es\\\/?s={search_term_string}\"},\"query-input\":{\"@type\":\"PropertyValueSpecification\",\"valueRequired\":true,\"valueName\":\"search_term_string\"}}],\"inLanguage\":\"en-US\"},{\"@type\":\"Person\",\"@id\":\"https:\\\/\\\/www.turismoaguarda.es\\\/#\\\/schema\\\/person\\\/a8b0c27ad7bcbb6c19799e934727508e\",\"name\":\"Prensa A Guarda\",\"image\":{\"@type\":\"ImageObject\",\"inLanguage\":\"en-US\",\"@id\":\"https:\\\/\\\/secure.gravatar.com\\\/avatar\\\/387e117f874ba5d0a3439060b45d914395d77287b2e4890a49d1599fc3ef9189?s=96&d=mm&r=g\",\"url\":\"https:\\\/\\\/secure.gravatar.com\\\/avatar\\\/387e117f874ba5d0a3439060b45d914395d77287b2e4890a49d1599fc3ef9189?s=96&d=mm&r=g\",\"contentUrl\":\"https:\\\/\\\/secure.gravatar.com\\\/avatar\\\/387e117f874ba5d0a3439060b45d914395d77287b2e4890a49d1599fc3ef9189?s=96&d=mm&r=g\",\"caption\":\"Prensa A Guarda\"},\"url\":\"https:\\\/\\\/www.turismoaguarda.es\\\/en\\\/author\\\/prensa\\\/\"}]}<\/script>\n<!-- \/ Yoast SEO plugin. -->","yoast_head_json":{"title":"A Guarda da la bienvenida al mes de agosto con una amplia programaci\u00f3n cultural, deportiva y festiva | Turismo A Guarda","robots":{"index":"index","follow":"follow","max-snippet":"max-snippet:-1","max-image-preview":"max-image-preview:large","max-video-preview":"max-video-preview:-1"},"canonical":"https:\/\/www.turismoaguarda.es\/a-guarda-da-la-bienvenida-al-mes-de-agosto-con-una-amplia-programacion-cultural-deportiva-y-festiva\/","og_locale":"en_US","og_type":"article","og_title":"A Guarda da la bienvenida al mes de agosto con una amplia programaci\u00f3n cultural, deportiva y festiva | Turismo A Guarda","og_description":"El Ayuntamiento de A Guarda da la bienvenida al mes de agosto con un fin de semana lleno de actividades para todas las edades como antesala de la semana grande de las Fiestas del Monte. Este fin de semana se celebra el V Galifornia Beat en el Puerto de A Guarda, las Fiestas de SanRead more","og_url":"https:\/\/www.turismoaguarda.es\/a-guarda-da-la-bienvenida-al-mes-de-agosto-con-una-amplia-programacion-cultural-deportiva-y-festiva\/","og_site_name":"Turismo A Guarda","article_publisher":"https:\/\/es-es.facebook.com\/Turismo-A-Guarda-126223240790625\/","article_published_time":"2019-08-01T09:19:26+00:00","article_modified_time":"2019-08-01T16:41:36+00:00","og_image":[{"width":800,"height":800,"url":"https:\/\/www.turismoaguarda.es\/wp-content\/uploads\/2019\/08\/NP-01082019-A-Guarda-da-a-benvida-ao-mes-de-agosto-cunha-ampla-programaci\u00f3n-cultural-deportiva-e-festiva-1.jpg","type":"image\/jpeg"}],"author":"Prensa A Guarda","twitter_card":"summary_large_image","twitter_creator":"@TurismoAGuarda","twitter_site":"@TurismoAGuarda","twitter_misc":{"Written by":"Prensa A Guarda","Est. reading time":"6 minutes"},"schema":{"@context":"https:\/\/schema.org","@graph":[{"@type":"Article","@id":"https:\/\/www.turismoaguarda.es\/a-guarda-da-la-bienvenida-al-mes-de-agosto-con-una-amplia-programacion-cultural-deportiva-y-festiva\/#article","isPartOf":{"@id":"https:\/\/www.turismoaguarda.es\/a-guarda-da-la-bienvenida-al-mes-de-agosto-con-una-amplia-programacion-cultural-deportiva-y-festiva\/"},"author":{"name":"Prensa A Guarda","@id":"https:\/\/www.turismoaguarda.es\/#\/schema\/person\/a8b0c27ad7bcbb6c19799e934727508e"},"headline":"A Guarda da la bienvenida al mes de agosto con una amplia programaci\u00f3n cultural, deportiva y festiva","datePublished":"2019-08-01T09:19:26+00:00","dateModified":"2019-08-01T16:41:36+00:00","mainEntityOfPage":{"@id":"https:\/\/www.turismoaguarda.es\/a-guarda-da-la-bienvenida-al-mes-de-agosto-con-una-amplia-programacion-cultural-deportiva-y-festiva\/"},"wordCount":1311,"commentCount":0,"image":{"@id":"https:\/\/www.turismoaguarda.es\/a-guarda-da-la-bienvenida-al-mes-de-agosto-con-una-amplia-programacion-cultural-deportiva-y-festiva\/#primaryimage"},"thumbnailUrl":"https:\/\/www.turismoaguarda.es\/wp-content\/uploads\/2019\/08\/NP-01082019-A-Guarda-da-a-benvida-ao-mes-de-agosto-cunha-ampla-programaci\u00f3n-cultural-deportiva-e-festiva-1.jpg","keywords":["A Guarda","deporte","fin de semana","Programaci\u00f3n","turismo"],"articleSection":["Noticias Turismo"],"inLanguage":"en-US","potentialAction":[{"@type":"CommentAction","name":"Comment","target":["https:\/\/www.turismoaguarda.es\/a-guarda-da-la-bienvenida-al-mes-de-agosto-con-una-amplia-programacion-cultural-deportiva-y-festiva\/#respond"]}]},{"@type":"WebPage","@id":"https:\/\/www.turismoaguarda.es\/a-guarda-da-la-bienvenida-al-mes-de-agosto-con-una-amplia-programacion-cultural-deportiva-y-festiva\/","url":"https:\/\/www.turismoaguarda.es\/a-guarda-da-la-bienvenida-al-mes-de-agosto-con-una-amplia-programacion-cultural-deportiva-y-festiva\/","name":"A Guarda da la bienvenida al mes de agosto con una amplia programaci\u00f3n cultural, deportiva y festiva | Turismo A Guarda","isPartOf":{"@id":"https:\/\/www.turismoaguarda.es\/#website"},"primaryImageOfPage":{"@id":"https:\/\/www.turismoaguarda.es\/a-guarda-da-la-bienvenida-al-mes-de-agosto-con-una-amplia-programacion-cultural-deportiva-y-festiva\/#primaryimage"},"image":{"@id":"https:\/\/www.turismoaguarda.es\/a-guarda-da-la-bienvenida-al-mes-de-agosto-con-una-amplia-programacion-cultural-deportiva-y-festiva\/#primaryimage"},"thumbnailUrl":"https:\/\/www.turismoaguarda.es\/wp-content\/uploads\/2019\/08\/NP-01082019-A-Guarda-da-a-benvida-ao-mes-de-agosto-cunha-ampla-programaci\u00f3n-cultural-deportiva-e-festiva-1.jpg","datePublished":"2019-08-01T09:19:26+00:00","dateModified":"2019-08-01T16:41:36+00:00","author":{"@id":"https:\/\/www.turismoaguarda.es\/#\/schema\/person\/a8b0c27ad7bcbb6c19799e934727508e"},"breadcrumb":{"@id":"https:\/\/www.turismoaguarda.es\/a-guarda-da-la-bienvenida-al-mes-de-agosto-con-una-amplia-programacion-cultural-deportiva-y-festiva\/#breadcrumb"},"inLanguage":"en-US","potentialAction":[{"@type":"ReadAction","target":["https:\/\/www.turismoaguarda.es\/a-guarda-da-la-bienvenida-al-mes-de-agosto-con-una-amplia-programacion-cultural-deportiva-y-festiva\/"]}]},{"@type":"ImageObject","inLanguage":"en-US","@id":"https:\/\/www.turismoaguarda.es\/a-guarda-da-la-bienvenida-al-mes-de-agosto-con-una-amplia-programacion-cultural-deportiva-y-festiva\/#primaryimage","url":"https:\/\/www.turismoaguarda.es\/wp-content\/uploads\/2019\/08\/NP-01082019-A-Guarda-da-a-benvida-ao-mes-de-agosto-cunha-ampla-programaci\u00f3n-cultural-deportiva-e-festiva-1.jpg","contentUrl":"https:\/\/www.turismoaguarda.es\/wp-content\/uploads\/2019\/08\/NP-01082019-A-Guarda-da-a-benvida-ao-mes-de-agosto-cunha-ampla-programaci\u00f3n-cultural-deportiva-e-festiva-1.jpg","width":800,"height":800},{"@type":"BreadcrumbList","@id":"https:\/\/www.turismoaguarda.es\/a-guarda-da-la-bienvenida-al-mes-de-agosto-con-una-amplia-programacion-cultural-deportiva-y-festiva\/#breadcrumb","itemListElement":[{"@type":"ListItem","position":1,"name":"Portada","item":"https:\/\/www.turismoaguarda.es\/en\/"},{"@type":"ListItem","position":2,"name":"A Guarda da la bienvenida al mes de agosto con una amplia programaci\u00f3n cultural, deportiva y festiva"}]},{"@type":"WebSite","@id":"https:\/\/www.turismoaguarda.es\/#website","url":"https:\/\/www.turismoaguarda.es\/","name":"Turismo A Guarda","description":"Informaci\u00f3n tur\u00edstica de A Guarda y alrededores.","potentialAction":[{"@type":"SearchAction","target":{"@type":"EntryPoint","urlTemplate":"https:\/\/www.turismoaguarda.es\/?s={search_term_string}"},"query-input":{"@type":"PropertyValueSpecification","valueRequired":true,"valueName":"search_term_string"}}],"inLanguage":"en-US"},{"@type":"Person","@id":"https:\/\/www.turismoaguarda.es\/#\/schema\/person\/a8b0c27ad7bcbb6c19799e934727508e","name":"Prensa A Guarda","image":{"@type":"ImageObject","inLanguage":"en-US","@id":"https:\/\/secure.gravatar.com\/avatar\/387e117f874ba5d0a3439060b45d914395d77287b2e4890a49d1599fc3ef9189?s=96&d=mm&r=g","url":"https:\/\/secure.gravatar.com\/avatar\/387e117f874ba5d0a3439060b45d914395d77287b2e4890a49d1599fc3ef9189?s=96&d=mm&r=g","contentUrl":"https:\/\/secure.gravatar.com\/avatar\/387e117f874ba5d0a3439060b45d914395d77287b2e4890a49d1599fc3ef9189?s=96&d=mm&r=g","caption":"Prensa A Guarda"},"url":"https:\/\/www.turismoaguarda.es\/en\/author\/prensa\/"}]}},"_links":{"self":[{"href":"https:\/\/www.turismoaguarda.es\/en\/wp-json\/wp\/v2\/posts\/11840","targetHints":{"allow":["GET"]}}],"collection":[{"href":"https:\/\/www.turismoaguarda.es\/en\/wp-json\/wp\/v2\/posts"}],"about":[{"href":"https:\/\/www.turismoaguarda.es\/en\/wp-json\/wp\/v2\/types\/post"}],"author":[{"embeddable":true,"href":"https:\/\/www.turismoaguarda.es\/en\/wp-json\/wp\/v2\/users\/11"}],"replies":[{"embeddable":true,"href":"https:\/\/www.turismoaguarda.es\/en\/wp-json\/wp\/v2\/comments?post=11840"}],"version-history":[{"count":2,"href":"https:\/\/www.turismoaguarda.es\/en\/wp-json\/wp\/v2\/posts\/11840\/revisions"}],"predecessor-version":[{"id":11846,"href":"https:\/\/www.turismoaguarda.es\/en\/wp-json\/wp\/v2\/posts\/11840\/revisions\/11846"}],"wp:featuredmedia":[{"embeddable":true,"href":"https:\/\/www.turismoaguarda.es\/en\/wp-json\/wp\/v2\/media\/11841"}],"wp:attachment":[{"href":"https:\/\/www.turismoaguarda.es\/en\/wp-json\/wp\/v2\/media?parent=11840"}],"wp:term":[{"taxonomy":"category","embeddable":true,"href":"https:\/\/www.turismoaguarda.es\/en\/wp-json\/wp\/v2\/categories?post=11840"},{"taxonomy":"post_tag","embeddable":true,"href":"https:\/\/www.turismoaguarda.es\/en\/wp-json\/wp\/v2\/tags?post=11840"}],"curies":[{"name":"wp","href":"https:\/\/api.w.org\/{rel}","templated":true}]}}