{"id":11510,"date":"2019-07-18T13:28:51","date_gmt":"2019-07-18T11:28:51","guid":{"rendered":"http:\/\/www.turismoaguarda.es\/?p=11510"},"modified":"2019-07-18T13:28:51","modified_gmt":"2019-07-18T11:28:51","slug":"noites-no-castelo-es-la-cita-obligada-para-este-fin-de-semana-en-a-guarda","status":"publish","type":"post","link":"https:\/\/www.turismoaguarda.es\/en\/noites-no-castelo-es-la-cita-obligada-para-este-fin-de-semana-en-a-guarda\/","title":{"rendered":"\u00abNoites no Castelo\u00bb es la cita obligada para este fin de semana en A Guarda"},"content":{"rendered":"<p style=\"text-align: justify;\">Este fin de semana A Guarda contar\u00e1 en su programaci\u00f3n con una de las citas musicales de mayor importancia, el evento \u00abNoites no Castelo\u00bb, que tendr\u00e1 lugar este s\u00e1bado y numerosas actividades deportivas como la III Mostra CD Baixo Mi\u00f1o, La Guardia en Danza, el Torneo 3&#215;3 Vila da Guarda de Baloncesto o el Torneo de F\u00fatbol 7.<\/p>\n<h2 style=\"text-align: center;\"><em><strong>Programaci\u00f3n por d\u00edas<\/strong><\/em><\/h2>\n<p style=\"text-align: justify;\"><strong>VIERNES 19:<\/strong><\/p>\n<p style=\"text-align: justify;\">Este viernes d\u00eda 19 en horario de 10:00h a 13:00h horas de la ma\u00f1ana el Castillo de Santa Cruz acoge un taller gratuito espec\u00edficamente destinado a j\u00f3venes de A Guarda de 12 a\u00f1os en adelante y que tendr\u00e1 como motivo \u00abWATER\u00bb, un taller de experimentaci\u00f3n cient\u00edfica relacionado con el aga.<\/p>\n<p style=\"text-align: justify;\">En la jornada de este viernes contin\u00faan las visitas guiadas para conocer el patrimonio del Monte Santa Trega, a las 11:30h se realizar\u00e1 la visita guiada al Castro de Santa Trega, que tendr\u00e1 como punto de encuentro la vivienda reconstruida del Castro de Santa Trega y que tendr\u00e1 una duraci\u00f3n aproximada de 30 minutos.<\/p>\n<p style=\"text-align: justify;\">A las 12:30h y a las 17:00h tendr\u00e1n lugar dos nuevas visitas guiadas al Monte Santa Trega, con punto de encuentro en el Museo Arqueol\u00f3gico(MASAT) y que tendr\u00e1n una duraci\u00f3n aproximada de 90 minutos.<\/p>\n<p style=\"text-align: justify;\">Estas visitas guiadas son de car\u00e1cter gratuito y sin inscripci\u00f3n previa. Para grupos de m\u00e1s de 10 personas es obligatorio hacer una reserva previa llamando al tel\u00e9fono 986610504.<\/p>\n<p style=\"text-align: justify;\">La tasa de acceso al Monte Santa Trega es de 1\u20ac para adultos y 0,5\u20ac para menores de 14 a\u00f1os.<\/p>\n<p style=\"text-align: justify;\"><strong>S\u00c1BADO 20:<\/strong><\/p>\n<p style=\"text-align: justify;\">Este s\u00e1bado d\u00eda 20 de julio a partir de las 22:00h se celebra una nueva edici\u00f3n de \u00abNoites no Castelo\u00bb, un festival organizado desde la Concejalia de Fiestas y Festejos Populares del Ayuntamiento de A Guarda y que est\u00e1 subvencionado por la Deputaci\u00f3n de Pontevedra, el Fondo Galego de Cooperaci\u00f3n e Solidariedade, la Xunta de Galicia y en colaboraci\u00f3n con la Axencia Galega das Industrias Culturais AGADIC y el Xacobeo 2021.<\/p>\n<p style=\"text-align: justify;\">En esta quinta edici\u00f3n se contar\u00e1 con las actuaciones de los grupos de m\u00fasica Batuko Tabanka y Leil\u00eda, llenando de buena m\u00fasica un a\u00f1o m\u00e1s este emblem\u00e1tico espacio de la villa guardesa, declarado Bien de Inter\u00e9s Cultural(BIC).<\/p>\n<p style=\"text-align: justify;\">El Festival \u00abNoites no Castelo\u00bb se consolida ya como una cita musical ineludible del calendario de verano del Ayuntamiento de A Guarda, pasando por su escenario grupos como Ardent\u00eda, Milladoiro, la Banda Crebinsky, el gaitero Xos\u00e9 Manuel Budi\u00f1o, la cantante Mercedes Pe\u00f3n, la gaitera Susana Seivane o el grupo folk A Roda.<\/p>\n<p style=\"text-align: justify;\">El pr\u00f3ximo s\u00e1bado d\u00eda 20 de julio el Club de Tenis Codesal acoger\u00e1 la 5\u00ba edici\u00f3n del Torneo 3&#215;3 de Baloncesto \u201cVila Da Guarda\u201d, organizado por el Baixo Mi\u00f1o Basket. En esta edici\u00f3n, que se iniciar\u00e1 a las 10:00h, el equipo guard\u00e9s organiza una jornada practicando baloncesto y disfrutando de las instalaciones del club de tenis en las orillas del Rio Mi\u00f1o contando con la participaci\u00f3n de un total de 12 equipos del sur de Pontevedra, jugando la fase final por la tarde.<\/p>\n<p style=\"text-align: justify;\">Tambi\u00e9n este s\u00e1bado el Estadio Municipal de A Sangri\u00f1a acoge el X Torneo de Futbol 7 Vila da Guarda, que arrancar\u00e1 a las 15:30h de la tarde y que continuar\u00e1 en la jornada del domingo.<\/p>\n<p style=\"text-align: justify;\">Este s\u00e1bado contin\u00faan las visitas guiadas para conocer el patrimonio del Monte Santa Trega, a las 11:30h se realizar\u00e1 la visita guiada al Castro de Santa Trega, que tendr\u00e1 como punto de encuentro la vivienda reconstruida del Castro de Santa Trega y que tendr\u00e1 una duraci\u00f3n aproximada de 30 minutos.<\/p>\n<p style=\"text-align: justify;\">A las 12:30h y a las 17:00h tendr\u00e1n lugar dos nuevas visitas guiadas al Monte Santa Trega, con punto de encuentro en el Museo Arqueol\u00f3gico(MASAT) y que tendr\u00e1n una duraci\u00f3n aproximada de 90 minutos.<\/p>\n<p style=\"text-align: justify;\">Estas visitas guiadas son de car\u00e1cter gratuito y sin inscripci\u00f3n previa. Para grupos de m\u00e1s de 10 personas es obligatorio hacer una reserva previa llamando al tel\u00e9fono 986610504.<\/p>\n<p style=\"text-align: justify;\">La tasa de acceso al Monte Santa Trega es de 1\u20ac para adultos y 0,5\u20ac para menores de 14 a\u00f1os.<\/p>\n<p style=\"text-align: justify;\"><strong>DOMINGO 21:<\/strong><\/p>\n<p style=\"text-align: justify;\">Este domingo d\u00eda 21 de julio la Agrupaci\u00f3n Guardesa de Pescadores, Mari\u00f1eiros e Mariscadores non profesionais &#8220;O Buxeiro&#8221; organiza una gran recogida de pl\u00e1sticos en la costa de A Guarda. El punto de reuni\u00f3n ser\u00e1 la Alameda de A Guarda a las 8:00h de la ma\u00f1ana, donde se repartir\u00e1n guantes y bolsas y se explicar\u00e1 como ser\u00e1 el funcionamiento de esta actividad, para la que no es necesaria inscripci\u00f3n previa.<\/p>\n<p style=\"text-align: justify;\">El Estadio Municipal de A Sangri\u00f1a acoge en esta jornada las finales del X Torneo de Futbol 7 Vila da Guarda en horario de ma\u00f1ana.<\/p>\n<p style=\"text-align: justify;\">A partir de las 17:00h de la tarde de este domingo la carpa del Puerto de A Guarda acoge la celebraci\u00f3n de la \u00abFesta do Av\u00f3\u00bb, evento en el que participar\u00e1n la Coral y el Grupo de Gaitas del Club de la Tercera Edad de A Guarda, en un acto que estar\u00e1 presentado por D. Jes\u00fas Garc\u00eda Villad\u00f3niga y en el que se har\u00e1 tambi\u00e9n un homenaje.<\/p>\n","protected":false},"excerpt":{"rendered":"<p>Este fin de semana A Guarda contar\u00e1 en su programaci\u00f3n con una de las citas musicales de mayor importancia, el evento \u00abNoites no Castelo\u00bb, que tendr\u00e1 lugar este s\u00e1bado y numerosas actividades deportivas como la III Mostra CD Baixo Mi\u00f1o, La Guardia en Danza, el Torneo 3&#215;3 Vila da Guarda de Baloncesto o el Torneo<\/p>\n<div class=\"padding-top text-center\"><a href=\"https:\/\/www.turismoaguarda.es\/en\/noites-no-castelo-es-la-cita-obligada-para-este-fin-de-semana-en-a-guarda\/\" class=\"atbtn atbtn--medium atbtn--rounded atbtn--transparent\">Read more<i class=\"atbtn__icon atbtn__icon--right fa fa-long-arrow-right\"><\/i><\/a><\/div>\n","protected":false},"author":11,"featured_media":11511,"comment_status":"open","ping_status":"open","sticky":false,"template":"","format":"standard","meta":{"footnotes":""},"categories":[44],"tags":[169,1575,202,229,893,168],"class_list":["post-11510","post","type-post","status-publish","format-standard","has-post-thumbnail","hentry","category-noticias-turismo","tag-a-guarda","tag-agenda-2","tag-cultura","tag-deporte","tag-fin-de-semana","tag-turismo"],"yoast_head":"<!-- This site is optimized with the Yoast SEO plugin v27.5 - https:\/\/yoast.com\/product\/yoast-seo-wordpress\/ -->\n<title>\u00abNoites no Castelo\u00bb es la cita obligada para este fin de semana en A Guarda | Turismo A Guarda<\/title>\n<meta name=\"robots\" content=\"index, follow, max-snippet:-1, max-image-preview:large, max-video-preview:-1\" \/>\n<link rel=\"canonical\" href=\"https:\/\/www.turismoaguarda.es\/noites-no-castelo-es-la-cita-obligada-para-este-fin-de-semana-en-a-guarda\/\" \/>\n<meta property=\"og:locale\" content=\"en_US\" \/>\n<meta property=\"og:type\" content=\"article\" \/>\n<meta property=\"og:title\" content=\"\u00abNoites no Castelo\u00bb es la cita obligada para este fin de semana en A Guarda | Turismo A Guarda\" \/>\n<meta property=\"og:description\" content=\"Este fin de semana A Guarda contar\u00e1 en su programaci\u00f3n con una de las citas musicales de mayor importancia, el evento \u00abNoites no Castelo\u00bb, que tendr\u00e1 lugar este s\u00e1bado y numerosas actividades deportivas como la III Mostra CD Baixo Mi\u00f1o, La Guardia en Danza, el Torneo 3&#215;3 Vila da Guarda de Baloncesto o el TorneoRead more\" \/>\n<meta property=\"og:url\" content=\"https:\/\/www.turismoaguarda.es\/noites-no-castelo-es-la-cita-obligada-para-este-fin-de-semana-en-a-guarda\/\" \/>\n<meta property=\"og:site_name\" content=\"Turismo A Guarda\" \/>\n<meta property=\"article:publisher\" content=\"https:\/\/es-es.facebook.com\/Turismo-A-Guarda-126223240790625\/\" \/>\n<meta property=\"article:published_time\" content=\"2019-07-18T11:28:51+00:00\" \/>\n<meta property=\"og:image\" content=\"https:\/\/www.turismoaguarda.es\/wp-content\/uploads\/2019\/07\/WEB37.jpg\" \/>\n\t<meta property=\"og:image:width\" content=\"800\" \/>\n\t<meta property=\"og:image:height\" content=\"600\" \/>\n\t<meta property=\"og:image:type\" content=\"image\/jpeg\" \/>\n<meta name=\"author\" content=\"Prensa A Guarda\" \/>\n<meta name=\"twitter:card\" content=\"summary_large_image\" \/>\n<meta name=\"twitter:creator\" content=\"@TurismoAGuarda\" \/>\n<meta name=\"twitter:site\" content=\"@TurismoAGuarda\" \/>\n<meta name=\"twitter:label1\" content=\"Written by\" \/>\n\t<meta name=\"twitter:data1\" content=\"Prensa A Guarda\" \/>\n\t<meta name=\"twitter:label2\" content=\"Est. reading time\" \/>\n\t<meta name=\"twitter:data2\" content=\"4 minutes\" \/>\n<script type=\"application\/ld+json\" class=\"yoast-schema-graph\">{\"@context\":\"https:\\\/\\\/schema.org\",\"@graph\":[{\"@type\":\"Article\",\"@id\":\"https:\\\/\\\/www.turismoaguarda.es\\\/noites-no-castelo-es-la-cita-obligada-para-este-fin-de-semana-en-a-guarda\\\/#article\",\"isPartOf\":{\"@id\":\"https:\\\/\\\/www.turismoaguarda.es\\\/noites-no-castelo-es-la-cita-obligada-para-este-fin-de-semana-en-a-guarda\\\/\"},\"author\":{\"name\":\"Prensa A Guarda\",\"@id\":\"https:\\\/\\\/www.turismoaguarda.es\\\/#\\\/schema\\\/person\\\/a8b0c27ad7bcbb6c19799e934727508e\"},\"headline\":\"\u00abNoites no Castelo\u00bb es la cita obligada para este fin de semana en A Guarda\",\"datePublished\":\"2019-07-18T11:28:51+00:00\",\"mainEntityOfPage\":{\"@id\":\"https:\\\/\\\/www.turismoaguarda.es\\\/noites-no-castelo-es-la-cita-obligada-para-este-fin-de-semana-en-a-guarda\\\/\"},\"wordCount\":897,\"commentCount\":0,\"image\":{\"@id\":\"https:\\\/\\\/www.turismoaguarda.es\\\/noites-no-castelo-es-la-cita-obligada-para-este-fin-de-semana-en-a-guarda\\\/#primaryimage\"},\"thumbnailUrl\":\"https:\\\/\\\/www.turismoaguarda.es\\\/wp-content\\\/uploads\\\/2019\\\/07\\\/WEB37.jpg\",\"keywords\":[\"A Guarda\",\"agenda\",\"cultura\",\"deporte\",\"fin de semana\",\"turismo\"],\"articleSection\":[\"Noticias Turismo\"],\"inLanguage\":\"en-US\",\"potentialAction\":[{\"@type\":\"CommentAction\",\"name\":\"Comment\",\"target\":[\"https:\\\/\\\/www.turismoaguarda.es\\\/noites-no-castelo-es-la-cita-obligada-para-este-fin-de-semana-en-a-guarda\\\/#respond\"]}]},{\"@type\":\"WebPage\",\"@id\":\"https:\\\/\\\/www.turismoaguarda.es\\\/noites-no-castelo-es-la-cita-obligada-para-este-fin-de-semana-en-a-guarda\\\/\",\"url\":\"https:\\\/\\\/www.turismoaguarda.es\\\/noites-no-castelo-es-la-cita-obligada-para-este-fin-de-semana-en-a-guarda\\\/\",\"name\":\"\u00abNoites no Castelo\u00bb es la cita obligada para este fin de semana en A Guarda | Turismo A Guarda\",\"isPartOf\":{\"@id\":\"https:\\\/\\\/www.turismoaguarda.es\\\/#website\"},\"primaryImageOfPage\":{\"@id\":\"https:\\\/\\\/www.turismoaguarda.es\\\/noites-no-castelo-es-la-cita-obligada-para-este-fin-de-semana-en-a-guarda\\\/#primaryimage\"},\"image\":{\"@id\":\"https:\\\/\\\/www.turismoaguarda.es\\\/noites-no-castelo-es-la-cita-obligada-para-este-fin-de-semana-en-a-guarda\\\/#primaryimage\"},\"thumbnailUrl\":\"https:\\\/\\\/www.turismoaguarda.es\\\/wp-content\\\/uploads\\\/2019\\\/07\\\/WEB37.jpg\",\"datePublished\":\"2019-07-18T11:28:51+00:00\",\"author\":{\"@id\":\"https:\\\/\\\/www.turismoaguarda.es\\\/#\\\/schema\\\/person\\\/a8b0c27ad7bcbb6c19799e934727508e\"},\"breadcrumb\":{\"@id\":\"https:\\\/\\\/www.turismoaguarda.es\\\/noites-no-castelo-es-la-cita-obligada-para-este-fin-de-semana-en-a-guarda\\\/#breadcrumb\"},\"inLanguage\":\"en-US\",\"potentialAction\":[{\"@type\":\"ReadAction\",\"target\":[\"https:\\\/\\\/www.turismoaguarda.es\\\/noites-no-castelo-es-la-cita-obligada-para-este-fin-de-semana-en-a-guarda\\\/\"]}]},{\"@type\":\"ImageObject\",\"inLanguage\":\"en-US\",\"@id\":\"https:\\\/\\\/www.turismoaguarda.es\\\/noites-no-castelo-es-la-cita-obligada-para-este-fin-de-semana-en-a-guarda\\\/#primaryimage\",\"url\":\"https:\\\/\\\/www.turismoaguarda.es\\\/wp-content\\\/uploads\\\/2019\\\/07\\\/WEB37.jpg\",\"contentUrl\":\"https:\\\/\\\/www.turismoaguarda.es\\\/wp-content\\\/uploads\\\/2019\\\/07\\\/WEB37.jpg\",\"width\":800,\"height\":600},{\"@type\":\"BreadcrumbList\",\"@id\":\"https:\\\/\\\/www.turismoaguarda.es\\\/noites-no-castelo-es-la-cita-obligada-para-este-fin-de-semana-en-a-guarda\\\/#breadcrumb\",\"itemListElement\":[{\"@type\":\"ListItem\",\"position\":1,\"name\":\"Portada\",\"item\":\"https:\\\/\\\/www.turismoaguarda.es\\\/en\\\/\"},{\"@type\":\"ListItem\",\"position\":2,\"name\":\"\u00abNoites no Castelo\u00bb es la cita obligada para este fin de semana en A Guarda\"}]},{\"@type\":\"WebSite\",\"@id\":\"https:\\\/\\\/www.turismoaguarda.es\\\/#website\",\"url\":\"https:\\\/\\\/www.turismoaguarda.es\\\/\",\"name\":\"Turismo A Guarda\",\"description\":\"Informaci\u00f3n tur\u00edstica de A Guarda y alrededores.\",\"potentialAction\":[{\"@type\":\"SearchAction\",\"target\":{\"@type\":\"EntryPoint\",\"urlTemplate\":\"https:\\\/\\\/www.turismoaguarda.es\\\/?s={search_term_string}\"},\"query-input\":{\"@type\":\"PropertyValueSpecification\",\"valueRequired\":true,\"valueName\":\"search_term_string\"}}],\"inLanguage\":\"en-US\"},{\"@type\":\"Person\",\"@id\":\"https:\\\/\\\/www.turismoaguarda.es\\\/#\\\/schema\\\/person\\\/a8b0c27ad7bcbb6c19799e934727508e\",\"name\":\"Prensa A Guarda\",\"image\":{\"@type\":\"ImageObject\",\"inLanguage\":\"en-US\",\"@id\":\"https:\\\/\\\/secure.gravatar.com\\\/avatar\\\/387e117f874ba5d0a3439060b45d914395d77287b2e4890a49d1599fc3ef9189?s=96&d=mm&r=g\",\"url\":\"https:\\\/\\\/secure.gravatar.com\\\/avatar\\\/387e117f874ba5d0a3439060b45d914395d77287b2e4890a49d1599fc3ef9189?s=96&d=mm&r=g\",\"contentUrl\":\"https:\\\/\\\/secure.gravatar.com\\\/avatar\\\/387e117f874ba5d0a3439060b45d914395d77287b2e4890a49d1599fc3ef9189?s=96&d=mm&r=g\",\"caption\":\"Prensa A Guarda\"},\"url\":\"https:\\\/\\\/www.turismoaguarda.es\\\/en\\\/author\\\/prensa\\\/\"}]}<\/script>\n<!-- \/ Yoast SEO plugin. -->","yoast_head_json":{"title":"\u00abNoites no Castelo\u00bb es la cita obligada para este fin de semana en A Guarda | Turismo A Guarda","robots":{"index":"index","follow":"follow","max-snippet":"max-snippet:-1","max-image-preview":"max-image-preview:large","max-video-preview":"max-video-preview:-1"},"canonical":"https:\/\/www.turismoaguarda.es\/noites-no-castelo-es-la-cita-obligada-para-este-fin-de-semana-en-a-guarda\/","og_locale":"en_US","og_type":"article","og_title":"\u00abNoites no Castelo\u00bb es la cita obligada para este fin de semana en A Guarda | Turismo A Guarda","og_description":"Este fin de semana A Guarda contar\u00e1 en su programaci\u00f3n con una de las citas musicales de mayor importancia, el evento \u00abNoites no Castelo\u00bb, que tendr\u00e1 lugar este s\u00e1bado y numerosas actividades deportivas como la III Mostra CD Baixo Mi\u00f1o, La Guardia en Danza, el Torneo 3&#215;3 Vila da Guarda de Baloncesto o el TorneoRead more","og_url":"https:\/\/www.turismoaguarda.es\/noites-no-castelo-es-la-cita-obligada-para-este-fin-de-semana-en-a-guarda\/","og_site_name":"Turismo A Guarda","article_publisher":"https:\/\/es-es.facebook.com\/Turismo-A-Guarda-126223240790625\/","article_published_time":"2019-07-18T11:28:51+00:00","og_image":[{"width":800,"height":600,"url":"https:\/\/www.turismoaguarda.es\/wp-content\/uploads\/2019\/07\/WEB37.jpg","type":"image\/jpeg"}],"author":"Prensa A Guarda","twitter_card":"summary_large_image","twitter_creator":"@TurismoAGuarda","twitter_site":"@TurismoAGuarda","twitter_misc":{"Written by":"Prensa A Guarda","Est. reading time":"4 minutes"},"schema":{"@context":"https:\/\/schema.org","@graph":[{"@type":"Article","@id":"https:\/\/www.turismoaguarda.es\/noites-no-castelo-es-la-cita-obligada-para-este-fin-de-semana-en-a-guarda\/#article","isPartOf":{"@id":"https:\/\/www.turismoaguarda.es\/noites-no-castelo-es-la-cita-obligada-para-este-fin-de-semana-en-a-guarda\/"},"author":{"name":"Prensa A Guarda","@id":"https:\/\/www.turismoaguarda.es\/#\/schema\/person\/a8b0c27ad7bcbb6c19799e934727508e"},"headline":"\u00abNoites no Castelo\u00bb es la cita obligada para este fin de semana en A Guarda","datePublished":"2019-07-18T11:28:51+00:00","mainEntityOfPage":{"@id":"https:\/\/www.turismoaguarda.es\/noites-no-castelo-es-la-cita-obligada-para-este-fin-de-semana-en-a-guarda\/"},"wordCount":897,"commentCount":0,"image":{"@id":"https:\/\/www.turismoaguarda.es\/noites-no-castelo-es-la-cita-obligada-para-este-fin-de-semana-en-a-guarda\/#primaryimage"},"thumbnailUrl":"https:\/\/www.turismoaguarda.es\/wp-content\/uploads\/2019\/07\/WEB37.jpg","keywords":["A Guarda","agenda","cultura","deporte","fin de semana","turismo"],"articleSection":["Noticias Turismo"],"inLanguage":"en-US","potentialAction":[{"@type":"CommentAction","name":"Comment","target":["https:\/\/www.turismoaguarda.es\/noites-no-castelo-es-la-cita-obligada-para-este-fin-de-semana-en-a-guarda\/#respond"]}]},{"@type":"WebPage","@id":"https:\/\/www.turismoaguarda.es\/noites-no-castelo-es-la-cita-obligada-para-este-fin-de-semana-en-a-guarda\/","url":"https:\/\/www.turismoaguarda.es\/noites-no-castelo-es-la-cita-obligada-para-este-fin-de-semana-en-a-guarda\/","name":"\u00abNoites no Castelo\u00bb es la cita obligada para este fin de semana en A Guarda | Turismo A Guarda","isPartOf":{"@id":"https:\/\/www.turismoaguarda.es\/#website"},"primaryImageOfPage":{"@id":"https:\/\/www.turismoaguarda.es\/noites-no-castelo-es-la-cita-obligada-para-este-fin-de-semana-en-a-guarda\/#primaryimage"},"image":{"@id":"https:\/\/www.turismoaguarda.es\/noites-no-castelo-es-la-cita-obligada-para-este-fin-de-semana-en-a-guarda\/#primaryimage"},"thumbnailUrl":"https:\/\/www.turismoaguarda.es\/wp-content\/uploads\/2019\/07\/WEB37.jpg","datePublished":"2019-07-18T11:28:51+00:00","author":{"@id":"https:\/\/www.turismoaguarda.es\/#\/schema\/person\/a8b0c27ad7bcbb6c19799e934727508e"},"breadcrumb":{"@id":"https:\/\/www.turismoaguarda.es\/noites-no-castelo-es-la-cita-obligada-para-este-fin-de-semana-en-a-guarda\/#breadcrumb"},"inLanguage":"en-US","potentialAction":[{"@type":"ReadAction","target":["https:\/\/www.turismoaguarda.es\/noites-no-castelo-es-la-cita-obligada-para-este-fin-de-semana-en-a-guarda\/"]}]},{"@type":"ImageObject","inLanguage":"en-US","@id":"https:\/\/www.turismoaguarda.es\/noites-no-castelo-es-la-cita-obligada-para-este-fin-de-semana-en-a-guarda\/#primaryimage","url":"https:\/\/www.turismoaguarda.es\/wp-content\/uploads\/2019\/07\/WEB37.jpg","contentUrl":"https:\/\/www.turismoaguarda.es\/wp-content\/uploads\/2019\/07\/WEB37.jpg","width":800,"height":600},{"@type":"BreadcrumbList","@id":"https:\/\/www.turismoaguarda.es\/noites-no-castelo-es-la-cita-obligada-para-este-fin-de-semana-en-a-guarda\/#breadcrumb","itemListElement":[{"@type":"ListItem","position":1,"name":"Portada","item":"https:\/\/www.turismoaguarda.es\/en\/"},{"@type":"ListItem","position":2,"name":"\u00abNoites no Castelo\u00bb es la cita obligada para este fin de semana en A Guarda"}]},{"@type":"WebSite","@id":"https:\/\/www.turismoaguarda.es\/#website","url":"https:\/\/www.turismoaguarda.es\/","name":"Turismo A Guarda","description":"Informaci\u00f3n tur\u00edstica de A Guarda y alrededores.","potentialAction":[{"@type":"SearchAction","target":{"@type":"EntryPoint","urlTemplate":"https:\/\/www.turismoaguarda.es\/?s={search_term_string}"},"query-input":{"@type":"PropertyValueSpecification","valueRequired":true,"valueName":"search_term_string"}}],"inLanguage":"en-US"},{"@type":"Person","@id":"https:\/\/www.turismoaguarda.es\/#\/schema\/person\/a8b0c27ad7bcbb6c19799e934727508e","name":"Prensa A Guarda","image":{"@type":"ImageObject","inLanguage":"en-US","@id":"https:\/\/secure.gravatar.com\/avatar\/387e117f874ba5d0a3439060b45d914395d77287b2e4890a49d1599fc3ef9189?s=96&d=mm&r=g","url":"https:\/\/secure.gravatar.com\/avatar\/387e117f874ba5d0a3439060b45d914395d77287b2e4890a49d1599fc3ef9189?s=96&d=mm&r=g","contentUrl":"https:\/\/secure.gravatar.com\/avatar\/387e117f874ba5d0a3439060b45d914395d77287b2e4890a49d1599fc3ef9189?s=96&d=mm&r=g","caption":"Prensa A Guarda"},"url":"https:\/\/www.turismoaguarda.es\/en\/author\/prensa\/"}]}},"_links":{"self":[{"href":"https:\/\/www.turismoaguarda.es\/en\/wp-json\/wp\/v2\/posts\/11510","targetHints":{"allow":["GET"]}}],"collection":[{"href":"https:\/\/www.turismoaguarda.es\/en\/wp-json\/wp\/v2\/posts"}],"about":[{"href":"https:\/\/www.turismoaguarda.es\/en\/wp-json\/wp\/v2\/types\/post"}],"author":[{"embeddable":true,"href":"https:\/\/www.turismoaguarda.es\/en\/wp-json\/wp\/v2\/users\/11"}],"replies":[{"embeddable":true,"href":"https:\/\/www.turismoaguarda.es\/en\/wp-json\/wp\/v2\/comments?post=11510"}],"version-history":[{"count":1,"href":"https:\/\/www.turismoaguarda.es\/en\/wp-json\/wp\/v2\/posts\/11510\/revisions"}],"predecessor-version":[{"id":11514,"href":"https:\/\/www.turismoaguarda.es\/en\/wp-json\/wp\/v2\/posts\/11510\/revisions\/11514"}],"wp:featuredmedia":[{"embeddable":true,"href":"https:\/\/www.turismoaguarda.es\/en\/wp-json\/wp\/v2\/media\/11511"}],"wp:attachment":[{"href":"https:\/\/www.turismoaguarda.es\/en\/wp-json\/wp\/v2\/media?parent=11510"}],"wp:term":[{"taxonomy":"category","embeddable":true,"href":"https:\/\/www.turismoaguarda.es\/en\/wp-json\/wp\/v2\/categories?post=11510"},{"taxonomy":"post_tag","embeddable":true,"href":"https:\/\/www.turismoaguarda.es\/en\/wp-json\/wp\/v2\/tags?post=11510"}],"curies":[{"name":"wp","href":"https:\/\/api.w.org\/{rel}","templated":true}]}}