{"id":10965,"date":"2019-06-14T19:13:25","date_gmt":"2019-06-14T17:13:25","guid":{"rendered":"http:\/\/www.turismoaguarda.es\/?p=10965"},"modified":"2019-06-14T19:26:31","modified_gmt":"2019-06-14T17:26:31","slug":"a-langosta-moncho-borrajo-e-luis-zahera-os-pratos-fortes-da-festa-da-langosta-e-da-cocina-marineira","status":"publish","type":"post","link":"https:\/\/www.turismoaguarda.es\/en\/a-langosta-moncho-borrajo-e-luis-zahera-os-pratos-fortes-da-festa-da-langosta-e-da-cocina-marineira\/","title":{"rendered":"La langosta, Moncho Borrajo y Luis Zahera los platos fuertes de la \u201cFesta da Langosta e da Coci\u00f1a Mari\u00f1eira\u201d"},"content":{"rendered":"<p class=\"western\" lang=\"es-ES\" align=\"justify\"><span style=\"font-family: Trebuchet MS, sans-serif;\"><span style=\"font-size: small;\">La <i>Festa da Langosta e da Coci\u00f1a Mari\u00f1eira<\/i> llega a su XXIX edici\u00f3n con una destacada programaci\u00f3n donde los humoristas y la m\u00fasica de fusi\u00f3n ser\u00e1n los protagonistas junto con la reina de la fiesta, la langosta.<\/span><\/span><\/p>\n<p class=\"western\" lang=\"es-ES\" align=\"justify\"><span style=\"font-family: Trebuchet MS, sans-serif;\"><span style=\"font-size: small;\">Los d\u00edas 5, 6 y 7 de julio el puerto de A Guarda ser\u00e1 el escenario de la fiesta gastron\u00f3mica de referencia. Los restaurantes ofrecer\u00e1n la langosta acompa\u00f1ada de unos 20 platos marineros sin olvidarse de los dulces t\u00edpicos y del vino Denominaci\u00f3n de Origen de O Rosal.<\/span><\/span><\/p>\n<p class=\"western\" lang=\"es-ES\" align=\"justify\"><span style=\"font-size: small;\"><span style=\"font-family: Trebuchet MS, sans-serif;\"><b>MONCHO BORRAJO<\/b><\/span><span style=\"font-family: Trebuchet MS, sans-serif;\"> ser\u00e1 <\/span><span style=\"font-family: Trebuchet MS, sans-serif;\">el<\/span><span style=\"font-family: Trebuchet MS, sans-serif;\"> prego<\/span><span style=\"font-family: Trebuchet MS, sans-serif;\">ne<\/span><span style=\"font-family: Trebuchet MS, sans-serif;\">ro de <\/span><span style=\"font-family: Trebuchet MS, sans-serif;\">e<\/span><span style=\"font-family: Trebuchet MS, sans-serif;\">sta edici\u00f3n que arrancar\u00e1 <\/span><span style=\"font-family: Trebuchet MS, sans-serif;\">el viernes a las<\/span><span style=\"font-family: Trebuchet MS, sans-serif;\"> 21.00h <\/span><span style=\"font-family: Trebuchet MS, sans-serif;\">en la<\/span><span style=\"font-family: Trebuchet MS, sans-serif;\"> Praza do Rel\u00f3. <\/span><span style=\"font-family: Trebuchet MS, sans-serif;\">El<\/span><span style=\"font-family: Trebuchet MS, sans-serif;\"> actor, humorista <\/span><span style=\"font-family: Trebuchet MS, sans-serif;\">y<\/span><span style=\"font-family: Trebuchet MS, sans-serif;\"> showman ga<\/span><span style=\"font-family: Trebuchet MS, sans-serif;\">l<\/span><span style=\"font-family: Trebuchet MS, sans-serif;\">lego <\/span><span style=\"font-family: Trebuchet MS, sans-serif;\">ll<\/span><span style=\"font-family: Trebuchet MS, sans-serif;\">eva cas<\/span><span style=\"font-family: Trebuchet MS, sans-serif;\">i<\/span><span style=\"font-family: Trebuchet MS, sans-serif;\"> 50 a<\/span><span style=\"font-family: Trebuchet MS, sans-serif;\">\u00f1<\/span><span style=\"font-family: Trebuchet MS, sans-serif;\">os <\/span><span style=\"font-family: Trebuchet MS, sans-serif;\">haciendo <\/span><span style=\"font-family: Trebuchet MS, sans-serif;\">re\u00edr<\/span><span style=\"font-family: Trebuchet MS, sans-serif;\"> en los <\/span><span style=\"font-family: Trebuchet MS, sans-serif;\">escenarios naciona<\/span><span style=\"font-family: Trebuchet MS, sans-serif;\">le<\/span><span style=\"font-family: Trebuchet MS, sans-serif;\">s tam<\/span><span style=\"font-family: Trebuchet MS, sans-serif;\">bi\u00e9n<\/span><span style=\"font-family: Trebuchet MS, sans-serif;\"> presentar\u00e1 <\/span><span style=\"font-family: Trebuchet MS, sans-serif;\">su e<\/span><span style=\"font-family: Trebuchet MS, sans-serif;\">spect\u00e1culo \u201cBorrajo Perdido\u201d <\/span><span style=\"font-family: Trebuchet MS, sans-serif;\">en la<\/span><span style=\"font-family: Trebuchet MS, sans-serif;\"> carpa tra<\/span><span style=\"font-family: Trebuchet MS, sans-serif;\">s <\/span><span style=\"font-family: Trebuchet MS, sans-serif;\">la apertura d<\/span><span style=\"font-family: Trebuchet MS, sans-serif;\">e l<\/span><span style=\"font-family: Trebuchet MS, sans-serif;\">a carpa. <\/span><\/span><\/p>\n<p class=\"western\" lang=\"es-ES\" align=\"justify\"><span style=\"font-size: small;\"><span style=\"color: #000000;\"><span style=\"font-family: Trebuchet MS, sans-serif;\"><span lang=\"es-ES\">El<\/span><\/span><\/span><span style=\"color: #000000;\"><span style=\"font-family: Trebuchet MS, sans-serif;\"><span lang=\"es-ES\"> s\u00e1bado ser\u00e1 <\/span><\/span><\/span><span style=\"color: #000000;\"><span style=\"font-family: Trebuchet MS, sans-serif;\"><span lang=\"es-ES\">l<\/span><\/span><\/span><span style=\"color: #000000;\"><span style=\"font-family: Trebuchet MS, sans-serif;\"><span lang=\"es-ES\">a cita para <\/span><\/span><\/span><strong><span style=\"color: #000000;\"><span style=\"font-family: Trebuchet MS, sans-serif;\"><span lang=\"es-ES\">LUIS ZAHERA<\/span><\/span><\/span><\/strong><span style=\"color: #000000;\"><span style=\"font-family: Trebuchet MS, sans-serif;\"><span lang=\"es-ES\"><strong>,<\/strong> reco<\/span><\/span><\/span><span style=\"color: #000000;\"><span style=\"font-family: Trebuchet MS, sans-serif;\"><span lang=\"es-ES\">no<\/span><\/span><\/span><span style=\"color: #000000;\"><span style=\"font-family: Trebuchet MS, sans-serif;\"><span lang=\"es-ES\">cido actor ga<\/span><\/span><\/span><span style=\"color: #000000;\"><span style=\"font-family: Trebuchet MS, sans-serif;\"><span lang=\"es-ES\">l<\/span><\/span><\/span><span style=\"color: #000000;\"><span style=\"font-family: Trebuchet MS, sans-serif;\"><span lang=\"es-ES\">lego que f<\/span><\/span><\/span><span style=\"color: #000000;\"><span style=\"font-family: Trebuchet MS, sans-serif;\"><span lang=\"es-ES\">ue<\/span><\/span><\/span><span style=\"color: #000000;\"><span style=\"font-family: Trebuchet MS, sans-serif;\"><span lang=\"es-ES\"> premiado este a<\/span><\/span><\/span><span style=\"color: #000000;\"><span style=\"font-family: Trebuchet MS, sans-serif;\"><span lang=\"es-ES\">\u00f1<\/span><\/span><\/span><span style=\"color: #000000;\"><span style=\"font-family: Trebuchet MS, sans-serif;\"><span lang=\"es-ES\">o co<\/span><\/span><\/span><span style=\"color: #000000;\"><span style=\"font-family: Trebuchet MS, sans-serif;\"><span lang=\"es-ES\">n el<\/span><\/span><\/span><span style=\"color: #000000;\"><span style=\"font-family: Trebuchet MS, sans-serif;\"><span lang=\"es-ES\"> Goya a<\/span><\/span><\/span><span style=\"color: #000000;\"><span style=\"font-family: Trebuchet MS, sans-serif;\"><span lang=\"es-ES\">l<\/span><\/span><\/span><span style=\"color: #000000;\"><span style=\"font-family: Trebuchet MS, sans-serif;\"><span lang=\"es-ES\"> Me<\/span><\/span><\/span><span style=\"color: #000000;\"><span style=\"font-family: Trebuchet MS, sans-serif;\"><span lang=\"es-ES\">j<\/span><\/span><\/span><span style=\"color: #000000;\"><span style=\"font-family: Trebuchet MS, sans-serif;\"><span lang=\"es-ES\">or actor de reparto. <\/span><\/span><\/span><span style=\"color: #000000;\"><span style=\"font-family: Trebuchet MS, sans-serif;\"><span lang=\"es-ES\">El<\/span><\/span><\/span><span style=\"color: #000000;\"><span style=\"font-family: Trebuchet MS, sans-serif;\"><span lang=\"es-ES\"> actor ofrecer\u00e1 <\/span><\/span><\/span><span style=\"color: #000000;\"><span style=\"font-family: Trebuchet MS, sans-serif;\"><span lang=\"es-ES\">s<\/span><\/span><\/span><span style=\"color: #000000;\"><span style=\"font-family: Trebuchet MS, sans-serif;\"><span lang=\"es-ES\">u espect\u00e1culo <\/span><\/span><\/span><span style=\"color: #000000;\"><span style=\"font-family: Trebuchet MS, sans-serif;\"><span lang=\"es-ES\">\u201cCHUNGO\u201d<\/span><\/span><\/span> <span style=\"color: #000000;\"><span style=\"font-family: Trebuchet MS, sans-serif;\"><span lang=\"es-ES\">y<\/span><\/span><\/span><span style=\"color: #000000;\"><span style=\"font-family: Trebuchet MS, sans-serif;\"><span lang=\"es-ES\">a que ofrece <\/span><\/span><\/span><span style=\"color: #000000;\"><span style=\"font-family: Trebuchet MS, sans-serif;\"><span lang=\"es-ES\">su<\/span><\/span><\/span><span style=\"color: #000000;\"><span style=\"font-family: Trebuchet MS, sans-serif;\"><span lang=\"es-ES\">s vivencias vita<\/span><\/span><\/span><span style=\"color: #000000;\"><span style=\"font-family: Trebuchet MS, sans-serif;\"><span lang=\"es-ES\">le<\/span><\/span><\/span><span style=\"color: #000000;\"><span style=\"font-family: Trebuchet MS, sans-serif;\"><span lang=\"es-ES\">s que <\/span><\/span><\/span><span style=\"color: #000000;\"><span style=\"font-family: Trebuchet MS, sans-serif;\"><span lang=\"es-ES\">lo ll<\/span><\/span><\/span><span style=\"color: #000000;\"><span style=\"font-family: Trebuchet MS, sans-serif;\"><span lang=\"es-ES\">evaron a interpretar pape<\/span><\/span><\/span><span style=\"color: #000000;\"><span style=\"font-family: Trebuchet MS, sans-serif;\"><span lang=\"es-ES\">le<\/span><\/span><\/span><span style=\"color: #000000;\"><span style=\"font-family: Trebuchet MS, sans-serif;\"><span lang=\"es-ES\">s raros o de poco listo<\/span><\/span><\/span><span style=\"color: #000000;\"><span style=\"font-family: Trebuchet MS, sans-serif;\"><span lang=\"es-ES\">.<\/span><\/span><\/span><\/span><\/p>\n","protected":false},"excerpt":{"rendered":"<p>La Festa da Langosta e da Coci\u00f1a Mari\u00f1eira llega a su XXIX edici\u00f3n con una destacada programaci\u00f3n donde los humoristas y la m\u00fasica de fusi\u00f3n ser\u00e1n los protagonistas junto con la reina de la fiesta, la langosta. Los d\u00edas 5, 6 y 7 de julio el puerto de A Guarda ser\u00e1 el escenario de la<\/p>\n<div class=\"padding-top text-center\"><a href=\"https:\/\/www.turismoaguarda.es\/en\/a-langosta-moncho-borrajo-e-luis-zahera-os-pratos-fortes-da-festa-da-langosta-e-da-cocina-marineira\/\" class=\"atbtn atbtn--medium atbtn--rounded atbtn--transparent\">Read more<i class=\"atbtn__icon atbtn__icon--right fa fa-long-arrow-right\"><\/i><\/a><\/div>\n","protected":false},"author":7,"featured_media":10972,"comment_status":"open","ping_status":"open","sticky":false,"template":"","format":"standard","meta":{"footnotes":""},"categories":[44],"tags":[1581,940,1582,1583],"class_list":["post-10965","post","type-post","status-publish","format-standard","has-post-thumbnail","hentry","category-noticias-turismo","tag-festa-da-langosta-festa-da-langosta-e-da-cocina-marineira","tag-langosta","tag-luis-zahera","tag-moncho-borrajo"],"yoast_head":"<!-- This site is optimized with the Yoast SEO plugin v27.5 - https:\/\/yoast.com\/product\/yoast-seo-wordpress\/ -->\n<title>La langosta, Moncho Borrajo y Luis Zahera los platos fuertes de la \u201cFesta da Langosta e da Coci\u00f1a Mari\u00f1eira\u201d | Turismo A Guarda<\/title>\n<meta name=\"robots\" content=\"index, follow, max-snippet:-1, max-image-preview:large, max-video-preview:-1\" \/>\n<link rel=\"canonical\" href=\"https:\/\/www.turismoaguarda.es\/a-langosta-moncho-borrajo-e-luis-zahera-os-pratos-fortes-da-festa-da-langosta-e-da-cocina-marineira\/\" \/>\n<meta property=\"og:locale\" content=\"en_US\" \/>\n<meta property=\"og:type\" content=\"article\" \/>\n<meta property=\"og:title\" content=\"La langosta, Moncho Borrajo y Luis Zahera los platos fuertes de la \u201cFesta da Langosta e da Coci\u00f1a Mari\u00f1eira\u201d | Turismo A Guarda\" \/>\n<meta property=\"og:description\" content=\"La Festa da Langosta e da Coci\u00f1a Mari\u00f1eira llega a su XXIX edici\u00f3n con una destacada programaci\u00f3n donde los humoristas y la m\u00fasica de fusi\u00f3n ser\u00e1n los protagonistas junto con la reina de la fiesta, la langosta. Los d\u00edas 5, 6 y 7 de julio el puerto de A Guarda ser\u00e1 el escenario de laRead more\" \/>\n<meta property=\"og:url\" content=\"https:\/\/www.turismoaguarda.es\/a-langosta-moncho-borrajo-e-luis-zahera-os-pratos-fortes-da-festa-da-langosta-e-da-cocina-marineira\/\" \/>\n<meta property=\"og:site_name\" content=\"Turismo A Guarda\" \/>\n<meta property=\"article:publisher\" content=\"https:\/\/es-es.facebook.com\/Turismo-A-Guarda-126223240790625\/\" \/>\n<meta property=\"article:published_time\" content=\"2019-06-14T17:13:25+00:00\" \/>\n<meta property=\"article:modified_time\" content=\"2019-06-14T17:26:31+00:00\" \/>\n<meta property=\"og:image\" content=\"https:\/\/www.turismoaguarda.es\/wp-content\/uploads\/2019\/06\/CABECERA.png\" \/>\n\t<meta property=\"og:image:width\" content=\"560\" \/>\n\t<meta property=\"og:image:height\" content=\"315\" \/>\n\t<meta property=\"og:image:type\" content=\"image\/png\" \/>\n<meta name=\"author\" content=\"Rosalia Verde\" \/>\n<meta name=\"twitter:card\" content=\"summary_large_image\" \/>\n<meta name=\"twitter:creator\" content=\"@TurismoAGuarda\" \/>\n<meta name=\"twitter:site\" content=\"@TurismoAGuarda\" \/>\n<meta name=\"twitter:label1\" content=\"Written by\" \/>\n\t<meta name=\"twitter:data1\" content=\"Rosalia Verde\" \/>\n\t<meta name=\"twitter:label2\" content=\"Est. reading time\" \/>\n\t<meta name=\"twitter:data2\" content=\"1 minute\" \/>\n<script type=\"application\/ld+json\" class=\"yoast-schema-graph\">{\"@context\":\"https:\\\/\\\/schema.org\",\"@graph\":[{\"@type\":\"Article\",\"@id\":\"https:\\\/\\\/www.turismoaguarda.es\\\/a-langosta-moncho-borrajo-e-luis-zahera-os-pratos-fortes-da-festa-da-langosta-e-da-cocina-marineira\\\/#article\",\"isPartOf\":{\"@id\":\"https:\\\/\\\/www.turismoaguarda.es\\\/a-langosta-moncho-borrajo-e-luis-zahera-os-pratos-fortes-da-festa-da-langosta-e-da-cocina-marineira\\\/\"},\"author\":{\"name\":\"Rosalia Verde\",\"@id\":\"https:\\\/\\\/www.turismoaguarda.es\\\/#\\\/schema\\\/person\\\/9282bb1649316a88a88b0eca34bd959b\"},\"headline\":\"La langosta, Moncho Borrajo y Luis Zahera los platos fuertes de la \u201cFesta da Langosta e da Coci\u00f1a Mari\u00f1eira\u201d\",\"datePublished\":\"2019-06-14T17:13:25+00:00\",\"dateModified\":\"2019-06-14T17:26:31+00:00\",\"mainEntityOfPage\":{\"@id\":\"https:\\\/\\\/www.turismoaguarda.es\\\/a-langosta-moncho-borrajo-e-luis-zahera-os-pratos-fortes-da-festa-da-langosta-e-da-cocina-marineira\\\/\"},\"wordCount\":252,\"commentCount\":0,\"image\":{\"@id\":\"https:\\\/\\\/www.turismoaguarda.es\\\/a-langosta-moncho-borrajo-e-luis-zahera-os-pratos-fortes-da-festa-da-langosta-e-da-cocina-marineira\\\/#primaryimage\"},\"thumbnailUrl\":\"https:\\\/\\\/www.turismoaguarda.es\\\/wp-content\\\/uploads\\\/2019\\\/06\\\/CABECERA.png\",\"keywords\":[\"festa da langosta; festa da langosta e da coci\u00f1a mari\u00f1eira\",\"langosta\",\"luis zahera\",\"moncho borrajo\"],\"articleSection\":[\"Noticias Turismo\"],\"inLanguage\":\"en-US\",\"potentialAction\":[{\"@type\":\"CommentAction\",\"name\":\"Comment\",\"target\":[\"https:\\\/\\\/www.turismoaguarda.es\\\/a-langosta-moncho-borrajo-e-luis-zahera-os-pratos-fortes-da-festa-da-langosta-e-da-cocina-marineira\\\/#respond\"]}]},{\"@type\":\"WebPage\",\"@id\":\"https:\\\/\\\/www.turismoaguarda.es\\\/a-langosta-moncho-borrajo-e-luis-zahera-os-pratos-fortes-da-festa-da-langosta-e-da-cocina-marineira\\\/\",\"url\":\"https:\\\/\\\/www.turismoaguarda.es\\\/a-langosta-moncho-borrajo-e-luis-zahera-os-pratos-fortes-da-festa-da-langosta-e-da-cocina-marineira\\\/\",\"name\":\"La langosta, Moncho Borrajo y Luis Zahera los platos fuertes de la \u201cFesta da Langosta e da Coci\u00f1a Mari\u00f1eira\u201d | Turismo A Guarda\",\"isPartOf\":{\"@id\":\"https:\\\/\\\/www.turismoaguarda.es\\\/#website\"},\"primaryImageOfPage\":{\"@id\":\"https:\\\/\\\/www.turismoaguarda.es\\\/a-langosta-moncho-borrajo-e-luis-zahera-os-pratos-fortes-da-festa-da-langosta-e-da-cocina-marineira\\\/#primaryimage\"},\"image\":{\"@id\":\"https:\\\/\\\/www.turismoaguarda.es\\\/a-langosta-moncho-borrajo-e-luis-zahera-os-pratos-fortes-da-festa-da-langosta-e-da-cocina-marineira\\\/#primaryimage\"},\"thumbnailUrl\":\"https:\\\/\\\/www.turismoaguarda.es\\\/wp-content\\\/uploads\\\/2019\\\/06\\\/CABECERA.png\",\"datePublished\":\"2019-06-14T17:13:25+00:00\",\"dateModified\":\"2019-06-14T17:26:31+00:00\",\"author\":{\"@id\":\"https:\\\/\\\/www.turismoaguarda.es\\\/#\\\/schema\\\/person\\\/9282bb1649316a88a88b0eca34bd959b\"},\"breadcrumb\":{\"@id\":\"https:\\\/\\\/www.turismoaguarda.es\\\/a-langosta-moncho-borrajo-e-luis-zahera-os-pratos-fortes-da-festa-da-langosta-e-da-cocina-marineira\\\/#breadcrumb\"},\"inLanguage\":\"en-US\",\"potentialAction\":[{\"@type\":\"ReadAction\",\"target\":[\"https:\\\/\\\/www.turismoaguarda.es\\\/a-langosta-moncho-borrajo-e-luis-zahera-os-pratos-fortes-da-festa-da-langosta-e-da-cocina-marineira\\\/\"]}]},{\"@type\":\"ImageObject\",\"inLanguage\":\"en-US\",\"@id\":\"https:\\\/\\\/www.turismoaguarda.es\\\/a-langosta-moncho-borrajo-e-luis-zahera-os-pratos-fortes-da-festa-da-langosta-e-da-cocina-marineira\\\/#primaryimage\",\"url\":\"https:\\\/\\\/www.turismoaguarda.es\\\/wp-content\\\/uploads\\\/2019\\\/06\\\/CABECERA.png\",\"contentUrl\":\"https:\\\/\\\/www.turismoaguarda.es\\\/wp-content\\\/uploads\\\/2019\\\/06\\\/CABECERA.png\",\"width\":560,\"height\":315},{\"@type\":\"BreadcrumbList\",\"@id\":\"https:\\\/\\\/www.turismoaguarda.es\\\/a-langosta-moncho-borrajo-e-luis-zahera-os-pratos-fortes-da-festa-da-langosta-e-da-cocina-marineira\\\/#breadcrumb\",\"itemListElement\":[{\"@type\":\"ListItem\",\"position\":1,\"name\":\"Portada\",\"item\":\"https:\\\/\\\/www.turismoaguarda.es\\\/en\\\/\"},{\"@type\":\"ListItem\",\"position\":2,\"name\":\"La langosta, Moncho Borrajo y Luis Zahera los platos fuertes de la \u201cFesta da Langosta e da Coci\u00f1a Mari\u00f1eira\u201d\"}]},{\"@type\":\"WebSite\",\"@id\":\"https:\\\/\\\/www.turismoaguarda.es\\\/#website\",\"url\":\"https:\\\/\\\/www.turismoaguarda.es\\\/\",\"name\":\"Turismo A Guarda\",\"description\":\"Informaci\u00f3n tur\u00edstica de A Guarda y alrededores.\",\"potentialAction\":[{\"@type\":\"SearchAction\",\"target\":{\"@type\":\"EntryPoint\",\"urlTemplate\":\"https:\\\/\\\/www.turismoaguarda.es\\\/?s={search_term_string}\"},\"query-input\":{\"@type\":\"PropertyValueSpecification\",\"valueRequired\":true,\"valueName\":\"search_term_string\"}}],\"inLanguage\":\"en-US\"},{\"@type\":\"Person\",\"@id\":\"https:\\\/\\\/www.turismoaguarda.es\\\/#\\\/schema\\\/person\\\/9282bb1649316a88a88b0eca34bd959b\",\"name\":\"Rosalia Verde\",\"image\":{\"@type\":\"ImageObject\",\"inLanguage\":\"en-US\",\"@id\":\"https:\\\/\\\/secure.gravatar.com\\\/avatar\\\/40761cb45c6464d3a83ebde1e1f3fa222726fcacc4d5b5048a7920608c99e0e5?s=96&d=mm&r=g\",\"url\":\"https:\\\/\\\/secure.gravatar.com\\\/avatar\\\/40761cb45c6464d3a83ebde1e1f3fa222726fcacc4d5b5048a7920608c99e0e5?s=96&d=mm&r=g\",\"contentUrl\":\"https:\\\/\\\/secure.gravatar.com\\\/avatar\\\/40761cb45c6464d3a83ebde1e1f3fa222726fcacc4d5b5048a7920608c99e0e5?s=96&d=mm&r=g\",\"caption\":\"Rosalia Verde\"},\"url\":\"https:\\\/\\\/www.turismoaguarda.es\\\/en\\\/author\\\/rosalia\\\/\"}]}<\/script>\n<!-- \/ Yoast SEO plugin. -->","yoast_head_json":{"title":"La langosta, Moncho Borrajo y Luis Zahera los platos fuertes de la \u201cFesta da Langosta e da Coci\u00f1a Mari\u00f1eira\u201d | Turismo A Guarda","robots":{"index":"index","follow":"follow","max-snippet":"max-snippet:-1","max-image-preview":"max-image-preview:large","max-video-preview":"max-video-preview:-1"},"canonical":"https:\/\/www.turismoaguarda.es\/a-langosta-moncho-borrajo-e-luis-zahera-os-pratos-fortes-da-festa-da-langosta-e-da-cocina-marineira\/","og_locale":"en_US","og_type":"article","og_title":"La langosta, Moncho Borrajo y Luis Zahera los platos fuertes de la \u201cFesta da Langosta e da Coci\u00f1a Mari\u00f1eira\u201d | Turismo A Guarda","og_description":"La Festa da Langosta e da Coci\u00f1a Mari\u00f1eira llega a su XXIX edici\u00f3n con una destacada programaci\u00f3n donde los humoristas y la m\u00fasica de fusi\u00f3n ser\u00e1n los protagonistas junto con la reina de la fiesta, la langosta. Los d\u00edas 5, 6 y 7 de julio el puerto de A Guarda ser\u00e1 el escenario de laRead more","og_url":"https:\/\/www.turismoaguarda.es\/a-langosta-moncho-borrajo-e-luis-zahera-os-pratos-fortes-da-festa-da-langosta-e-da-cocina-marineira\/","og_site_name":"Turismo A Guarda","article_publisher":"https:\/\/es-es.facebook.com\/Turismo-A-Guarda-126223240790625\/","article_published_time":"2019-06-14T17:13:25+00:00","article_modified_time":"2019-06-14T17:26:31+00:00","og_image":[{"width":560,"height":315,"url":"https:\/\/www.turismoaguarda.es\/wp-content\/uploads\/2019\/06\/CABECERA.png","type":"image\/png"}],"author":"Rosalia Verde","twitter_card":"summary_large_image","twitter_creator":"@TurismoAGuarda","twitter_site":"@TurismoAGuarda","twitter_misc":{"Written by":"Rosalia Verde","Est. reading time":"1 minute"},"schema":{"@context":"https:\/\/schema.org","@graph":[{"@type":"Article","@id":"https:\/\/www.turismoaguarda.es\/a-langosta-moncho-borrajo-e-luis-zahera-os-pratos-fortes-da-festa-da-langosta-e-da-cocina-marineira\/#article","isPartOf":{"@id":"https:\/\/www.turismoaguarda.es\/a-langosta-moncho-borrajo-e-luis-zahera-os-pratos-fortes-da-festa-da-langosta-e-da-cocina-marineira\/"},"author":{"name":"Rosalia Verde","@id":"https:\/\/www.turismoaguarda.es\/#\/schema\/person\/9282bb1649316a88a88b0eca34bd959b"},"headline":"La langosta, Moncho Borrajo y Luis Zahera los platos fuertes de la \u201cFesta da Langosta e da Coci\u00f1a Mari\u00f1eira\u201d","datePublished":"2019-06-14T17:13:25+00:00","dateModified":"2019-06-14T17:26:31+00:00","mainEntityOfPage":{"@id":"https:\/\/www.turismoaguarda.es\/a-langosta-moncho-borrajo-e-luis-zahera-os-pratos-fortes-da-festa-da-langosta-e-da-cocina-marineira\/"},"wordCount":252,"commentCount":0,"image":{"@id":"https:\/\/www.turismoaguarda.es\/a-langosta-moncho-borrajo-e-luis-zahera-os-pratos-fortes-da-festa-da-langosta-e-da-cocina-marineira\/#primaryimage"},"thumbnailUrl":"https:\/\/www.turismoaguarda.es\/wp-content\/uploads\/2019\/06\/CABECERA.png","keywords":["festa da langosta; festa da langosta e da coci\u00f1a mari\u00f1eira","langosta","luis zahera","moncho borrajo"],"articleSection":["Noticias Turismo"],"inLanguage":"en-US","potentialAction":[{"@type":"CommentAction","name":"Comment","target":["https:\/\/www.turismoaguarda.es\/a-langosta-moncho-borrajo-e-luis-zahera-os-pratos-fortes-da-festa-da-langosta-e-da-cocina-marineira\/#respond"]}]},{"@type":"WebPage","@id":"https:\/\/www.turismoaguarda.es\/a-langosta-moncho-borrajo-e-luis-zahera-os-pratos-fortes-da-festa-da-langosta-e-da-cocina-marineira\/","url":"https:\/\/www.turismoaguarda.es\/a-langosta-moncho-borrajo-e-luis-zahera-os-pratos-fortes-da-festa-da-langosta-e-da-cocina-marineira\/","name":"La langosta, Moncho Borrajo y Luis Zahera los platos fuertes de la \u201cFesta da Langosta e da Coci\u00f1a Mari\u00f1eira\u201d | Turismo A Guarda","isPartOf":{"@id":"https:\/\/www.turismoaguarda.es\/#website"},"primaryImageOfPage":{"@id":"https:\/\/www.turismoaguarda.es\/a-langosta-moncho-borrajo-e-luis-zahera-os-pratos-fortes-da-festa-da-langosta-e-da-cocina-marineira\/#primaryimage"},"image":{"@id":"https:\/\/www.turismoaguarda.es\/a-langosta-moncho-borrajo-e-luis-zahera-os-pratos-fortes-da-festa-da-langosta-e-da-cocina-marineira\/#primaryimage"},"thumbnailUrl":"https:\/\/www.turismoaguarda.es\/wp-content\/uploads\/2019\/06\/CABECERA.png","datePublished":"2019-06-14T17:13:25+00:00","dateModified":"2019-06-14T17:26:31+00:00","author":{"@id":"https:\/\/www.turismoaguarda.es\/#\/schema\/person\/9282bb1649316a88a88b0eca34bd959b"},"breadcrumb":{"@id":"https:\/\/www.turismoaguarda.es\/a-langosta-moncho-borrajo-e-luis-zahera-os-pratos-fortes-da-festa-da-langosta-e-da-cocina-marineira\/#breadcrumb"},"inLanguage":"en-US","potentialAction":[{"@type":"ReadAction","target":["https:\/\/www.turismoaguarda.es\/a-langosta-moncho-borrajo-e-luis-zahera-os-pratos-fortes-da-festa-da-langosta-e-da-cocina-marineira\/"]}]},{"@type":"ImageObject","inLanguage":"en-US","@id":"https:\/\/www.turismoaguarda.es\/a-langosta-moncho-borrajo-e-luis-zahera-os-pratos-fortes-da-festa-da-langosta-e-da-cocina-marineira\/#primaryimage","url":"https:\/\/www.turismoaguarda.es\/wp-content\/uploads\/2019\/06\/CABECERA.png","contentUrl":"https:\/\/www.turismoaguarda.es\/wp-content\/uploads\/2019\/06\/CABECERA.png","width":560,"height":315},{"@type":"BreadcrumbList","@id":"https:\/\/www.turismoaguarda.es\/a-langosta-moncho-borrajo-e-luis-zahera-os-pratos-fortes-da-festa-da-langosta-e-da-cocina-marineira\/#breadcrumb","itemListElement":[{"@type":"ListItem","position":1,"name":"Portada","item":"https:\/\/www.turismoaguarda.es\/en\/"},{"@type":"ListItem","position":2,"name":"La langosta, Moncho Borrajo y Luis Zahera los platos fuertes de la \u201cFesta da Langosta e da Coci\u00f1a Mari\u00f1eira\u201d"}]},{"@type":"WebSite","@id":"https:\/\/www.turismoaguarda.es\/#website","url":"https:\/\/www.turismoaguarda.es\/","name":"Turismo A Guarda","description":"Informaci\u00f3n tur\u00edstica de A Guarda y alrededores.","potentialAction":[{"@type":"SearchAction","target":{"@type":"EntryPoint","urlTemplate":"https:\/\/www.turismoaguarda.es\/?s={search_term_string}"},"query-input":{"@type":"PropertyValueSpecification","valueRequired":true,"valueName":"search_term_string"}}],"inLanguage":"en-US"},{"@type":"Person","@id":"https:\/\/www.turismoaguarda.es\/#\/schema\/person\/9282bb1649316a88a88b0eca34bd959b","name":"Rosalia Verde","image":{"@type":"ImageObject","inLanguage":"en-US","@id":"https:\/\/secure.gravatar.com\/avatar\/40761cb45c6464d3a83ebde1e1f3fa222726fcacc4d5b5048a7920608c99e0e5?s=96&d=mm&r=g","url":"https:\/\/secure.gravatar.com\/avatar\/40761cb45c6464d3a83ebde1e1f3fa222726fcacc4d5b5048a7920608c99e0e5?s=96&d=mm&r=g","contentUrl":"https:\/\/secure.gravatar.com\/avatar\/40761cb45c6464d3a83ebde1e1f3fa222726fcacc4d5b5048a7920608c99e0e5?s=96&d=mm&r=g","caption":"Rosalia Verde"},"url":"https:\/\/www.turismoaguarda.es\/en\/author\/rosalia\/"}]}},"_links":{"self":[{"href":"https:\/\/www.turismoaguarda.es\/en\/wp-json\/wp\/v2\/posts\/10965","targetHints":{"allow":["GET"]}}],"collection":[{"href":"https:\/\/www.turismoaguarda.es\/en\/wp-json\/wp\/v2\/posts"}],"about":[{"href":"https:\/\/www.turismoaguarda.es\/en\/wp-json\/wp\/v2\/types\/post"}],"author":[{"embeddable":true,"href":"https:\/\/www.turismoaguarda.es\/en\/wp-json\/wp\/v2\/users\/7"}],"replies":[{"embeddable":true,"href":"https:\/\/www.turismoaguarda.es\/en\/wp-json\/wp\/v2\/comments?post=10965"}],"version-history":[{"count":3,"href":"https:\/\/www.turismoaguarda.es\/en\/wp-json\/wp\/v2\/posts\/10965\/revisions"}],"predecessor-version":[{"id":10977,"href":"https:\/\/www.turismoaguarda.es\/en\/wp-json\/wp\/v2\/posts\/10965\/revisions\/10977"}],"wp:featuredmedia":[{"embeddable":true,"href":"https:\/\/www.turismoaguarda.es\/en\/wp-json\/wp\/v2\/media\/10972"}],"wp:attachment":[{"href":"https:\/\/www.turismoaguarda.es\/en\/wp-json\/wp\/v2\/media?parent=10965"}],"wp:term":[{"taxonomy":"category","embeddable":true,"href":"https:\/\/www.turismoaguarda.es\/en\/wp-json\/wp\/v2\/categories?post=10965"},{"taxonomy":"post_tag","embeddable":true,"href":"https:\/\/www.turismoaguarda.es\/en\/wp-json\/wp\/v2\/tags?post=10965"}],"curies":[{"name":"wp","href":"https:\/\/api.w.org\/{rel}","templated":true}]}}