{"id":10924,"date":"2019-06-13T13:46:27","date_gmt":"2019-06-13T11:46:27","guid":{"rendered":"http:\/\/www.turismoaguarda.es\/?p=10924"},"modified":"2019-06-13T13:49:17","modified_gmt":"2019-06-13T11:49:17","slug":"musica-festejos-exposiciones-visitas-guiadas-y-mucho-mas-en-este-fin-de-semana-en-a-guarda","status":"publish","type":"post","link":"https:\/\/www.turismoaguarda.es\/en\/musica-festejos-exposiciones-visitas-guiadas-y-mucho-mas-en-este-fin-de-semana-en-a-guarda\/","title":{"rendered":"M\u00fasica, festejos, exposiciones, visitas guiadas y mucho m\u00e1s en este fin de semana en A Guarda"},"content":{"rendered":"<p style=\"text-align: justify;\">A Guarda congrega en el fin de semana del viernes 14 al domingo 16 de junio muchas actividades para disfrutar de la villa con Festivales musicales, conciertos, exposiciones, visitas guiadas, actividades deportivas y mucho m\u00e1s.<\/p>\n<p style=\"text-align: justify;\">Programaci\u00f3n por d\u00edas<\/p>\n<p style=\"text-align: justify;\">VIERNES 14:<\/p>\n<p style=\"text-align: justify;\">El pr\u00f3ximo viernes d\u00eda d\u00eda 14 de junio arranca el \u00abM\u00fasica nas Prazas 2019\u00bb y los encargados de abrir la programaci\u00f3n ser\u00e1 el grupo de Rap guard\u00e9s Caramelo Krew, un grupo formado por Hugx (Hugo Aldea) y Holden (Jose Mauri), que llenar\u00e1n de m\u00fasica la Plaza de San Cayetano desde las 22:00h.<\/p>\n<p style=\"text-align: justify;\">La Casa dos Alonsos acoge la Exposici\u00f3n \u00abAlfombras Florais da Guarda\u00bb, una muestra que recoge a trav\u00e9s de varias fotograf\u00edas la historia de esta arraigada tradici\u00f3n en A Guarda, junto con explicaciones sobre como es este trabajo, en horario de 11:00h a 13:30h y de 18:00h a 21:00h.<\/p>\n<p style=\"text-align: justify;\">S\u00c1BADO 15:<\/p>\n<p style=\"text-align: justify;\">Este s\u00e1bado a partir de las 10:00h el Club de Petanca \u00abO Caldeiro\u00bb organiza el I Torneo de Petanca \u00abBodegas Terras Gauda\u00bb en las pistas deportivas de O Codesal en Camposancos.<\/p>\n<p style=\"text-align: justify;\">El Mercado de A Guarda acoger\u00e1 una charla bajo el t\u00edtulo \u00abFamilia, que comemos hoxe?\u00bb dirigida principalmente a las familias con ni\u00f1os y ni\u00f1as en la etapa llamada de primera infancia, con la intenci\u00f3n de poner en valor los beneficios del producto fresco y de proximidad que ofrece la plaza de abastos a la hora de elaborar men\u00fas saludables y nutritivos. Esta charla pretende ser muy din\u00e1mica y participativa y tendr\u00e1 lugar en el propio mercado en horario de 11:00h a 13:30h. Punto de encuentro en la segunda planta.<\/p>\n<p style=\"text-align: justify;\">A las 10:45h saldr\u00e1 desde el Puerto de A Guarda una nueva visita a las Salinas Romanas de O Seixal, una actividad que tiene una duraci\u00f3n aproximada de 2 horas con un recorrido por la senda litoral, informaci\u00f3n e inscripciones en el 616 180 557.<\/p>\n<p style=\"text-align: justify;\">Contin\u00faan las visitas guiadas para conocer el patrimonio do Monte Santa Trega, a las 11:30h se realizar\u00e1 la visita guiada al Castro de Santa Trega, que tendr\u00e1 como punto de encuentro la vivienda reconstruida del castro, y que tendr\u00e1 una duraci\u00f3n aproximada de 30 minutos.<\/p>\n<p style=\"text-align: justify;\">A las 12:30h y a las 17:00 tendr\u00e1n lugar dos nuevas visitas guiadas al Monte Santa Trega, con punto de encuentro en el Museo Arqueol\u00f3gico (MASAT), y que tendr\u00e1n una duraci\u00f3n aproximada de 90 minutos.<\/p>\n<p style=\"text-align: justify;\">Estas visitas guiadas son de car\u00e1cter gratuito y sin inscripci\u00f3n previa. Para los grupos de m\u00e1s de 10 personas es necesario hacer una reserva previa llamando al tel\u00e9fono 986 610 504.<\/p>\n<p style=\"text-align: justify;\">La tasa de acceso al Monte Santa Trega es de 1\u20ac para adultos y de 0,5\u20ac para los menores de 14 a\u00f1os.<\/p>\n<p style=\"text-align: justify;\">La Casa dos Alonsos acoge la Exposici\u00f3n \u00abAlfombras Florais da Guarda\u00bb, una muestra que recoge a trav\u00e9s de varias fotograf\u00edas la historia de esta arraigada tradici\u00f3n en A Guarda, junto con explicaciones sobre como es este trabajo, en horario de 11:00h a 13:30h y de 18:00h a 21:00h.<\/p>\n<p style=\"text-align: justify;\">En la jornada de este s\u00e1bado y enmarcado en la programaci\u00f3n de las Fiestas de San Antonio, a las 12:00h habr\u00e1 una gran tirada de fuegos y el grupo A Boalleira recorrer\u00e1 las calles del municipio, por la noche verbena con las orquestras Santiago y Nievla.<\/p>\n<p style=\"text-align: justify;\">Este s\u00e1bado a las 20:30h el Auditorio de San Benito acoge la XV edici\u00f3n del Festival Folcl\u00f3rico Luso-Galaico, en el que participaran los grupos Doxe nun ano, Xamaraina, Do Lusco \u00f3 Fusco, Korosti Dantza, Taldea, Agrupaci\u00f3n Folcl\u00f3rica O Trevo y el Rancho Folcl\u00f3rico de Santa Eulalia de Cabanelas.<\/p>\n<p style=\"text-align: justify;\">El Centro de Interpretaci\u00f3n de las Fortalezas en el Castillo de Santa Cruz acoge la Exposici\u00f3n de maquetas y figuras de Prax\u00edteles Gonz\u00e1lez en la que se exponen varias maquetas del artista rosaleiro, como \u201cPonte do Tamuxe\u201d, \u201cIgrexa de Santa Mari\u00f1a do Rosal\u201d, \u201cMu\u00ed\u00f1o Serradoiro\u201d y \u201cD\u00faas vivendas rosaleiras\u201d, todos estes, elementos de O Rosal. Adem\u00e1s de las maquetas de las catedrales de Santiago y Notre Dame. Completa esta exposici\u00f3n una selecci\u00f3n de las m\u00e1s de 40 esculturas realizadas por el artista. Horario de 11:00h a 14:00h y de 18:00h a 21:00h.<\/p>\n<p style=\"text-align: justify;\">Entrada: 1\u20ac adultos y 0,5\u20ac hasta los 14 a\u00f1os inclusive.<\/p>\n<p style=\"text-align: justify;\">DOMINGO 16:<\/p>\n<p style=\"text-align: justify;\">En la jornada de este domingo y enmarcado en la programaci\u00f3n de las Fiestas de San Antonio, a las 10:00h de la ma\u00f1ana har\u00e1 un recorrido la Banda de M\u00fasica de la Agrupaci\u00f3n Musical de A Guarda con posterior misa y procesi\u00f3n y a las 20:00h la citada banda ofrecer\u00e1 una actuaci\u00f3n.<\/p>\n<p style=\"text-align: justify;\">Contin\u00faan las visitas guiadas para conocer el patrimonio do Monte Santa Trega, a las 11:30h se realizar\u00e1 la visita guiada al Castro de Santa Trega, que tendr\u00e1 como punto de encuentro la vivienda reconstruida del castro, y que tendr\u00e1 una duraci\u00f3n aproximada de 30 minutos.<\/p>\n<p style=\"text-align: justify;\">A las 12:30h y a las 17:00 tendr\u00e1n lugar dos nuevas visitas guiadas al Monte Santa Trega, con punto de encuentro en el Museo Arqueol\u00f3gico (MASAT), y que tendr\u00e1n una duraci\u00f3n aproximada de 90 minutos.<\/p>\n<p style=\"text-align: justify;\">Estas visitas guiadas son de car\u00e1cter gratuito y sin inscripci\u00f3n previa. Para los grupos de m\u00e1s de 10 personas es necesario hacer una reserva previa llamando al tel\u00e9fono 986 610 504.<\/p>\n<p style=\"text-align: justify;\">La tasa de acceso al Monte Santa Trega es de 1\u20ac para adultos y de 0,5\u20ac para los menores de 14 a\u00f1os.<\/p>\n<p style=\"text-align: justify;\">El Centro de Interpretaci\u00f3n de las Fortalezas en el Castillo de Santa Cruz acoge la Exposici\u00f3n de maquetas y figuras de Prax\u00edteles Gonz\u00e1lez en la que se exponen varias maquetas del artista rosaleiro, como \u201cPonte do Tamuxe\u201d, \u201cIgrexa de Santa Mari\u00f1a do Rosal\u201d, \u201cMu\u00ed\u00f1o Serradoiro\u201d y \u201cD\u00faas vivendas rosaleiras\u201d, todos estes, elementos de O Rosal. Adem\u00e1s de las maquetas de las catedrales de Santiago y Notre Dame. Completa esta exposici\u00f3n una selecci\u00f3n de las m\u00e1s de 40 esculturas realizadas por el artista. Horario de 11:00h a 14:00h y de 18:00h a 21:00h.<\/p>\n<p style=\"text-align: justify;\">Entrada: 1\u20ac adultos y 0,5\u20ac hasta los 14 a\u00f1os inclusive.<\/p>\n<p style=\"text-align: justify;\">La Casa dos Alonsos acoge la Exposici\u00f3n \u00abAlfombras Florais da Guarda\u00bb, una muestra que recoge a trav\u00e9s de varias fotograf\u00edas la historia de esta arraigada tradici\u00f3n en A Guarda, junto con explicaciones sobre como es este trabajo, en horario de 11:00h a 13:30h y de 18:00h a 21:00h.<\/p>\n","protected":false},"excerpt":{"rendered":"<p>A Guarda congrega en el fin de semana del viernes 14 al domingo 16 de junio muchas actividades para disfrutar de la villa con Festivales musicales, conciertos, exposiciones, visitas guiadas, actividades deportivas y mucho m\u00e1s. Programaci\u00f3n por d\u00edas VIERNES 14: El pr\u00f3ximo viernes d\u00eda d\u00eda 14 de junio arranca el \u00abM\u00fasica nas Prazas 2019\u00bb y<\/p>\n<div class=\"padding-top text-center\"><a href=\"https:\/\/www.turismoaguarda.es\/en\/musica-festejos-exposiciones-visitas-guiadas-y-mucho-mas-en-este-fin-de-semana-en-a-guarda\/\" class=\"atbtn atbtn--medium atbtn--rounded atbtn--transparent\">Read more<i class=\"atbtn__icon atbtn__icon--right fa fa-long-arrow-right\"><\/i><\/a><\/div>\n","protected":false},"author":11,"featured_media":10925,"comment_status":"open","ping_status":"open","sticky":false,"template":"","format":"standard","meta":{"footnotes":""},"categories":[44],"tags":[169,1575,893],"class_list":["post-10924","post","type-post","status-publish","format-standard","has-post-thumbnail","hentry","category-noticias-turismo","tag-a-guarda","tag-agenda-2","tag-fin-de-semana"],"yoast_head":"<!-- This site is optimized with the Yoast SEO plugin v27.5 - https:\/\/yoast.com\/product\/yoast-seo-wordpress\/ -->\n<title>M\u00fasica, festejos, exposiciones, visitas guiadas y mucho m\u00e1s en este fin de semana en A Guarda | Turismo A Guarda<\/title>\n<meta name=\"robots\" content=\"index, follow, max-snippet:-1, max-image-preview:large, max-video-preview:-1\" \/>\n<link rel=\"canonical\" href=\"https:\/\/www.turismoaguarda.es\/musica-festejos-exposiciones-visitas-guiadas-y-mucho-mas-en-este-fin-de-semana-en-a-guarda\/\" \/>\n<meta property=\"og:locale\" content=\"en_US\" \/>\n<meta property=\"og:type\" content=\"article\" \/>\n<meta property=\"og:title\" content=\"M\u00fasica, festejos, exposiciones, visitas guiadas y mucho m\u00e1s en este fin de semana en A Guarda | Turismo A Guarda\" \/>\n<meta property=\"og:description\" content=\"A Guarda congrega en el fin de semana del viernes 14 al domingo 16 de junio muchas actividades para disfrutar de la villa con Festivales musicales, conciertos, exposiciones, visitas guiadas, actividades deportivas y mucho m\u00e1s. Programaci\u00f3n por d\u00edas VIERNES 14: El pr\u00f3ximo viernes d\u00eda d\u00eda 14 de junio arranca el \u00abM\u00fasica nas Prazas 2019\u00bb yRead more\" \/>\n<meta property=\"og:url\" content=\"https:\/\/www.turismoaguarda.es\/musica-festejos-exposiciones-visitas-guiadas-y-mucho-mas-en-este-fin-de-semana-en-a-guarda\/\" \/>\n<meta property=\"og:site_name\" content=\"Turismo A Guarda\" \/>\n<meta property=\"article:publisher\" content=\"https:\/\/es-es.facebook.com\/Turismo-A-Guarda-126223240790625\/\" \/>\n<meta property=\"article:published_time\" content=\"2019-06-13T11:46:27+00:00\" \/>\n<meta property=\"article:modified_time\" content=\"2019-06-13T11:49:17+00:00\" \/>\n<meta property=\"og:image\" content=\"https:\/\/www.turismoaguarda.es\/wp-content\/uploads\/2019\/06\/NP-13062019-FIN-DE-SEMANA.jpg\" \/>\n\t<meta property=\"og:image:width\" content=\"800\" \/>\n\t<meta property=\"og:image:height\" content=\"800\" \/>\n\t<meta property=\"og:image:type\" content=\"image\/jpeg\" \/>\n<meta name=\"author\" content=\"Prensa A Guarda\" \/>\n<meta name=\"twitter:card\" content=\"summary_large_image\" \/>\n<meta name=\"twitter:creator\" content=\"@TurismoAGuarda\" \/>\n<meta name=\"twitter:site\" content=\"@TurismoAGuarda\" \/>\n<meta name=\"twitter:label1\" content=\"Written by\" \/>\n\t<meta name=\"twitter:data1\" content=\"Prensa A Guarda\" \/>\n\t<meta name=\"twitter:label2\" content=\"Est. reading time\" \/>\n\t<meta name=\"twitter:data2\" content=\"5 minutes\" \/>\n<script type=\"application\/ld+json\" class=\"yoast-schema-graph\">{\"@context\":\"https:\\\/\\\/schema.org\",\"@graph\":[{\"@type\":\"Article\",\"@id\":\"https:\\\/\\\/www.turismoaguarda.es\\\/musica-festejos-exposiciones-visitas-guiadas-y-mucho-mas-en-este-fin-de-semana-en-a-guarda\\\/#article\",\"isPartOf\":{\"@id\":\"https:\\\/\\\/www.turismoaguarda.es\\\/musica-festejos-exposiciones-visitas-guiadas-y-mucho-mas-en-este-fin-de-semana-en-a-guarda\\\/\"},\"author\":{\"name\":\"Prensa A Guarda\",\"@id\":\"https:\\\/\\\/www.turismoaguarda.es\\\/#\\\/schema\\\/person\\\/a8b0c27ad7bcbb6c19799e934727508e\"},\"headline\":\"M\u00fasica, festejos, exposiciones, visitas guiadas y mucho m\u00e1s en este fin de semana en A Guarda\",\"datePublished\":\"2019-06-13T11:46:27+00:00\",\"dateModified\":\"2019-06-13T11:49:17+00:00\",\"mainEntityOfPage\":{\"@id\":\"https:\\\/\\\/www.turismoaguarda.es\\\/musica-festejos-exposiciones-visitas-guiadas-y-mucho-mas-en-este-fin-de-semana-en-a-guarda\\\/\"},\"wordCount\":1092,\"commentCount\":0,\"image\":{\"@id\":\"https:\\\/\\\/www.turismoaguarda.es\\\/musica-festejos-exposiciones-visitas-guiadas-y-mucho-mas-en-este-fin-de-semana-en-a-guarda\\\/#primaryimage\"},\"thumbnailUrl\":\"https:\\\/\\\/www.turismoaguarda.es\\\/wp-content\\\/uploads\\\/2019\\\/06\\\/NP-13062019-FIN-DE-SEMANA.jpg\",\"keywords\":[\"A Guarda\",\"agenda\",\"fin de semana\"],\"articleSection\":[\"Noticias Turismo\"],\"inLanguage\":\"en-US\",\"potentialAction\":[{\"@type\":\"CommentAction\",\"name\":\"Comment\",\"target\":[\"https:\\\/\\\/www.turismoaguarda.es\\\/musica-festejos-exposiciones-visitas-guiadas-y-mucho-mas-en-este-fin-de-semana-en-a-guarda\\\/#respond\"]}]},{\"@type\":\"WebPage\",\"@id\":\"https:\\\/\\\/www.turismoaguarda.es\\\/musica-festejos-exposiciones-visitas-guiadas-y-mucho-mas-en-este-fin-de-semana-en-a-guarda\\\/\",\"url\":\"https:\\\/\\\/www.turismoaguarda.es\\\/musica-festejos-exposiciones-visitas-guiadas-y-mucho-mas-en-este-fin-de-semana-en-a-guarda\\\/\",\"name\":\"M\u00fasica, festejos, exposiciones, visitas guiadas y mucho m\u00e1s en este fin de semana en A Guarda | Turismo A Guarda\",\"isPartOf\":{\"@id\":\"https:\\\/\\\/www.turismoaguarda.es\\\/#website\"},\"primaryImageOfPage\":{\"@id\":\"https:\\\/\\\/www.turismoaguarda.es\\\/musica-festejos-exposiciones-visitas-guiadas-y-mucho-mas-en-este-fin-de-semana-en-a-guarda\\\/#primaryimage\"},\"image\":{\"@id\":\"https:\\\/\\\/www.turismoaguarda.es\\\/musica-festejos-exposiciones-visitas-guiadas-y-mucho-mas-en-este-fin-de-semana-en-a-guarda\\\/#primaryimage\"},\"thumbnailUrl\":\"https:\\\/\\\/www.turismoaguarda.es\\\/wp-content\\\/uploads\\\/2019\\\/06\\\/NP-13062019-FIN-DE-SEMANA.jpg\",\"datePublished\":\"2019-06-13T11:46:27+00:00\",\"dateModified\":\"2019-06-13T11:49:17+00:00\",\"author\":{\"@id\":\"https:\\\/\\\/www.turismoaguarda.es\\\/#\\\/schema\\\/person\\\/a8b0c27ad7bcbb6c19799e934727508e\"},\"breadcrumb\":{\"@id\":\"https:\\\/\\\/www.turismoaguarda.es\\\/musica-festejos-exposiciones-visitas-guiadas-y-mucho-mas-en-este-fin-de-semana-en-a-guarda\\\/#breadcrumb\"},\"inLanguage\":\"en-US\",\"potentialAction\":[{\"@type\":\"ReadAction\",\"target\":[\"https:\\\/\\\/www.turismoaguarda.es\\\/musica-festejos-exposiciones-visitas-guiadas-y-mucho-mas-en-este-fin-de-semana-en-a-guarda\\\/\"]}]},{\"@type\":\"ImageObject\",\"inLanguage\":\"en-US\",\"@id\":\"https:\\\/\\\/www.turismoaguarda.es\\\/musica-festejos-exposiciones-visitas-guiadas-y-mucho-mas-en-este-fin-de-semana-en-a-guarda\\\/#primaryimage\",\"url\":\"https:\\\/\\\/www.turismoaguarda.es\\\/wp-content\\\/uploads\\\/2019\\\/06\\\/NP-13062019-FIN-DE-SEMANA.jpg\",\"contentUrl\":\"https:\\\/\\\/www.turismoaguarda.es\\\/wp-content\\\/uploads\\\/2019\\\/06\\\/NP-13062019-FIN-DE-SEMANA.jpg\",\"width\":800,\"height\":800},{\"@type\":\"BreadcrumbList\",\"@id\":\"https:\\\/\\\/www.turismoaguarda.es\\\/musica-festejos-exposiciones-visitas-guiadas-y-mucho-mas-en-este-fin-de-semana-en-a-guarda\\\/#breadcrumb\",\"itemListElement\":[{\"@type\":\"ListItem\",\"position\":1,\"name\":\"Portada\",\"item\":\"https:\\\/\\\/www.turismoaguarda.es\\\/en\\\/\"},{\"@type\":\"ListItem\",\"position\":2,\"name\":\"M\u00fasica, festejos, exposiciones, visitas guiadas y mucho m\u00e1s en este fin de semana en A Guarda\"}]},{\"@type\":\"WebSite\",\"@id\":\"https:\\\/\\\/www.turismoaguarda.es\\\/#website\",\"url\":\"https:\\\/\\\/www.turismoaguarda.es\\\/\",\"name\":\"Turismo A Guarda\",\"description\":\"Informaci\u00f3n tur\u00edstica de A Guarda y alrededores.\",\"potentialAction\":[{\"@type\":\"SearchAction\",\"target\":{\"@type\":\"EntryPoint\",\"urlTemplate\":\"https:\\\/\\\/www.turismoaguarda.es\\\/?s={search_term_string}\"},\"query-input\":{\"@type\":\"PropertyValueSpecification\",\"valueRequired\":true,\"valueName\":\"search_term_string\"}}],\"inLanguage\":\"en-US\"},{\"@type\":\"Person\",\"@id\":\"https:\\\/\\\/www.turismoaguarda.es\\\/#\\\/schema\\\/person\\\/a8b0c27ad7bcbb6c19799e934727508e\",\"name\":\"Prensa A Guarda\",\"image\":{\"@type\":\"ImageObject\",\"inLanguage\":\"en-US\",\"@id\":\"https:\\\/\\\/secure.gravatar.com\\\/avatar\\\/387e117f874ba5d0a3439060b45d914395d77287b2e4890a49d1599fc3ef9189?s=96&d=mm&r=g\",\"url\":\"https:\\\/\\\/secure.gravatar.com\\\/avatar\\\/387e117f874ba5d0a3439060b45d914395d77287b2e4890a49d1599fc3ef9189?s=96&d=mm&r=g\",\"contentUrl\":\"https:\\\/\\\/secure.gravatar.com\\\/avatar\\\/387e117f874ba5d0a3439060b45d914395d77287b2e4890a49d1599fc3ef9189?s=96&d=mm&r=g\",\"caption\":\"Prensa A Guarda\"},\"url\":\"https:\\\/\\\/www.turismoaguarda.es\\\/en\\\/author\\\/prensa\\\/\"}]}<\/script>\n<!-- \/ Yoast SEO plugin. -->","yoast_head_json":{"title":"M\u00fasica, festejos, exposiciones, visitas guiadas y mucho m\u00e1s en este fin de semana en A Guarda | Turismo A Guarda","robots":{"index":"index","follow":"follow","max-snippet":"max-snippet:-1","max-image-preview":"max-image-preview:large","max-video-preview":"max-video-preview:-1"},"canonical":"https:\/\/www.turismoaguarda.es\/musica-festejos-exposiciones-visitas-guiadas-y-mucho-mas-en-este-fin-de-semana-en-a-guarda\/","og_locale":"en_US","og_type":"article","og_title":"M\u00fasica, festejos, exposiciones, visitas guiadas y mucho m\u00e1s en este fin de semana en A Guarda | Turismo A Guarda","og_description":"A Guarda congrega en el fin de semana del viernes 14 al domingo 16 de junio muchas actividades para disfrutar de la villa con Festivales musicales, conciertos, exposiciones, visitas guiadas, actividades deportivas y mucho m\u00e1s. Programaci\u00f3n por d\u00edas VIERNES 14: El pr\u00f3ximo viernes d\u00eda d\u00eda 14 de junio arranca el \u00abM\u00fasica nas Prazas 2019\u00bb yRead more","og_url":"https:\/\/www.turismoaguarda.es\/musica-festejos-exposiciones-visitas-guiadas-y-mucho-mas-en-este-fin-de-semana-en-a-guarda\/","og_site_name":"Turismo A Guarda","article_publisher":"https:\/\/es-es.facebook.com\/Turismo-A-Guarda-126223240790625\/","article_published_time":"2019-06-13T11:46:27+00:00","article_modified_time":"2019-06-13T11:49:17+00:00","og_image":[{"width":800,"height":800,"url":"https:\/\/www.turismoaguarda.es\/wp-content\/uploads\/2019\/06\/NP-13062019-FIN-DE-SEMANA.jpg","type":"image\/jpeg"}],"author":"Prensa A Guarda","twitter_card":"summary_large_image","twitter_creator":"@TurismoAGuarda","twitter_site":"@TurismoAGuarda","twitter_misc":{"Written by":"Prensa A Guarda","Est. reading time":"5 minutes"},"schema":{"@context":"https:\/\/schema.org","@graph":[{"@type":"Article","@id":"https:\/\/www.turismoaguarda.es\/musica-festejos-exposiciones-visitas-guiadas-y-mucho-mas-en-este-fin-de-semana-en-a-guarda\/#article","isPartOf":{"@id":"https:\/\/www.turismoaguarda.es\/musica-festejos-exposiciones-visitas-guiadas-y-mucho-mas-en-este-fin-de-semana-en-a-guarda\/"},"author":{"name":"Prensa A Guarda","@id":"https:\/\/www.turismoaguarda.es\/#\/schema\/person\/a8b0c27ad7bcbb6c19799e934727508e"},"headline":"M\u00fasica, festejos, exposiciones, visitas guiadas y mucho m\u00e1s en este fin de semana en A Guarda","datePublished":"2019-06-13T11:46:27+00:00","dateModified":"2019-06-13T11:49:17+00:00","mainEntityOfPage":{"@id":"https:\/\/www.turismoaguarda.es\/musica-festejos-exposiciones-visitas-guiadas-y-mucho-mas-en-este-fin-de-semana-en-a-guarda\/"},"wordCount":1092,"commentCount":0,"image":{"@id":"https:\/\/www.turismoaguarda.es\/musica-festejos-exposiciones-visitas-guiadas-y-mucho-mas-en-este-fin-de-semana-en-a-guarda\/#primaryimage"},"thumbnailUrl":"https:\/\/www.turismoaguarda.es\/wp-content\/uploads\/2019\/06\/NP-13062019-FIN-DE-SEMANA.jpg","keywords":["A Guarda","agenda","fin de semana"],"articleSection":["Noticias Turismo"],"inLanguage":"en-US","potentialAction":[{"@type":"CommentAction","name":"Comment","target":["https:\/\/www.turismoaguarda.es\/musica-festejos-exposiciones-visitas-guiadas-y-mucho-mas-en-este-fin-de-semana-en-a-guarda\/#respond"]}]},{"@type":"WebPage","@id":"https:\/\/www.turismoaguarda.es\/musica-festejos-exposiciones-visitas-guiadas-y-mucho-mas-en-este-fin-de-semana-en-a-guarda\/","url":"https:\/\/www.turismoaguarda.es\/musica-festejos-exposiciones-visitas-guiadas-y-mucho-mas-en-este-fin-de-semana-en-a-guarda\/","name":"M\u00fasica, festejos, exposiciones, visitas guiadas y mucho m\u00e1s en este fin de semana en A Guarda | Turismo A Guarda","isPartOf":{"@id":"https:\/\/www.turismoaguarda.es\/#website"},"primaryImageOfPage":{"@id":"https:\/\/www.turismoaguarda.es\/musica-festejos-exposiciones-visitas-guiadas-y-mucho-mas-en-este-fin-de-semana-en-a-guarda\/#primaryimage"},"image":{"@id":"https:\/\/www.turismoaguarda.es\/musica-festejos-exposiciones-visitas-guiadas-y-mucho-mas-en-este-fin-de-semana-en-a-guarda\/#primaryimage"},"thumbnailUrl":"https:\/\/www.turismoaguarda.es\/wp-content\/uploads\/2019\/06\/NP-13062019-FIN-DE-SEMANA.jpg","datePublished":"2019-06-13T11:46:27+00:00","dateModified":"2019-06-13T11:49:17+00:00","author":{"@id":"https:\/\/www.turismoaguarda.es\/#\/schema\/person\/a8b0c27ad7bcbb6c19799e934727508e"},"breadcrumb":{"@id":"https:\/\/www.turismoaguarda.es\/musica-festejos-exposiciones-visitas-guiadas-y-mucho-mas-en-este-fin-de-semana-en-a-guarda\/#breadcrumb"},"inLanguage":"en-US","potentialAction":[{"@type":"ReadAction","target":["https:\/\/www.turismoaguarda.es\/musica-festejos-exposiciones-visitas-guiadas-y-mucho-mas-en-este-fin-de-semana-en-a-guarda\/"]}]},{"@type":"ImageObject","inLanguage":"en-US","@id":"https:\/\/www.turismoaguarda.es\/musica-festejos-exposiciones-visitas-guiadas-y-mucho-mas-en-este-fin-de-semana-en-a-guarda\/#primaryimage","url":"https:\/\/www.turismoaguarda.es\/wp-content\/uploads\/2019\/06\/NP-13062019-FIN-DE-SEMANA.jpg","contentUrl":"https:\/\/www.turismoaguarda.es\/wp-content\/uploads\/2019\/06\/NP-13062019-FIN-DE-SEMANA.jpg","width":800,"height":800},{"@type":"BreadcrumbList","@id":"https:\/\/www.turismoaguarda.es\/musica-festejos-exposiciones-visitas-guiadas-y-mucho-mas-en-este-fin-de-semana-en-a-guarda\/#breadcrumb","itemListElement":[{"@type":"ListItem","position":1,"name":"Portada","item":"https:\/\/www.turismoaguarda.es\/en\/"},{"@type":"ListItem","position":2,"name":"M\u00fasica, festejos, exposiciones, visitas guiadas y mucho m\u00e1s en este fin de semana en A Guarda"}]},{"@type":"WebSite","@id":"https:\/\/www.turismoaguarda.es\/#website","url":"https:\/\/www.turismoaguarda.es\/","name":"Turismo A Guarda","description":"Informaci\u00f3n tur\u00edstica de A Guarda y alrededores.","potentialAction":[{"@type":"SearchAction","target":{"@type":"EntryPoint","urlTemplate":"https:\/\/www.turismoaguarda.es\/?s={search_term_string}"},"query-input":{"@type":"PropertyValueSpecification","valueRequired":true,"valueName":"search_term_string"}}],"inLanguage":"en-US"},{"@type":"Person","@id":"https:\/\/www.turismoaguarda.es\/#\/schema\/person\/a8b0c27ad7bcbb6c19799e934727508e","name":"Prensa A Guarda","image":{"@type":"ImageObject","inLanguage":"en-US","@id":"https:\/\/secure.gravatar.com\/avatar\/387e117f874ba5d0a3439060b45d914395d77287b2e4890a49d1599fc3ef9189?s=96&d=mm&r=g","url":"https:\/\/secure.gravatar.com\/avatar\/387e117f874ba5d0a3439060b45d914395d77287b2e4890a49d1599fc3ef9189?s=96&d=mm&r=g","contentUrl":"https:\/\/secure.gravatar.com\/avatar\/387e117f874ba5d0a3439060b45d914395d77287b2e4890a49d1599fc3ef9189?s=96&d=mm&r=g","caption":"Prensa A Guarda"},"url":"https:\/\/www.turismoaguarda.es\/en\/author\/prensa\/"}]}},"_links":{"self":[{"href":"https:\/\/www.turismoaguarda.es\/en\/wp-json\/wp\/v2\/posts\/10924","targetHints":{"allow":["GET"]}}],"collection":[{"href":"https:\/\/www.turismoaguarda.es\/en\/wp-json\/wp\/v2\/posts"}],"about":[{"href":"https:\/\/www.turismoaguarda.es\/en\/wp-json\/wp\/v2\/types\/post"}],"author":[{"embeddable":true,"href":"https:\/\/www.turismoaguarda.es\/en\/wp-json\/wp\/v2\/users\/11"}],"replies":[{"embeddable":true,"href":"https:\/\/www.turismoaguarda.es\/en\/wp-json\/wp\/v2\/comments?post=10924"}],"version-history":[{"count":1,"href":"https:\/\/www.turismoaguarda.es\/en\/wp-json\/wp\/v2\/posts\/10924\/revisions"}],"predecessor-version":[{"id":10928,"href":"https:\/\/www.turismoaguarda.es\/en\/wp-json\/wp\/v2\/posts\/10924\/revisions\/10928"}],"wp:featuredmedia":[{"embeddable":true,"href":"https:\/\/www.turismoaguarda.es\/en\/wp-json\/wp\/v2\/media\/10925"}],"wp:attachment":[{"href":"https:\/\/www.turismoaguarda.es\/en\/wp-json\/wp\/v2\/media?parent=10924"}],"wp:term":[{"taxonomy":"category","embeddable":true,"href":"https:\/\/www.turismoaguarda.es\/en\/wp-json\/wp\/v2\/categories?post=10924"},{"taxonomy":"post_tag","embeddable":true,"href":"https:\/\/www.turismoaguarda.es\/en\/wp-json\/wp\/v2\/tags?post=10924"}],"curies":[{"name":"wp","href":"https:\/\/api.w.org\/{rel}","templated":true}]}}