{"id":10360,"date":"2019-05-06T12:46:54","date_gmt":"2019-05-06T10:46:54","guid":{"rendered":"http:\/\/www.turismoaguarda.es\/?p=10360"},"modified":"2019-05-06T12:47:18","modified_gmt":"2019-05-06T10:47:18","slug":"vecinos-de-a-guarda-y-caminha-realizaron-la-ruta-da-pedra-e-da-auga","status":"publish","type":"post","link":"https:\/\/www.turismoaguarda.es\/en\/vecinos-de-a-guarda-y-caminha-realizaron-la-ruta-da-pedra-e-da-auga\/","title":{"rendered":"Vecinos de A Guarda y Caminha realizaron la \u00abRuta da Pedra e da Auga\u00bb"},"content":{"rendered":"<p style=\"text-align: justify;\">El Ayuntamiento de A Guarda y la C\u00e1mara Municipal de Caminha contin\u00faan ofertando actividades deportivas conjuntas con un nuevo calendario de andainas para este a\u00f1o 2019, en el que se incluyen un total de 5 andainas y, como en las ediciones anteriores, los recorridos ser\u00e1n en Galicia y Portugal.<\/p>\n<p style=\"text-align: justify;\">Las andainas se iniciaron en el mes de febrero y el pasado 1 de mayo se realiz\u00f3 la ruta \u201cda Pedra e da Auga\u201d y del R\u00edo San Marti\u00f1o y terminar\u00e1n con la ruta del Sendero del Mirador de Matac\u00e1s el s\u00e1bado 1 de junio.<\/p>\n<p style=\"text-align: justify;\">La PR-G171 \u00abRuta Da Pedra e da Auga e do R\u00edo San Marti\u00f1o\u00bb, transcurre por el ayuntamiento de Meis, donde los participantes recorrieron un total de 20km de distancia comezando y terminando la ruta en el monastero cisterciense de Armenteira.<\/p>\n<p style=\"text-align: justify;\">Comienza y termina la ruta en el monastero cisterciense de Armenteira. La andaina est\u00e1 compuesta en realidad de dos rutas. La de \u201cA Pedra e da Auga\u201d con numerosos molinos restaurados salpicados por las riberas del r\u00edo Armenteira. En los alrededores de Barrantes iniciamos la ruta por el r\u00edo San Marti\u00f1o que nos permitir\u00e1 contemplar interesantes iglesias rom\u00e1nicas (San Marti\u00f1o y San Salvador de Meis) y espl\u00e9ndidos paisajes de la r\u00eda de Arousa.<\/p>\n<p style=\"text-align: center;\"><strong>Calendario 2019 de Andainas<\/strong><\/p>\n<p style=\"text-align: justify;\">ANDAINA 5.- S\u00c1BADO, 1 DE JUNIO: SENDERO DEL MIRADOR DE MATAC\u00c1S (CASTRO CALDELAS &#8211; OURENSE)<\/p>\n<p style=\"text-align: justify;\">Distancia: 16,5 km<\/p>\n<p style=\"text-align: justify;\">Salida: 9.00 h. desde la explanada de A Sangri\u00f1a<\/p>\n<p style=\"text-align: justify;\">Hora aproximada de llegada A Guarda: 20.00 h.<\/p>\n<p style=\"text-align: justify;\">Precio:<\/p>\n<p style=\"text-align: justify;\">Descripci\u00f3n: Es la andaina de mayor exigencia f\u00edsica de las realizadas en este a\u00f1o por el desnivel acumulado de subida de 1.141 m. Se trata de una ruta homologada en el 2018 (PR-G 237) en la Ribeira Sacra de Ourense, en el Ayuntamiento de Castro Caldelas. En el recorrido podremos contemplar vi\u00f1edos, casta\u00f1ales y alcornocales centenarios as\u00ed como la espectacular panor\u00e1mica sobre el Ca\u00f1\u00f3n del Sil desde las \u201cPenas de Matac\u00e1s\u201d.<\/p>\n<p style=\"text-align: center;\"><a href=\"http:\/\/www.turismoaguarda.es\/?attachment_id=10350\" rel=\"attachment wp-att-10350\"><img loading=\"lazy\" decoding=\"async\" class=\"alignleft size-full wp-image-10350\" src=\"http:\/\/www.turismoaguarda.es\/wp-content\/uploads\/2019\/05\/NP-06052019-Veci\u00f1os-da-Guarda-e-Caminha-realizaron-a-Ruta-da-Pedra-e-da-Auga-2-1.jpg\" alt=\"La PR-G171 \u00abRuta Da Pedra e da Auga e do R\u00edo San Marti\u00f1o\u00bb, transcurre por el ayuntamiento de Meis, donde los participantes recorrieron un total de 20km de distancia comezando y terminando la ruta en el monastero cisterciense de Armenteira.\" width=\"800\" height=\"600\" srcset=\"https:\/\/www.turismoaguarda.es\/wp-content\/uploads\/2019\/05\/NP-06052019-Veci\u00f1os-da-Guarda-e-Caminha-realizaron-a-Ruta-da-Pedra-e-da-Auga-2-1.jpg 800w, https:\/\/www.turismoaguarda.es\/wp-content\/uploads\/2019\/05\/NP-06052019-Veci\u00f1os-da-Guarda-e-Caminha-realizaron-a-Ruta-da-Pedra-e-da-Auga-2-1-300x225.jpg 300w, https:\/\/www.turismoaguarda.es\/wp-content\/uploads\/2019\/05\/NP-06052019-Veci\u00f1os-da-Guarda-e-Caminha-realizaron-a-Ruta-da-Pedra-e-da-Auga-2-1-768x576.jpg 768w, https:\/\/www.turismoaguarda.es\/wp-content\/uploads\/2019\/05\/NP-06052019-Veci\u00f1os-da-Guarda-e-Caminha-realizaron-a-Ruta-da-Pedra-e-da-Auga-2-1-150x113.jpg 150w, https:\/\/www.turismoaguarda.es\/wp-content\/uploads\/2019\/05\/NP-06052019-Veci\u00f1os-da-Guarda-e-Caminha-realizaron-a-Ruta-da-Pedra-e-da-Auga-2-1-500x375.jpg 500w\" sizes=\"auto, (max-width: 800px) 100vw, 800px\" \/><\/a><\/p>\n","protected":false},"excerpt":{"rendered":"<p>El Ayuntamiento de A Guarda y la C\u00e1mara Municipal de Caminha contin\u00faan ofertando actividades deportivas conjuntas con un nuevo calendario de andainas para este a\u00f1o 2019, en el que se incluyen un total de 5 andainas y, como en las ediciones anteriores, los recorridos ser\u00e1n en Galicia y Portugal. Las andainas se iniciaron en el<\/p>\n<div class=\"padding-top text-center\"><a href=\"https:\/\/www.turismoaguarda.es\/en\/vecinos-de-a-guarda-y-caminha-realizaron-la-ruta-da-pedra-e-da-auga\/\" class=\"atbtn atbtn--medium atbtn--rounded atbtn--transparent\">Read more<i class=\"atbtn__icon atbtn__icon--right fa fa-long-arrow-right\"><\/i><\/a><\/div>\n","protected":false},"author":11,"featured_media":10347,"comment_status":"open","ping_status":"open","sticky":false,"template":"","format":"standard","meta":{"footnotes":""},"categories":[44],"tags":[169,686,423,168],"class_list":["post-10360","post","type-post","status-publish","format-standard","has-post-thumbnail","hentry","category-noticias-turismo","tag-a-guarda","tag-andainas","tag-caminha","tag-turismo"],"yoast_head":"<!-- This site is optimized with the Yoast SEO plugin v27.5 - https:\/\/yoast.com\/product\/yoast-seo-wordpress\/ -->\n<title>Vecinos de A Guarda y Caminha realizaron la \u00abRuta da Pedra e da Auga\u00bb | Turismo A Guarda<\/title>\n<meta name=\"robots\" content=\"index, follow, max-snippet:-1, max-image-preview:large, max-video-preview:-1\" \/>\n<link rel=\"canonical\" href=\"https:\/\/www.turismoaguarda.es\/vecinos-de-a-guarda-y-caminha-realizaron-la-ruta-da-pedra-e-da-auga\/\" \/>\n<meta property=\"og:locale\" content=\"en_US\" \/>\n<meta property=\"og:type\" content=\"article\" \/>\n<meta property=\"og:title\" content=\"Vecinos de A Guarda y Caminha realizaron la \u00abRuta da Pedra e da Auga\u00bb | Turismo A Guarda\" \/>\n<meta property=\"og:description\" content=\"El Ayuntamiento de A Guarda y la C\u00e1mara Municipal de Caminha contin\u00faan ofertando actividades deportivas conjuntas con un nuevo calendario de andainas para este a\u00f1o 2019, en el que se incluyen un total de 5 andainas y, como en las ediciones anteriores, los recorridos ser\u00e1n en Galicia y Portugal. Las andainas se iniciaron en elRead more\" \/>\n<meta property=\"og:url\" content=\"https:\/\/www.turismoaguarda.es\/vecinos-de-a-guarda-y-caminha-realizaron-la-ruta-da-pedra-e-da-auga\/\" \/>\n<meta property=\"og:site_name\" content=\"Turismo A Guarda\" \/>\n<meta property=\"article:publisher\" content=\"https:\/\/es-es.facebook.com\/Turismo-A-Guarda-126223240790625\/\" \/>\n<meta property=\"article:published_time\" content=\"2019-05-06T10:46:54+00:00\" \/>\n<meta property=\"article:modified_time\" content=\"2019-05-06T10:47:18+00:00\" \/>\n<meta property=\"og:image\" content=\"https:\/\/www.turismoaguarda.es\/wp-content\/uploads\/2019\/05\/NP-06052019-Veci\u00f1os-da-Guarda-e-Caminha-realizaron-a-Ruta-da-Pedra-e-da-Auga-3-1.jpg\" \/>\n\t<meta property=\"og:image:width\" content=\"800\" \/>\n\t<meta property=\"og:image:height\" content=\"600\" \/>\n\t<meta property=\"og:image:type\" content=\"image\/jpeg\" \/>\n<meta name=\"author\" content=\"Prensa A Guarda\" \/>\n<meta name=\"twitter:card\" content=\"summary_large_image\" \/>\n<meta name=\"twitter:creator\" content=\"@TurismoAGuarda\" \/>\n<meta name=\"twitter:site\" content=\"@TurismoAGuarda\" \/>\n<meta name=\"twitter:label1\" content=\"Written by\" \/>\n\t<meta name=\"twitter:data1\" content=\"Prensa A Guarda\" \/>\n\t<meta name=\"twitter:label2\" content=\"Est. reading time\" \/>\n\t<meta name=\"twitter:data2\" content=\"2 minutes\" \/>\n<script type=\"application\/ld+json\" class=\"yoast-schema-graph\">{\"@context\":\"https:\\\/\\\/schema.org\",\"@graph\":[{\"@type\":\"Article\",\"@id\":\"https:\\\/\\\/www.turismoaguarda.es\\\/vecinos-de-a-guarda-y-caminha-realizaron-la-ruta-da-pedra-e-da-auga\\\/#article\",\"isPartOf\":{\"@id\":\"https:\\\/\\\/www.turismoaguarda.es\\\/vecinos-de-a-guarda-y-caminha-realizaron-la-ruta-da-pedra-e-da-auga\\\/\"},\"author\":{\"name\":\"Prensa A Guarda\",\"@id\":\"https:\\\/\\\/www.turismoaguarda.es\\\/#\\\/schema\\\/person\\\/a8b0c27ad7bcbb6c19799e934727508e\"},\"headline\":\"Vecinos de A Guarda y Caminha realizaron la \u00abRuta da Pedra e da Auga\u00bb\",\"datePublished\":\"2019-05-06T10:46:54+00:00\",\"dateModified\":\"2019-05-06T10:47:18+00:00\",\"mainEntityOfPage\":{\"@id\":\"https:\\\/\\\/www.turismoaguarda.es\\\/vecinos-de-a-guarda-y-caminha-realizaron-la-ruta-da-pedra-e-da-auga\\\/\"},\"wordCount\":349,\"commentCount\":0,\"image\":{\"@id\":\"https:\\\/\\\/www.turismoaguarda.es\\\/vecinos-de-a-guarda-y-caminha-realizaron-la-ruta-da-pedra-e-da-auga\\\/#primaryimage\"},\"thumbnailUrl\":\"https:\\\/\\\/www.turismoaguarda.es\\\/wp-content\\\/uploads\\\/2019\\\/05\\\/NP-06052019-Veci\u00f1os-da-Guarda-e-Caminha-realizaron-a-Ruta-da-Pedra-e-da-Auga-3-1.jpg\",\"keywords\":[\"A Guarda\",\"andainas\",\"Caminha\",\"turismo\"],\"articleSection\":[\"Noticias Turismo\"],\"inLanguage\":\"en-US\",\"potentialAction\":[{\"@type\":\"CommentAction\",\"name\":\"Comment\",\"target\":[\"https:\\\/\\\/www.turismoaguarda.es\\\/vecinos-de-a-guarda-y-caminha-realizaron-la-ruta-da-pedra-e-da-auga\\\/#respond\"]}]},{\"@type\":\"WebPage\",\"@id\":\"https:\\\/\\\/www.turismoaguarda.es\\\/vecinos-de-a-guarda-y-caminha-realizaron-la-ruta-da-pedra-e-da-auga\\\/\",\"url\":\"https:\\\/\\\/www.turismoaguarda.es\\\/vecinos-de-a-guarda-y-caminha-realizaron-la-ruta-da-pedra-e-da-auga\\\/\",\"name\":\"Vecinos de A Guarda y Caminha realizaron la \u00abRuta da Pedra e da Auga\u00bb | Turismo A Guarda\",\"isPartOf\":{\"@id\":\"https:\\\/\\\/www.turismoaguarda.es\\\/#website\"},\"primaryImageOfPage\":{\"@id\":\"https:\\\/\\\/www.turismoaguarda.es\\\/vecinos-de-a-guarda-y-caminha-realizaron-la-ruta-da-pedra-e-da-auga\\\/#primaryimage\"},\"image\":{\"@id\":\"https:\\\/\\\/www.turismoaguarda.es\\\/vecinos-de-a-guarda-y-caminha-realizaron-la-ruta-da-pedra-e-da-auga\\\/#primaryimage\"},\"thumbnailUrl\":\"https:\\\/\\\/www.turismoaguarda.es\\\/wp-content\\\/uploads\\\/2019\\\/05\\\/NP-06052019-Veci\u00f1os-da-Guarda-e-Caminha-realizaron-a-Ruta-da-Pedra-e-da-Auga-3-1.jpg\",\"datePublished\":\"2019-05-06T10:46:54+00:00\",\"dateModified\":\"2019-05-06T10:47:18+00:00\",\"author\":{\"@id\":\"https:\\\/\\\/www.turismoaguarda.es\\\/#\\\/schema\\\/person\\\/a8b0c27ad7bcbb6c19799e934727508e\"},\"breadcrumb\":{\"@id\":\"https:\\\/\\\/www.turismoaguarda.es\\\/vecinos-de-a-guarda-y-caminha-realizaron-la-ruta-da-pedra-e-da-auga\\\/#breadcrumb\"},\"inLanguage\":\"en-US\",\"potentialAction\":[{\"@type\":\"ReadAction\",\"target\":[\"https:\\\/\\\/www.turismoaguarda.es\\\/vecinos-de-a-guarda-y-caminha-realizaron-la-ruta-da-pedra-e-da-auga\\\/\"]}]},{\"@type\":\"ImageObject\",\"inLanguage\":\"en-US\",\"@id\":\"https:\\\/\\\/www.turismoaguarda.es\\\/vecinos-de-a-guarda-y-caminha-realizaron-la-ruta-da-pedra-e-da-auga\\\/#primaryimage\",\"url\":\"https:\\\/\\\/www.turismoaguarda.es\\\/wp-content\\\/uploads\\\/2019\\\/05\\\/NP-06052019-Veci\u00f1os-da-Guarda-e-Caminha-realizaron-a-Ruta-da-Pedra-e-da-Auga-3-1.jpg\",\"contentUrl\":\"https:\\\/\\\/www.turismoaguarda.es\\\/wp-content\\\/uploads\\\/2019\\\/05\\\/NP-06052019-Veci\u00f1os-da-Guarda-e-Caminha-realizaron-a-Ruta-da-Pedra-e-da-Auga-3-1.jpg\",\"width\":800,\"height\":600,\"caption\":\"La PR-G171 \u00abRuta Da Pedra e da Auga e do R\u00edo San Marti\u00f1o\u00bb, transcurre por el ayuntamiento de Meis, donde los participantes recorrieron un total de 20km de distancia comezando y terminando la ruta en el monastero cisterciense de Armenteira.\"},{\"@type\":\"BreadcrumbList\",\"@id\":\"https:\\\/\\\/www.turismoaguarda.es\\\/vecinos-de-a-guarda-y-caminha-realizaron-la-ruta-da-pedra-e-da-auga\\\/#breadcrumb\",\"itemListElement\":[{\"@type\":\"ListItem\",\"position\":1,\"name\":\"Portada\",\"item\":\"https:\\\/\\\/www.turismoaguarda.es\\\/en\\\/\"},{\"@type\":\"ListItem\",\"position\":2,\"name\":\"Vecinos de A Guarda y Caminha realizaron la \u00abRuta da Pedra e da Auga\u00bb\"}]},{\"@type\":\"WebSite\",\"@id\":\"https:\\\/\\\/www.turismoaguarda.es\\\/#website\",\"url\":\"https:\\\/\\\/www.turismoaguarda.es\\\/\",\"name\":\"Turismo A Guarda\",\"description\":\"Informaci\u00f3n tur\u00edstica de A Guarda y alrededores.\",\"potentialAction\":[{\"@type\":\"SearchAction\",\"target\":{\"@type\":\"EntryPoint\",\"urlTemplate\":\"https:\\\/\\\/www.turismoaguarda.es\\\/?s={search_term_string}\"},\"query-input\":{\"@type\":\"PropertyValueSpecification\",\"valueRequired\":true,\"valueName\":\"search_term_string\"}}],\"inLanguage\":\"en-US\"},{\"@type\":\"Person\",\"@id\":\"https:\\\/\\\/www.turismoaguarda.es\\\/#\\\/schema\\\/person\\\/a8b0c27ad7bcbb6c19799e934727508e\",\"name\":\"Prensa A Guarda\",\"image\":{\"@type\":\"ImageObject\",\"inLanguage\":\"en-US\",\"@id\":\"https:\\\/\\\/secure.gravatar.com\\\/avatar\\\/387e117f874ba5d0a3439060b45d914395d77287b2e4890a49d1599fc3ef9189?s=96&d=mm&r=g\",\"url\":\"https:\\\/\\\/secure.gravatar.com\\\/avatar\\\/387e117f874ba5d0a3439060b45d914395d77287b2e4890a49d1599fc3ef9189?s=96&d=mm&r=g\",\"contentUrl\":\"https:\\\/\\\/secure.gravatar.com\\\/avatar\\\/387e117f874ba5d0a3439060b45d914395d77287b2e4890a49d1599fc3ef9189?s=96&d=mm&r=g\",\"caption\":\"Prensa A Guarda\"},\"url\":\"https:\\\/\\\/www.turismoaguarda.es\\\/en\\\/author\\\/prensa\\\/\"}]}<\/script>\n<!-- \/ Yoast SEO plugin. -->","yoast_head_json":{"title":"Vecinos de A Guarda y Caminha realizaron la \u00abRuta da Pedra e da Auga\u00bb | Turismo A Guarda","robots":{"index":"index","follow":"follow","max-snippet":"max-snippet:-1","max-image-preview":"max-image-preview:large","max-video-preview":"max-video-preview:-1"},"canonical":"https:\/\/www.turismoaguarda.es\/vecinos-de-a-guarda-y-caminha-realizaron-la-ruta-da-pedra-e-da-auga\/","og_locale":"en_US","og_type":"article","og_title":"Vecinos de A Guarda y Caminha realizaron la \u00abRuta da Pedra e da Auga\u00bb | Turismo A Guarda","og_description":"El Ayuntamiento de A Guarda y la C\u00e1mara Municipal de Caminha contin\u00faan ofertando actividades deportivas conjuntas con un nuevo calendario de andainas para este a\u00f1o 2019, en el que se incluyen un total de 5 andainas y, como en las ediciones anteriores, los recorridos ser\u00e1n en Galicia y Portugal. Las andainas se iniciaron en elRead more","og_url":"https:\/\/www.turismoaguarda.es\/vecinos-de-a-guarda-y-caminha-realizaron-la-ruta-da-pedra-e-da-auga\/","og_site_name":"Turismo A Guarda","article_publisher":"https:\/\/es-es.facebook.com\/Turismo-A-Guarda-126223240790625\/","article_published_time":"2019-05-06T10:46:54+00:00","article_modified_time":"2019-05-06T10:47:18+00:00","og_image":[{"width":800,"height":600,"url":"https:\/\/www.turismoaguarda.es\/wp-content\/uploads\/2019\/05\/NP-06052019-Veci\u00f1os-da-Guarda-e-Caminha-realizaron-a-Ruta-da-Pedra-e-da-Auga-3-1.jpg","type":"image\/jpeg"}],"author":"Prensa A Guarda","twitter_card":"summary_large_image","twitter_creator":"@TurismoAGuarda","twitter_site":"@TurismoAGuarda","twitter_misc":{"Written by":"Prensa A Guarda","Est. reading time":"2 minutes"},"schema":{"@context":"https:\/\/schema.org","@graph":[{"@type":"Article","@id":"https:\/\/www.turismoaguarda.es\/vecinos-de-a-guarda-y-caminha-realizaron-la-ruta-da-pedra-e-da-auga\/#article","isPartOf":{"@id":"https:\/\/www.turismoaguarda.es\/vecinos-de-a-guarda-y-caminha-realizaron-la-ruta-da-pedra-e-da-auga\/"},"author":{"name":"Prensa A Guarda","@id":"https:\/\/www.turismoaguarda.es\/#\/schema\/person\/a8b0c27ad7bcbb6c19799e934727508e"},"headline":"Vecinos de A Guarda y Caminha realizaron la \u00abRuta da Pedra e da Auga\u00bb","datePublished":"2019-05-06T10:46:54+00:00","dateModified":"2019-05-06T10:47:18+00:00","mainEntityOfPage":{"@id":"https:\/\/www.turismoaguarda.es\/vecinos-de-a-guarda-y-caminha-realizaron-la-ruta-da-pedra-e-da-auga\/"},"wordCount":349,"commentCount":0,"image":{"@id":"https:\/\/www.turismoaguarda.es\/vecinos-de-a-guarda-y-caminha-realizaron-la-ruta-da-pedra-e-da-auga\/#primaryimage"},"thumbnailUrl":"https:\/\/www.turismoaguarda.es\/wp-content\/uploads\/2019\/05\/NP-06052019-Veci\u00f1os-da-Guarda-e-Caminha-realizaron-a-Ruta-da-Pedra-e-da-Auga-3-1.jpg","keywords":["A Guarda","andainas","Caminha","turismo"],"articleSection":["Noticias Turismo"],"inLanguage":"en-US","potentialAction":[{"@type":"CommentAction","name":"Comment","target":["https:\/\/www.turismoaguarda.es\/vecinos-de-a-guarda-y-caminha-realizaron-la-ruta-da-pedra-e-da-auga\/#respond"]}]},{"@type":"WebPage","@id":"https:\/\/www.turismoaguarda.es\/vecinos-de-a-guarda-y-caminha-realizaron-la-ruta-da-pedra-e-da-auga\/","url":"https:\/\/www.turismoaguarda.es\/vecinos-de-a-guarda-y-caminha-realizaron-la-ruta-da-pedra-e-da-auga\/","name":"Vecinos de A Guarda y Caminha realizaron la \u00abRuta da Pedra e da Auga\u00bb | Turismo A Guarda","isPartOf":{"@id":"https:\/\/www.turismoaguarda.es\/#website"},"primaryImageOfPage":{"@id":"https:\/\/www.turismoaguarda.es\/vecinos-de-a-guarda-y-caminha-realizaron-la-ruta-da-pedra-e-da-auga\/#primaryimage"},"image":{"@id":"https:\/\/www.turismoaguarda.es\/vecinos-de-a-guarda-y-caminha-realizaron-la-ruta-da-pedra-e-da-auga\/#primaryimage"},"thumbnailUrl":"https:\/\/www.turismoaguarda.es\/wp-content\/uploads\/2019\/05\/NP-06052019-Veci\u00f1os-da-Guarda-e-Caminha-realizaron-a-Ruta-da-Pedra-e-da-Auga-3-1.jpg","datePublished":"2019-05-06T10:46:54+00:00","dateModified":"2019-05-06T10:47:18+00:00","author":{"@id":"https:\/\/www.turismoaguarda.es\/#\/schema\/person\/a8b0c27ad7bcbb6c19799e934727508e"},"breadcrumb":{"@id":"https:\/\/www.turismoaguarda.es\/vecinos-de-a-guarda-y-caminha-realizaron-la-ruta-da-pedra-e-da-auga\/#breadcrumb"},"inLanguage":"en-US","potentialAction":[{"@type":"ReadAction","target":["https:\/\/www.turismoaguarda.es\/vecinos-de-a-guarda-y-caminha-realizaron-la-ruta-da-pedra-e-da-auga\/"]}]},{"@type":"ImageObject","inLanguage":"en-US","@id":"https:\/\/www.turismoaguarda.es\/vecinos-de-a-guarda-y-caminha-realizaron-la-ruta-da-pedra-e-da-auga\/#primaryimage","url":"https:\/\/www.turismoaguarda.es\/wp-content\/uploads\/2019\/05\/NP-06052019-Veci\u00f1os-da-Guarda-e-Caminha-realizaron-a-Ruta-da-Pedra-e-da-Auga-3-1.jpg","contentUrl":"https:\/\/www.turismoaguarda.es\/wp-content\/uploads\/2019\/05\/NP-06052019-Veci\u00f1os-da-Guarda-e-Caminha-realizaron-a-Ruta-da-Pedra-e-da-Auga-3-1.jpg","width":800,"height":600,"caption":"La PR-G171 \u00abRuta Da Pedra e da Auga e do R\u00edo San Marti\u00f1o\u00bb, transcurre por el ayuntamiento de Meis, donde los participantes recorrieron un total de 20km de distancia comezando y terminando la ruta en el monastero cisterciense de Armenteira."},{"@type":"BreadcrumbList","@id":"https:\/\/www.turismoaguarda.es\/vecinos-de-a-guarda-y-caminha-realizaron-la-ruta-da-pedra-e-da-auga\/#breadcrumb","itemListElement":[{"@type":"ListItem","position":1,"name":"Portada","item":"https:\/\/www.turismoaguarda.es\/en\/"},{"@type":"ListItem","position":2,"name":"Vecinos de A Guarda y Caminha realizaron la \u00abRuta da Pedra e da Auga\u00bb"}]},{"@type":"WebSite","@id":"https:\/\/www.turismoaguarda.es\/#website","url":"https:\/\/www.turismoaguarda.es\/","name":"Turismo A Guarda","description":"Informaci\u00f3n tur\u00edstica de A Guarda y alrededores.","potentialAction":[{"@type":"SearchAction","target":{"@type":"EntryPoint","urlTemplate":"https:\/\/www.turismoaguarda.es\/?s={search_term_string}"},"query-input":{"@type":"PropertyValueSpecification","valueRequired":true,"valueName":"search_term_string"}}],"inLanguage":"en-US"},{"@type":"Person","@id":"https:\/\/www.turismoaguarda.es\/#\/schema\/person\/a8b0c27ad7bcbb6c19799e934727508e","name":"Prensa A Guarda","image":{"@type":"ImageObject","inLanguage":"en-US","@id":"https:\/\/secure.gravatar.com\/avatar\/387e117f874ba5d0a3439060b45d914395d77287b2e4890a49d1599fc3ef9189?s=96&d=mm&r=g","url":"https:\/\/secure.gravatar.com\/avatar\/387e117f874ba5d0a3439060b45d914395d77287b2e4890a49d1599fc3ef9189?s=96&d=mm&r=g","contentUrl":"https:\/\/secure.gravatar.com\/avatar\/387e117f874ba5d0a3439060b45d914395d77287b2e4890a49d1599fc3ef9189?s=96&d=mm&r=g","caption":"Prensa A Guarda"},"url":"https:\/\/www.turismoaguarda.es\/en\/author\/prensa\/"}]}},"_links":{"self":[{"href":"https:\/\/www.turismoaguarda.es\/en\/wp-json\/wp\/v2\/posts\/10360","targetHints":{"allow":["GET"]}}],"collection":[{"href":"https:\/\/www.turismoaguarda.es\/en\/wp-json\/wp\/v2\/posts"}],"about":[{"href":"https:\/\/www.turismoaguarda.es\/en\/wp-json\/wp\/v2\/types\/post"}],"author":[{"embeddable":true,"href":"https:\/\/www.turismoaguarda.es\/en\/wp-json\/wp\/v2\/users\/11"}],"replies":[{"embeddable":true,"href":"https:\/\/www.turismoaguarda.es\/en\/wp-json\/wp\/v2\/comments?post=10360"}],"version-history":[{"count":1,"href":"https:\/\/www.turismoaguarda.es\/en\/wp-json\/wp\/v2\/posts\/10360\/revisions"}],"predecessor-version":[{"id":10361,"href":"https:\/\/www.turismoaguarda.es\/en\/wp-json\/wp\/v2\/posts\/10360\/revisions\/10361"}],"wp:featuredmedia":[{"embeddable":true,"href":"https:\/\/www.turismoaguarda.es\/en\/wp-json\/wp\/v2\/media\/10347"}],"wp:attachment":[{"href":"https:\/\/www.turismoaguarda.es\/en\/wp-json\/wp\/v2\/media?parent=10360"}],"wp:term":[{"taxonomy":"category","embeddable":true,"href":"https:\/\/www.turismoaguarda.es\/en\/wp-json\/wp\/v2\/categories?post=10360"},{"taxonomy":"post_tag","embeddable":true,"href":"https:\/\/www.turismoaguarda.es\/en\/wp-json\/wp\/v2\/tags?post=10360"}],"curies":[{"name":"wp","href":"https:\/\/api.w.org\/{rel}","templated":true}]}}