{"id":10313,"date":"2019-05-03T11:14:10","date_gmt":"2019-05-03T09:14:10","guid":{"rendered":"http:\/\/www.turismoaguarda.es\/?p=10313"},"modified":"2019-05-03T11:14:10","modified_gmt":"2019-05-03T09:14:10","slug":"abierta-la-encuesta-para-aportar-opiniones-y-valoraciones-sobre-el-xeodestino-ria-de-vigo-e-baixo-mino","status":"publish","type":"post","link":"https:\/\/www.turismoaguarda.es\/en\/abierta-la-encuesta-para-aportar-opiniones-y-valoraciones-sobre-el-xeodestino-ria-de-vigo-e-baixo-mino\/","title":{"rendered":"Abierta la encuesta para aportar opiniones y valoraciones sobre el \u00abXeodestino R\u00eda de Vigo e Baixo Mi\u00f1o\u00bb"},"content":{"rendered":"<p style=\"text-align: justify;\">En el marco de la Estrategia de Turismo del \u00abxeodestino R\u00eda de Vigo e Baixo Mi\u00f1o\u00bb, se acaba de poner en marcha una p\u00e1gina web que pretende servir como mecanismo de participaci\u00f3n a toda aquella persona que desee aportar sus opiniones y valoraciones.<\/p>\n<p style=\"text-align: justify;\">As\u00ed mismo, servir\u00e1 como veh\u00edculo de comunicaci\u00f3n de diferentes avances del plan estrat\u00e9gico. Toda persona, empresa o instituci\u00f3n con inter\u00e9s en el sector tur\u00edstico, puede participar accediendo al link <a href=\"http:\/\/estratexiaturismo.riadevigobaixomino.com\/\">http:\/\/estratexiaturismo.riadevigobaixomino.com\/<\/a>.<\/p>\n<p style=\"text-align: justify;\">A raz\u00f3n de ser de esta web es la implicaci\u00f3n y participaci\u00f3n de profesionales del turismo y de la poblaci\u00f3n local, de cara a obtener una \u00f3ptima radiograf\u00eda de la situaci\u00f3n actual que sirva como punto de partida a la hora de definir estrategias que permitan mejorar la competitividad del sector tur\u00edstico de los 14 ayuntamientos que componen el xeodestino.<\/p>\n<p style=\"text-align: justify;\">Desde el Ayuntamiento de A Guarda se agradece la participaci\u00f3n de toda aquella persona interesada en aportar ideas y valoraciones a este proyecto tur\u00edstico.<\/p>\n","protected":false},"excerpt":{"rendered":"<p>En el marco de la Estrategia de Turismo del \u00abxeodestino R\u00eda de Vigo e Baixo Mi\u00f1o\u00bb, se acaba de poner en marcha una p\u00e1gina web que pretende servir como mecanismo de participaci\u00f3n a toda aquella persona que desee aportar sus opiniones y valoraciones. As\u00ed mismo, servir\u00e1 como veh\u00edculo de comunicaci\u00f3n de diferentes avances del plan<\/p>\n<div class=\"padding-top text-center\"><a href=\"https:\/\/www.turismoaguarda.es\/en\/abierta-la-encuesta-para-aportar-opiniones-y-valoraciones-sobre-el-xeodestino-ria-de-vigo-e-baixo-mino\/\" class=\"atbtn atbtn--medium atbtn--rounded atbtn--transparent\">Read more<i class=\"atbtn__icon atbtn__icon--right fa fa-long-arrow-right\"><\/i><\/a><\/div>\n","protected":false},"author":11,"featured_media":10314,"comment_status":"open","ping_status":"open","sticky":false,"template":"","format":"standard","meta":{"footnotes":""},"categories":[44],"tags":[169,332,1558,168],"class_list":["post-10313","post","type-post","status-publish","format-standard","has-post-thumbnail","hentry","category-noticias-turismo","tag-a-guarda","tag-baixo-mino","tag-geodestino","tag-turismo"],"yoast_head":"<!-- This site is optimized with the Yoast SEO plugin v27.5 - https:\/\/yoast.com\/product\/yoast-seo-wordpress\/ -->\n<title>Abierta la encuesta para aportar opiniones y valoraciones sobre el \u00abXeodestino R\u00eda de Vigo e Baixo Mi\u00f1o\u00bb | Turismo A Guarda<\/title>\n<meta name=\"robots\" content=\"index, follow, max-snippet:-1, max-image-preview:large, max-video-preview:-1\" \/>\n<link rel=\"canonical\" href=\"https:\/\/www.turismoaguarda.es\/abierta-la-encuesta-para-aportar-opiniones-y-valoraciones-sobre-el-xeodestino-ria-de-vigo-e-baixo-mino\/\" \/>\n<meta property=\"og:locale\" content=\"en_US\" \/>\n<meta property=\"og:type\" content=\"article\" \/>\n<meta property=\"og:title\" content=\"Abierta la encuesta para aportar opiniones y valoraciones sobre el \u00abXeodestino R\u00eda de Vigo e Baixo Mi\u00f1o\u00bb | Turismo A Guarda\" \/>\n<meta property=\"og:description\" content=\"En el marco de la Estrategia de Turismo del \u00abxeodestino R\u00eda de Vigo e Baixo Mi\u00f1o\u00bb, se acaba de poner en marcha una p\u00e1gina web que pretende servir como mecanismo de participaci\u00f3n a toda aquella persona que desee aportar sus opiniones y valoraciones. As\u00ed mismo, servir\u00e1 como veh\u00edculo de comunicaci\u00f3n de diferentes avances del planRead more\" \/>\n<meta property=\"og:url\" content=\"https:\/\/www.turismoaguarda.es\/abierta-la-encuesta-para-aportar-opiniones-y-valoraciones-sobre-el-xeodestino-ria-de-vigo-e-baixo-mino\/\" \/>\n<meta property=\"og:site_name\" content=\"Turismo A Guarda\" \/>\n<meta property=\"article:publisher\" content=\"https:\/\/es-es.facebook.com\/Turismo-A-Guarda-126223240790625\/\" \/>\n<meta property=\"article:published_time\" content=\"2019-05-03T09:14:10+00:00\" \/>\n<meta property=\"og:image\" content=\"https:\/\/www.turismoaguarda.es\/wp-content\/uploads\/2019\/05\/NP-03052019-Aberta-a-enquisa-para-aportar-opini\u00f3ns-e-valoraci\u00f3ns-sobre-o-Xeodestino-R\u00eda-de-Vigo-e-Baixo-Mi\u00f1o-1.jpg\" \/>\n\t<meta property=\"og:image:width\" content=\"800\" \/>\n\t<meta property=\"og:image:height\" content=\"1466\" \/>\n\t<meta property=\"og:image:type\" content=\"image\/jpeg\" \/>\n<meta name=\"author\" content=\"Prensa A Guarda\" \/>\n<meta name=\"twitter:card\" content=\"summary_large_image\" \/>\n<meta name=\"twitter:creator\" content=\"@TurismoAGuarda\" \/>\n<meta name=\"twitter:site\" content=\"@TurismoAGuarda\" \/>\n<meta name=\"twitter:label1\" content=\"Written by\" \/>\n\t<meta name=\"twitter:data1\" content=\"Prensa A Guarda\" \/>\n\t<meta name=\"twitter:label2\" content=\"Est. reading time\" \/>\n\t<meta name=\"twitter:data2\" content=\"1 minute\" \/>\n<script type=\"application\/ld+json\" class=\"yoast-schema-graph\">{\"@context\":\"https:\\\/\\\/schema.org\",\"@graph\":[{\"@type\":\"Article\",\"@id\":\"https:\\\/\\\/www.turismoaguarda.es\\\/abierta-la-encuesta-para-aportar-opiniones-y-valoraciones-sobre-el-xeodestino-ria-de-vigo-e-baixo-mino\\\/#article\",\"isPartOf\":{\"@id\":\"https:\\\/\\\/www.turismoaguarda.es\\\/abierta-la-encuesta-para-aportar-opiniones-y-valoraciones-sobre-el-xeodestino-ria-de-vigo-e-baixo-mino\\\/\"},\"author\":{\"name\":\"Prensa A Guarda\",\"@id\":\"https:\\\/\\\/www.turismoaguarda.es\\\/#\\\/schema\\\/person\\\/a8b0c27ad7bcbb6c19799e934727508e\"},\"headline\":\"Abierta la encuesta para aportar opiniones y valoraciones sobre el \u00abXeodestino R\u00eda de Vigo e Baixo Mi\u00f1o\u00bb\",\"datePublished\":\"2019-05-03T09:14:10+00:00\",\"mainEntityOfPage\":{\"@id\":\"https:\\\/\\\/www.turismoaguarda.es\\\/abierta-la-encuesta-para-aportar-opiniones-y-valoraciones-sobre-el-xeodestino-ria-de-vigo-e-baixo-mino\\\/\"},\"wordCount\":197,\"commentCount\":0,\"image\":{\"@id\":\"https:\\\/\\\/www.turismoaguarda.es\\\/abierta-la-encuesta-para-aportar-opiniones-y-valoraciones-sobre-el-xeodestino-ria-de-vigo-e-baixo-mino\\\/#primaryimage\"},\"thumbnailUrl\":\"https:\\\/\\\/www.turismoaguarda.es\\\/wp-content\\\/uploads\\\/2019\\\/05\\\/NP-03052019-Aberta-a-enquisa-para-aportar-opini\u00f3ns-e-valoraci\u00f3ns-sobre-o-Xeodestino-R\u00eda-de-Vigo-e-Baixo-Mi\u00f1o-1.jpg\",\"keywords\":[\"A Guarda\",\"Baixo Mi\u00f1o\",\"geodestino\",\"turismo\"],\"articleSection\":[\"Noticias Turismo\"],\"inLanguage\":\"en-US\",\"potentialAction\":[{\"@type\":\"CommentAction\",\"name\":\"Comment\",\"target\":[\"https:\\\/\\\/www.turismoaguarda.es\\\/abierta-la-encuesta-para-aportar-opiniones-y-valoraciones-sobre-el-xeodestino-ria-de-vigo-e-baixo-mino\\\/#respond\"]}]},{\"@type\":\"WebPage\",\"@id\":\"https:\\\/\\\/www.turismoaguarda.es\\\/abierta-la-encuesta-para-aportar-opiniones-y-valoraciones-sobre-el-xeodestino-ria-de-vigo-e-baixo-mino\\\/\",\"url\":\"https:\\\/\\\/www.turismoaguarda.es\\\/abierta-la-encuesta-para-aportar-opiniones-y-valoraciones-sobre-el-xeodestino-ria-de-vigo-e-baixo-mino\\\/\",\"name\":\"Abierta la encuesta para aportar opiniones y valoraciones sobre el \u00abXeodestino R\u00eda de Vigo e Baixo Mi\u00f1o\u00bb | Turismo A Guarda\",\"isPartOf\":{\"@id\":\"https:\\\/\\\/www.turismoaguarda.es\\\/#website\"},\"primaryImageOfPage\":{\"@id\":\"https:\\\/\\\/www.turismoaguarda.es\\\/abierta-la-encuesta-para-aportar-opiniones-y-valoraciones-sobre-el-xeodestino-ria-de-vigo-e-baixo-mino\\\/#primaryimage\"},\"image\":{\"@id\":\"https:\\\/\\\/www.turismoaguarda.es\\\/abierta-la-encuesta-para-aportar-opiniones-y-valoraciones-sobre-el-xeodestino-ria-de-vigo-e-baixo-mino\\\/#primaryimage\"},\"thumbnailUrl\":\"https:\\\/\\\/www.turismoaguarda.es\\\/wp-content\\\/uploads\\\/2019\\\/05\\\/NP-03052019-Aberta-a-enquisa-para-aportar-opini\u00f3ns-e-valoraci\u00f3ns-sobre-o-Xeodestino-R\u00eda-de-Vigo-e-Baixo-Mi\u00f1o-1.jpg\",\"datePublished\":\"2019-05-03T09:14:10+00:00\",\"author\":{\"@id\":\"https:\\\/\\\/www.turismoaguarda.es\\\/#\\\/schema\\\/person\\\/a8b0c27ad7bcbb6c19799e934727508e\"},\"breadcrumb\":{\"@id\":\"https:\\\/\\\/www.turismoaguarda.es\\\/abierta-la-encuesta-para-aportar-opiniones-y-valoraciones-sobre-el-xeodestino-ria-de-vigo-e-baixo-mino\\\/#breadcrumb\"},\"inLanguage\":\"en-US\",\"potentialAction\":[{\"@type\":\"ReadAction\",\"target\":[\"https:\\\/\\\/www.turismoaguarda.es\\\/abierta-la-encuesta-para-aportar-opiniones-y-valoraciones-sobre-el-xeodestino-ria-de-vigo-e-baixo-mino\\\/\"]}]},{\"@type\":\"ImageObject\",\"inLanguage\":\"en-US\",\"@id\":\"https:\\\/\\\/www.turismoaguarda.es\\\/abierta-la-encuesta-para-aportar-opiniones-y-valoraciones-sobre-el-xeodestino-ria-de-vigo-e-baixo-mino\\\/#primaryimage\",\"url\":\"https:\\\/\\\/www.turismoaguarda.es\\\/wp-content\\\/uploads\\\/2019\\\/05\\\/NP-03052019-Aberta-a-enquisa-para-aportar-opini\u00f3ns-e-valoraci\u00f3ns-sobre-o-Xeodestino-R\u00eda-de-Vigo-e-Baixo-Mi\u00f1o-1.jpg\",\"contentUrl\":\"https:\\\/\\\/www.turismoaguarda.es\\\/wp-content\\\/uploads\\\/2019\\\/05\\\/NP-03052019-Aberta-a-enquisa-para-aportar-opini\u00f3ns-e-valoraci\u00f3ns-sobre-o-Xeodestino-R\u00eda-de-Vigo-e-Baixo-Mi\u00f1o-1.jpg\",\"width\":800,\"height\":1466,\"caption\":\"Toda persona, empresa o instituci\u00f3n con inter\u00e9s en el sector tur\u00edstico, puede participar accediendo al link http:\\\/\\\/estratexiaturismo.riadevigobaixomino.com\\\/.\"},{\"@type\":\"BreadcrumbList\",\"@id\":\"https:\\\/\\\/www.turismoaguarda.es\\\/abierta-la-encuesta-para-aportar-opiniones-y-valoraciones-sobre-el-xeodestino-ria-de-vigo-e-baixo-mino\\\/#breadcrumb\",\"itemListElement\":[{\"@type\":\"ListItem\",\"position\":1,\"name\":\"Portada\",\"item\":\"https:\\\/\\\/www.turismoaguarda.es\\\/en\\\/\"},{\"@type\":\"ListItem\",\"position\":2,\"name\":\"Abierta la encuesta para aportar opiniones y valoraciones sobre el \u00abXeodestino R\u00eda de Vigo e Baixo Mi\u00f1o\u00bb\"}]},{\"@type\":\"WebSite\",\"@id\":\"https:\\\/\\\/www.turismoaguarda.es\\\/#website\",\"url\":\"https:\\\/\\\/www.turismoaguarda.es\\\/\",\"name\":\"Turismo A Guarda\",\"description\":\"Informaci\u00f3n tur\u00edstica de A Guarda y alrededores.\",\"potentialAction\":[{\"@type\":\"SearchAction\",\"target\":{\"@type\":\"EntryPoint\",\"urlTemplate\":\"https:\\\/\\\/www.turismoaguarda.es\\\/?s={search_term_string}\"},\"query-input\":{\"@type\":\"PropertyValueSpecification\",\"valueRequired\":true,\"valueName\":\"search_term_string\"}}],\"inLanguage\":\"en-US\"},{\"@type\":\"Person\",\"@id\":\"https:\\\/\\\/www.turismoaguarda.es\\\/#\\\/schema\\\/person\\\/a8b0c27ad7bcbb6c19799e934727508e\",\"name\":\"Prensa A Guarda\",\"image\":{\"@type\":\"ImageObject\",\"inLanguage\":\"en-US\",\"@id\":\"https:\\\/\\\/secure.gravatar.com\\\/avatar\\\/387e117f874ba5d0a3439060b45d914395d77287b2e4890a49d1599fc3ef9189?s=96&d=mm&r=g\",\"url\":\"https:\\\/\\\/secure.gravatar.com\\\/avatar\\\/387e117f874ba5d0a3439060b45d914395d77287b2e4890a49d1599fc3ef9189?s=96&d=mm&r=g\",\"contentUrl\":\"https:\\\/\\\/secure.gravatar.com\\\/avatar\\\/387e117f874ba5d0a3439060b45d914395d77287b2e4890a49d1599fc3ef9189?s=96&d=mm&r=g\",\"caption\":\"Prensa A Guarda\"},\"url\":\"https:\\\/\\\/www.turismoaguarda.es\\\/en\\\/author\\\/prensa\\\/\"}]}<\/script>\n<!-- \/ Yoast SEO plugin. -->","yoast_head_json":{"title":"Abierta la encuesta para aportar opiniones y valoraciones sobre el \u00abXeodestino R\u00eda de Vigo e Baixo Mi\u00f1o\u00bb | Turismo A Guarda","robots":{"index":"index","follow":"follow","max-snippet":"max-snippet:-1","max-image-preview":"max-image-preview:large","max-video-preview":"max-video-preview:-1"},"canonical":"https:\/\/www.turismoaguarda.es\/abierta-la-encuesta-para-aportar-opiniones-y-valoraciones-sobre-el-xeodestino-ria-de-vigo-e-baixo-mino\/","og_locale":"en_US","og_type":"article","og_title":"Abierta la encuesta para aportar opiniones y valoraciones sobre el \u00abXeodestino R\u00eda de Vigo e Baixo Mi\u00f1o\u00bb | Turismo A Guarda","og_description":"En el marco de la Estrategia de Turismo del \u00abxeodestino R\u00eda de Vigo e Baixo Mi\u00f1o\u00bb, se acaba de poner en marcha una p\u00e1gina web que pretende servir como mecanismo de participaci\u00f3n a toda aquella persona que desee aportar sus opiniones y valoraciones. As\u00ed mismo, servir\u00e1 como veh\u00edculo de comunicaci\u00f3n de diferentes avances del planRead more","og_url":"https:\/\/www.turismoaguarda.es\/abierta-la-encuesta-para-aportar-opiniones-y-valoraciones-sobre-el-xeodestino-ria-de-vigo-e-baixo-mino\/","og_site_name":"Turismo A Guarda","article_publisher":"https:\/\/es-es.facebook.com\/Turismo-A-Guarda-126223240790625\/","article_published_time":"2019-05-03T09:14:10+00:00","og_image":[{"width":800,"height":1466,"url":"https:\/\/www.turismoaguarda.es\/wp-content\/uploads\/2019\/05\/NP-03052019-Aberta-a-enquisa-para-aportar-opini\u00f3ns-e-valoraci\u00f3ns-sobre-o-Xeodestino-R\u00eda-de-Vigo-e-Baixo-Mi\u00f1o-1.jpg","type":"image\/jpeg"}],"author":"Prensa A Guarda","twitter_card":"summary_large_image","twitter_creator":"@TurismoAGuarda","twitter_site":"@TurismoAGuarda","twitter_misc":{"Written by":"Prensa A Guarda","Est. reading time":"1 minute"},"schema":{"@context":"https:\/\/schema.org","@graph":[{"@type":"Article","@id":"https:\/\/www.turismoaguarda.es\/abierta-la-encuesta-para-aportar-opiniones-y-valoraciones-sobre-el-xeodestino-ria-de-vigo-e-baixo-mino\/#article","isPartOf":{"@id":"https:\/\/www.turismoaguarda.es\/abierta-la-encuesta-para-aportar-opiniones-y-valoraciones-sobre-el-xeodestino-ria-de-vigo-e-baixo-mino\/"},"author":{"name":"Prensa A Guarda","@id":"https:\/\/www.turismoaguarda.es\/#\/schema\/person\/a8b0c27ad7bcbb6c19799e934727508e"},"headline":"Abierta la encuesta para aportar opiniones y valoraciones sobre el \u00abXeodestino R\u00eda de Vigo e Baixo Mi\u00f1o\u00bb","datePublished":"2019-05-03T09:14:10+00:00","mainEntityOfPage":{"@id":"https:\/\/www.turismoaguarda.es\/abierta-la-encuesta-para-aportar-opiniones-y-valoraciones-sobre-el-xeodestino-ria-de-vigo-e-baixo-mino\/"},"wordCount":197,"commentCount":0,"image":{"@id":"https:\/\/www.turismoaguarda.es\/abierta-la-encuesta-para-aportar-opiniones-y-valoraciones-sobre-el-xeodestino-ria-de-vigo-e-baixo-mino\/#primaryimage"},"thumbnailUrl":"https:\/\/www.turismoaguarda.es\/wp-content\/uploads\/2019\/05\/NP-03052019-Aberta-a-enquisa-para-aportar-opini\u00f3ns-e-valoraci\u00f3ns-sobre-o-Xeodestino-R\u00eda-de-Vigo-e-Baixo-Mi\u00f1o-1.jpg","keywords":["A Guarda","Baixo Mi\u00f1o","geodestino","turismo"],"articleSection":["Noticias Turismo"],"inLanguage":"en-US","potentialAction":[{"@type":"CommentAction","name":"Comment","target":["https:\/\/www.turismoaguarda.es\/abierta-la-encuesta-para-aportar-opiniones-y-valoraciones-sobre-el-xeodestino-ria-de-vigo-e-baixo-mino\/#respond"]}]},{"@type":"WebPage","@id":"https:\/\/www.turismoaguarda.es\/abierta-la-encuesta-para-aportar-opiniones-y-valoraciones-sobre-el-xeodestino-ria-de-vigo-e-baixo-mino\/","url":"https:\/\/www.turismoaguarda.es\/abierta-la-encuesta-para-aportar-opiniones-y-valoraciones-sobre-el-xeodestino-ria-de-vigo-e-baixo-mino\/","name":"Abierta la encuesta para aportar opiniones y valoraciones sobre el \u00abXeodestino R\u00eda de Vigo e Baixo Mi\u00f1o\u00bb | Turismo A Guarda","isPartOf":{"@id":"https:\/\/www.turismoaguarda.es\/#website"},"primaryImageOfPage":{"@id":"https:\/\/www.turismoaguarda.es\/abierta-la-encuesta-para-aportar-opiniones-y-valoraciones-sobre-el-xeodestino-ria-de-vigo-e-baixo-mino\/#primaryimage"},"image":{"@id":"https:\/\/www.turismoaguarda.es\/abierta-la-encuesta-para-aportar-opiniones-y-valoraciones-sobre-el-xeodestino-ria-de-vigo-e-baixo-mino\/#primaryimage"},"thumbnailUrl":"https:\/\/www.turismoaguarda.es\/wp-content\/uploads\/2019\/05\/NP-03052019-Aberta-a-enquisa-para-aportar-opini\u00f3ns-e-valoraci\u00f3ns-sobre-o-Xeodestino-R\u00eda-de-Vigo-e-Baixo-Mi\u00f1o-1.jpg","datePublished":"2019-05-03T09:14:10+00:00","author":{"@id":"https:\/\/www.turismoaguarda.es\/#\/schema\/person\/a8b0c27ad7bcbb6c19799e934727508e"},"breadcrumb":{"@id":"https:\/\/www.turismoaguarda.es\/abierta-la-encuesta-para-aportar-opiniones-y-valoraciones-sobre-el-xeodestino-ria-de-vigo-e-baixo-mino\/#breadcrumb"},"inLanguage":"en-US","potentialAction":[{"@type":"ReadAction","target":["https:\/\/www.turismoaguarda.es\/abierta-la-encuesta-para-aportar-opiniones-y-valoraciones-sobre-el-xeodestino-ria-de-vigo-e-baixo-mino\/"]}]},{"@type":"ImageObject","inLanguage":"en-US","@id":"https:\/\/www.turismoaguarda.es\/abierta-la-encuesta-para-aportar-opiniones-y-valoraciones-sobre-el-xeodestino-ria-de-vigo-e-baixo-mino\/#primaryimage","url":"https:\/\/www.turismoaguarda.es\/wp-content\/uploads\/2019\/05\/NP-03052019-Aberta-a-enquisa-para-aportar-opini\u00f3ns-e-valoraci\u00f3ns-sobre-o-Xeodestino-R\u00eda-de-Vigo-e-Baixo-Mi\u00f1o-1.jpg","contentUrl":"https:\/\/www.turismoaguarda.es\/wp-content\/uploads\/2019\/05\/NP-03052019-Aberta-a-enquisa-para-aportar-opini\u00f3ns-e-valoraci\u00f3ns-sobre-o-Xeodestino-R\u00eda-de-Vigo-e-Baixo-Mi\u00f1o-1.jpg","width":800,"height":1466,"caption":"Toda persona, empresa o instituci\u00f3n con inter\u00e9s en el sector tur\u00edstico, puede participar accediendo al link http:\/\/estratexiaturismo.riadevigobaixomino.com\/."},{"@type":"BreadcrumbList","@id":"https:\/\/www.turismoaguarda.es\/abierta-la-encuesta-para-aportar-opiniones-y-valoraciones-sobre-el-xeodestino-ria-de-vigo-e-baixo-mino\/#breadcrumb","itemListElement":[{"@type":"ListItem","position":1,"name":"Portada","item":"https:\/\/www.turismoaguarda.es\/en\/"},{"@type":"ListItem","position":2,"name":"Abierta la encuesta para aportar opiniones y valoraciones sobre el \u00abXeodestino R\u00eda de Vigo e Baixo Mi\u00f1o\u00bb"}]},{"@type":"WebSite","@id":"https:\/\/www.turismoaguarda.es\/#website","url":"https:\/\/www.turismoaguarda.es\/","name":"Turismo A Guarda","description":"Informaci\u00f3n tur\u00edstica de A Guarda y alrededores.","potentialAction":[{"@type":"SearchAction","target":{"@type":"EntryPoint","urlTemplate":"https:\/\/www.turismoaguarda.es\/?s={search_term_string}"},"query-input":{"@type":"PropertyValueSpecification","valueRequired":true,"valueName":"search_term_string"}}],"inLanguage":"en-US"},{"@type":"Person","@id":"https:\/\/www.turismoaguarda.es\/#\/schema\/person\/a8b0c27ad7bcbb6c19799e934727508e","name":"Prensa A Guarda","image":{"@type":"ImageObject","inLanguage":"en-US","@id":"https:\/\/secure.gravatar.com\/avatar\/387e117f874ba5d0a3439060b45d914395d77287b2e4890a49d1599fc3ef9189?s=96&d=mm&r=g","url":"https:\/\/secure.gravatar.com\/avatar\/387e117f874ba5d0a3439060b45d914395d77287b2e4890a49d1599fc3ef9189?s=96&d=mm&r=g","contentUrl":"https:\/\/secure.gravatar.com\/avatar\/387e117f874ba5d0a3439060b45d914395d77287b2e4890a49d1599fc3ef9189?s=96&d=mm&r=g","caption":"Prensa A Guarda"},"url":"https:\/\/www.turismoaguarda.es\/en\/author\/prensa\/"}]}},"_links":{"self":[{"href":"https:\/\/www.turismoaguarda.es\/en\/wp-json\/wp\/v2\/posts\/10313","targetHints":{"allow":["GET"]}}],"collection":[{"href":"https:\/\/www.turismoaguarda.es\/en\/wp-json\/wp\/v2\/posts"}],"about":[{"href":"https:\/\/www.turismoaguarda.es\/en\/wp-json\/wp\/v2\/types\/post"}],"author":[{"embeddable":true,"href":"https:\/\/www.turismoaguarda.es\/en\/wp-json\/wp\/v2\/users\/11"}],"replies":[{"embeddable":true,"href":"https:\/\/www.turismoaguarda.es\/en\/wp-json\/wp\/v2\/comments?post=10313"}],"version-history":[{"count":1,"href":"https:\/\/www.turismoaguarda.es\/en\/wp-json\/wp\/v2\/posts\/10313\/revisions"}],"predecessor-version":[{"id":10317,"href":"https:\/\/www.turismoaguarda.es\/en\/wp-json\/wp\/v2\/posts\/10313\/revisions\/10317"}],"wp:featuredmedia":[{"embeddable":true,"href":"https:\/\/www.turismoaguarda.es\/en\/wp-json\/wp\/v2\/media\/10314"}],"wp:attachment":[{"href":"https:\/\/www.turismoaguarda.es\/en\/wp-json\/wp\/v2\/media?parent=10313"}],"wp:term":[{"taxonomy":"category","embeddable":true,"href":"https:\/\/www.turismoaguarda.es\/en\/wp-json\/wp\/v2\/categories?post=10313"},{"taxonomy":"post_tag","embeddable":true,"href":"https:\/\/www.turismoaguarda.es\/en\/wp-json\/wp\/v2\/tags?post=10313"}],"curies":[{"name":"wp","href":"https:\/\/api.w.org\/{rel}","templated":true}]}}